{"id":10142,"date":"2022-02-28T22:21:28","date_gmt":"2022-02-28T21:21:28","guid":{"rendered":"http:\/\/lfv-oberholz.de\/cms\/?p=10142"},"modified":"2022-03-08T16:31:13","modified_gmt":"2022-03-08T15:31:13","slug":"13-wintermarathon-am-26-februar","status":"publish","type":"post","link":"https:\/\/lfv-oberholz.de\/cms\/13-wintermarathon-am-26-februar\/","title":{"rendered":"13. Wintermarathon am 26. Februar"},"content":{"rendered":"<p>Eigendlich mitte Januar angesetzt und wegen Corona verschoben, konnte der Leipziger Wintermarathon am vergangenen Wochenende nun doch stattfinden. Christine &#8222;Chris&#8220; Timmler und Manfred Thomas suchten sich jeweils Mitstreiter in ihrem L\u00e4uferumfeld bzw. \u00fcber die Teamb\u00f6rse. Beide Teams bestritten den kompletten Marathon und erreichten nachstehnede Resultate:<\/p>\n<p>Team &#8222;Die Schlammspringer&#8220; 4:02:16 h, 5. Platz ges. M\u00e4nner, 1. Platz \u00dc 150<br \/>\nManfred Thomas, Ulf Biermann, Albrecht Bloster<\/p>\n<p>Team &#8222;Kenias letzte Reserve&#8220; 4:42:45 h, 7. Platz mix<br \/>\nBianca Rosenburg, Chris Timmler, Sebastian M\u00f6rig<\/p>\n<p>GRATULATION<\/p>\n","protected":false},"excerpt":{"rendered":"<p>Eigendlich mitte Januar angesetzt und wegen Corona verschoben, konnte der Leipziger Wintermarathon am vergangenen Wochenende nun doch stattfinden. Christine &#8222;Chris&#8220; Timmler und Manfred Thomas suchten sich jeweils Mitstreiter in ihrem L\u00e4uferumfeld bzw. \u00fcber die Teamb\u00f6rse. Beide Teams bestritten den kompletten &hellip; <a href=\"https:\/\/lfv-oberholz.de\/cms\/13-wintermarathon-am-26-februar\/\">Weiterlesen <span class=\"meta-nav\">&rarr;<\/span><\/a><\/p>\n","protected":false},"author":8,"featured_media":0,"comment_status":"closed","ping_status":"closed","sticky":false,"template":"","format":"standard","meta":{"pgc_sgb_lightbox_settings":"","footnotes":""},"categories":[5],"tags":[],"class_list":["post-10142","post","type-post","status-publish","format-standard","hentry","category-leichtathletik"],"_links":{"self":[{"href":"https:\/\/lfv-oberholz.de\/cms\/wp-json\/wp\/v2\/posts\/10142","targetHints":{"allow":["GET"]}}],"collection":[{"href":"https:\/\/lfv-oberholz.de\/cms\/wp-json\/wp\/v2\/posts"}],"about":[{"href":"https:\/\/lfv-oberholz.de\/cms\/wp-json\/wp\/v2\/types\/post"}],"author":[{"embeddable":true,"href":"https:\/\/lfv-oberholz.de\/cms\/wp-json\/wp\/v2\/users\/8"}],"replies":[{"embeddable":true,"href":"https:\/\/lfv-oberholz.de\/cms\/wp-json\/wp\/v2\/comments?post=10142"}],"version-history":[{"count":0,"href":"https:\/\/lfv-oberholz.de\/cms\/wp-json\/wp\/v2\/posts\/10142\/revisions"}],"wp:attachment":[{"href":"https:\/\/lfv-oberholz.de\/cms\/wp-json\/wp\/v2\/media?parent=10142"}],"wp:term":[{"taxonomy":"category","embeddable":true,"href":"https:\/\/lfv-oberholz.de\/cms\/wp-json\/wp\/v2\/categories?post=10142"},{"taxonomy":"post_tag","embeddable":true,"href":"https:\/\/lfv-oberholz.de\/cms\/wp-json\/wp\/v2\/tags?post=10142"}],"curies":[{"name":"wp","href":"https:\/\/api.w.org\/{rel}","templated":true}]}}