{"id":10922,"date":"2022-07-04T13:31:19","date_gmt":"2022-07-04T11:31:19","guid":{"rendered":"http:\/\/lfv-oberholz.de\/cms\/?p=10922"},"modified":"2022-07-04T14:54:07","modified_gmt":"2022-07-04T12:54:07","slug":"geiseltal-hasse-see-triathlon-am-3-juli-in-braunsbedra","status":"publish","type":"post","link":"https:\/\/lfv-oberholz.de\/cms\/geiseltal-hasse-see-triathlon-am-3-juli-in-braunsbedra\/","title":{"rendered":"Geiseltal-Hasse-See.Triathlon am 3. Juli in Braunsbedra"},"content":{"rendered":"<p><a href=\"https:\/\/lfv-oberholz.de\/cms\/wp-content\/uploads\/IMG-20220703-WA0021.jpg\"><img loading=\"lazy\" decoding=\"async\" class=\"alignleft wp-image-10927 \" src=\"https:\/\/lfv-oberholz.de\/cms\/wp-content\/uploads\/IMG-20220703-WA0021-300x168.jpg\" alt=\"IMG-20220703-WA0021\" width=\"179\" height=\"100\" srcset=\"https:\/\/lfv-oberholz.de\/cms\/wp-content\/uploads\/IMG-20220703-WA0021-300x168.jpg 300w, https:\/\/lfv-oberholz.de\/cms\/wp-content\/uploads\/IMG-20220703-WA0021-1024x576.jpg 1024w, https:\/\/lfv-oberholz.de\/cms\/wp-content\/uploads\/IMG-20220703-WA0021.jpg 2048w\" sizes=\"auto, (max-width: 179px) 100vw, 179px\" \/><\/a><a href=\"https:\/\/lfv-oberholz.de\/cms\/wp-content\/uploads\/FB_IMG_1656869536286.jpg\"><img loading=\"lazy\" decoding=\"async\" class=\"wp-image-10931  alignright\" src=\"https:\/\/lfv-oberholz.de\/cms\/wp-content\/uploads\/FB_IMG_1656869536286-300x300.jpg\" alt=\"FB_IMG_1656869536286\" width=\"100\" height=\"100\" srcset=\"https:\/\/lfv-oberholz.de\/cms\/wp-content\/uploads\/FB_IMG_1656869536286-300x300.jpg 300w, https:\/\/lfv-oberholz.de\/cms\/wp-content\/uploads\/FB_IMG_1656869536286-150x150.jpg 150w, https:\/\/lfv-oberholz.de\/cms\/wp-content\/uploads\/FB_IMG_1656869536286-1024x1024.jpg 1024w, https:\/\/lfv-oberholz.de\/cms\/wp-content\/uploads\/FB_IMG_1656869536286.jpg 1080w\" sizes=\"auto, (max-width: 100px) 100vw, 100px\" \/><\/a>Mehrere Oberholzer am Start und Marc Werner holt sich den zweitem Platz beim Lizenztriathlon.<\/p>\n<p>&nbsp;<\/p>\n<p>&nbsp;<\/p>\n<p>&#8211; von Olaf Uebersch\u00e4er &#8211;<\/p>\n<p>Marlene siegt beim Jedermann beim 16. Geiseltal-Triathlon. Ich w\u00fcrde sagen, Umschulung zur Triathletin sehr erfolgreich abgeschlossen! &#8222;Der Trainer&#8220; ;-), meine Wenigkeit, kommt im Lizenzwettkampf auf Platz 6 hinter dem \u00fcberlegenen Sieger Christian Kramer (SW Merseburg), Marc Werner, Kollegen Frank Trommer (USC Magdeburg), Frank Schr\u00e4pel (tramago) Gernot Poerner (SW Merseburg) an. Bei den Frauen siegt hier Jana vor Doreen und Laura.<br \/>\nGing zwar alles schon mal schneller bei mir, aber ich habe jetzt den Spa\u00df am Tria-Racen so richtig wiederentdeckt &#8211; Fortsetzung von uns folgt also defintiv bald!<br \/>\nBesten Dank an den TC Merseburg f\u00fcr den tollen Wettkampf und das Tria-Urgestein Aandi Clau\u00df f\u00fcr die motivierendste Tria-Moderation \u00fcberhaupt!<\/p>\n<p>&#8211; von Henri Leuschner &#8211;<\/p>\n<p>Ich war heute selbst <!--more-->mit am Start beim Triathlon in Braunsbedra. Sch\u00f6n, viele vom LFV Oberholz getroffen zu haben. Gl\u00fcckwunsch an euch Marc, Olaf, Marlene und alle anderen die sich der Herausforderung bei der Hitze gestellt haben, spitze gemacht.<br \/>\nVorher war ein kurzer Zwischenstop in Taucha eingeplant, um da auch ein paar Flyer vom TNT Triathlon zu hinterlegen. Auch sehr sch\u00f6n dort war dann ein anderer Teil der LFV-Sportfamilie beim Sparkassen Swim and Run. Auch hier war wieder alles top organisiert.<\/p>\n<p><a href=\"https:\/\/lfv-oberholz.de\/cms\/wp-content\/uploads\/FB_IMG_1656869463381.jpg\"><img loading=\"lazy\" decoding=\"async\" class=\"alignnone wp-image-10928\" src=\"https:\/\/lfv-oberholz.de\/cms\/wp-content\/uploads\/FB_IMG_1656869463381-300x300.jpg\" alt=\"FB_IMG_1656869463381\" width=\"150\" height=\"150\" srcset=\"https:\/\/lfv-oberholz.de\/cms\/wp-content\/uploads\/FB_IMG_1656869463381-300x300.jpg 300w, https:\/\/lfv-oberholz.de\/cms\/wp-content\/uploads\/FB_IMG_1656869463381-150x150.jpg 150w, https:\/\/lfv-oberholz.de\/cms\/wp-content\/uploads\/FB_IMG_1656869463381-1024x1024.jpg 1024w, https:\/\/lfv-oberholz.de\/cms\/wp-content\/uploads\/FB_IMG_1656869463381.jpg 1080w\" sizes=\"auto, (max-width: 150px) 100vw, 150px\" \/><\/a> <a href=\"https:\/\/lfv-oberholz.de\/cms\/wp-content\/uploads\/FB_IMG_1656869491239.jpg\"><img loading=\"lazy\" decoding=\"async\" class=\"alignnone wp-image-10930\" src=\"https:\/\/lfv-oberholz.de\/cms\/wp-content\/uploads\/FB_IMG_1656869491239-300x300.jpg\" alt=\"FB_IMG_1656869491239\" width=\"150\" height=\"150\" srcset=\"https:\/\/lfv-oberholz.de\/cms\/wp-content\/uploads\/FB_IMG_1656869491239-300x300.jpg 300w, https:\/\/lfv-oberholz.de\/cms\/wp-content\/uploads\/FB_IMG_1656869491239-150x150.jpg 150w, https:\/\/lfv-oberholz.de\/cms\/wp-content\/uploads\/FB_IMG_1656869491239-1024x1024.jpg 1024w, https:\/\/lfv-oberholz.de\/cms\/wp-content\/uploads\/FB_IMG_1656869491239.jpg 1080w\" sizes=\"auto, (max-width: 150px) 100vw, 150px\" \/><\/a> <a href=\"https:\/\/lfv-oberholz.de\/cms\/wp-content\/uploads\/FB_IMG_1656869469998.jpg\"><img loading=\"lazy\" decoding=\"async\" class=\"alignnone wp-image-10929\" src=\"https:\/\/lfv-oberholz.de\/cms\/wp-content\/uploads\/FB_IMG_1656869469998-300x300.jpg\" alt=\"FB_IMG_1656869469998\" width=\"150\" height=\"150\" srcset=\"https:\/\/lfv-oberholz.de\/cms\/wp-content\/uploads\/FB_IMG_1656869469998-300x300.jpg 300w, https:\/\/lfv-oberholz.de\/cms\/wp-content\/uploads\/FB_IMG_1656869469998-150x150.jpg 150w, https:\/\/lfv-oberholz.de\/cms\/wp-content\/uploads\/FB_IMG_1656869469998-1024x1024.jpg 1024w, https:\/\/lfv-oberholz.de\/cms\/wp-content\/uploads\/FB_IMG_1656869469998.jpg 1080w\" sizes=\"auto, (max-width: 150px) 100vw, 150px\" \/><\/a> <a href=\"https:\/\/lfv-oberholz.de\/cms\/wp-content\/uploads\/FB_IMG_1656869820589.jpg\"><img loading=\"lazy\" decoding=\"async\" class=\"alignnone wp-image-10932\" src=\"https:\/\/lfv-oberholz.de\/cms\/wp-content\/uploads\/FB_IMG_1656869820589-300x300.jpg\" alt=\"FB_IMG_1656869820589\" width=\"150\" height=\"150\" srcset=\"https:\/\/lfv-oberholz.de\/cms\/wp-content\/uploads\/FB_IMG_1656869820589-300x300.jpg 300w, https:\/\/lfv-oberholz.de\/cms\/wp-content\/uploads\/FB_IMG_1656869820589-150x150.jpg 150w, https:\/\/lfv-oberholz.de\/cms\/wp-content\/uploads\/FB_IMG_1656869820589-1024x1024.jpg 1024w, https:\/\/lfv-oberholz.de\/cms\/wp-content\/uploads\/FB_IMG_1656869820589.jpg 1080w\" sizes=\"auto, (max-width: 150px) 100vw, 150px\" \/><\/a><\/p>\n<p>&#8211; Redaktion &#8211;<\/p>\n<p>Die Ergebnisse im Detail:<\/p>\n<p>Hauptwettkampf \/ Lizenztriathleten<br \/>\n1:13:11 h, Marc Werner, 2. Platz gesamt, 1. Platz M45<br \/>\n1:15:28 h, Olaf Uebersch\u00e4r, 6. Platz ges., 2. Platz M35<\/p>\n<p>Jedermann<br \/>\n1:23:14 h, Henri Leuschner, 7. Platz ges., 1. Platz M45<br \/>\n1:33:39 h, Gerrit Ryborz, 33. Platz ges. m, 4. Platz M50<\/p>\n","protected":false},"excerpt":{"rendered":"<p>Mehrere Oberholzer am Start und Marc Werner holt sich den zweitem Platz beim Lizenztriathlon. &nbsp; &nbsp; &#8211; von Olaf Uebersch\u00e4er &#8211; Marlene siegt beim Jedermann beim 16. Geiseltal-Triathlon. Ich w\u00fcrde sagen, Umschulung zur Triathletin sehr erfolgreich abgeschlossen! &#8222;Der Trainer&#8220; ;-), &hellip; <a href=\"https:\/\/lfv-oberholz.de\/cms\/geiseltal-hasse-see-triathlon-am-3-juli-in-braunsbedra\/\">Weiterlesen <span class=\"meta-nav\">&rarr;<\/span><\/a><\/p>\n","protected":false},"author":8,"featured_media":0,"comment_status":"closed","ping_status":"closed","sticky":false,"template":"","format":"standard","meta":{"pgc_sgb_lightbox_settings":"","footnotes":""},"categories":[1],"tags":[],"class_list":["post-10922","post","type-post","status-publish","format-standard","hentry","category-allgemein"],"_links":{"self":[{"href":"https:\/\/lfv-oberholz.de\/cms\/wp-json\/wp\/v2\/posts\/10922","targetHints":{"allow":["GET"]}}],"collection":[{"href":"https:\/\/lfv-oberholz.de\/cms\/wp-json\/wp\/v2\/posts"}],"about":[{"href":"https:\/\/lfv-oberholz.de\/cms\/wp-json\/wp\/v2\/types\/post"}],"author":[{"embeddable":true,"href":"https:\/\/lfv-oberholz.de\/cms\/wp-json\/wp\/v2\/users\/8"}],"replies":[{"embeddable":true,"href":"https:\/\/lfv-oberholz.de\/cms\/wp-json\/wp\/v2\/comments?post=10922"}],"version-history":[{"count":0,"href":"https:\/\/lfv-oberholz.de\/cms\/wp-json\/wp\/v2\/posts\/10922\/revisions"}],"wp:attachment":[{"href":"https:\/\/lfv-oberholz.de\/cms\/wp-json\/wp\/v2\/media?parent=10922"}],"wp:term":[{"taxonomy":"category","embeddable":true,"href":"https:\/\/lfv-oberholz.de\/cms\/wp-json\/wp\/v2\/categories?post=10922"},{"taxonomy":"post_tag","embeddable":true,"href":"https:\/\/lfv-oberholz.de\/cms\/wp-json\/wp\/v2\/tags?post=10922"}],"curies":[{"name":"wp","href":"https:\/\/api.w.org\/{rel}","templated":true}]}}