{"id":1134,"date":"2016-01-18T22:15:15","date_gmt":"2016-01-18T21:15:15","guid":{"rendered":"http:\/\/lfv-oberholz.de\/cms\/?p=1134"},"modified":"2016-01-18T22:17:02","modified_gmt":"2016-01-18T21:17:02","slug":"ski-ausflug-ins-erzegbirge","status":"publish","type":"post","link":"https:\/\/lfv-oberholz.de\/cms\/ski-ausflug-ins-erzegbirge\/","title":{"rendered":"Ski-Ausflug ins Erzgebirge"},"content":{"rendered":"<p>Zum ersten Mal die Skier an den F\u00fc\u00dfen!<\/p>\n<p>Am Samstag fuhren J\u00f6rg (Bauer), Isabel und Anja (Miersch), meine Mama (Regina), Stefan (Blessing) und ich nach Seiffen ins Erzgebirge. Dort haben wir uns mit Carolin (Miersch) und ihrem Freund Lars getroffen, die extra aus Dresden gekommen waren.<\/p>\n<p><a href=\"https:\/\/lfv-oberholz.de\/cms\/wp-content\/uploads\/IMG_0026_s.jpg\"><img loading=\"lazy\" decoding=\"async\" class=\"alignleft wp-image-1140 size-medium\" src=\"https:\/\/lfv-oberholz.de\/cms\/wp-content\/uploads\/IMG_0026_s-300x200.jpg\" alt=\"IMG_0026_s\" width=\"300\" height=\"200\" srcset=\"https:\/\/lfv-oberholz.de\/cms\/wp-content\/uploads\/IMG_0026_s-300x200.jpg 300w, https:\/\/lfv-oberholz.de\/cms\/wp-content\/uploads\/IMG_0026_s.jpg 1000w\" sizes=\"auto, (max-width: 300px) 100vw, 300px\" \/><\/a><\/p>\n<p>Ich war ganz aufgeregt, weil ich noch nie Ski gefahren war. Durch Nebel und ganz komische Stra\u00dfen sind wir nach Seiffen gefahren. Wir schnallten uns die Skier an die F\u00fc\u00dfe und dann ging es los. Es war etwas rutschig aber nicht so schlimm wie ich gedacht habe. Wir sind viele H\u00fcgel rauf und runter gefahren, die gro\u00dfe Runde hat mir am meisten Spa\u00df gemacht.<\/p>\n<p><!--more--><\/p>\n<p><a href=\"https:\/\/lfv-oberholz.de\/cms\/wp-content\/uploads\/IMG-20160116_s.jpg\"><img loading=\"lazy\" decoding=\"async\" class=\"alignnone wp-image-1145 size-medium\" src=\"https:\/\/lfv-oberholz.de\/cms\/wp-content\/uploads\/IMG-20160116_s-300x168.jpg\" alt=\"IMG-20160116_s\" width=\"300\" height=\"168\" srcset=\"https:\/\/lfv-oberholz.de\/cms\/wp-content\/uploads\/IMG-20160116_s-300x168.jpg 300w, https:\/\/lfv-oberholz.de\/cms\/wp-content\/uploads\/IMG-20160116_s.jpg 1000w\" sizes=\"auto, (max-width: 300px) 100vw, 300px\" \/><\/a> <a href=\"https:\/\/lfv-oberholz.de\/cms\/wp-content\/uploads\/IMG-20160117_s.jpg\"><img loading=\"lazy\" decoding=\"async\" class=\"alignnone wp-image-1146 size-medium\" src=\"https:\/\/lfv-oberholz.de\/cms\/wp-content\/uploads\/IMG-20160117_s-300x168.jpg\" alt=\"IMG-20160117_s\" width=\"300\" height=\"168\" srcset=\"https:\/\/lfv-oberholz.de\/cms\/wp-content\/uploads\/IMG-20160117_s-300x168.jpg 300w, https:\/\/lfv-oberholz.de\/cms\/wp-content\/uploads\/IMG-20160117_s.jpg 1000w\" sizes=\"auto, (max-width: 300px) 100vw, 300px\" \/><\/a><\/p>\n<p>&nbsp;<\/p>\n<p>Manchmal bin ich hingefallen, deshalb haben wir dann am Mittag in der Sonne auch Techniktraining gemacht. Das war anstrengend!<\/p>\n<p><a href=\"https:\/\/lfv-oberholz.de\/cms\/wp-content\/uploads\/IMAG3171_s.jpg\"><img loading=\"lazy\" decoding=\"async\" class=\"alignnone wp-image-1143 size-medium\" src=\"https:\/\/lfv-oberholz.de\/cms\/wp-content\/uploads\/IMAG3171_s-300x168.jpg\" alt=\"IMAG3171_s\" width=\"300\" height=\"168\" srcset=\"https:\/\/lfv-oberholz.de\/cms\/wp-content\/uploads\/IMAG3171_s-300x168.jpg 300w, https:\/\/lfv-oberholz.de\/cms\/wp-content\/uploads\/IMAG3171_s.jpg 1000w\" sizes=\"auto, (max-width: 300px) 100vw, 300px\" \/><\/a><\/p>\n<p>Kurz danach war endlich Pause, es gab hei\u00dfe Schokolade im Imbiss der Sportwelt Preu\u00dfler und Leckereien aus unseren Futterkisten.<\/p>\n<p><a href=\"https:\/\/lfv-oberholz.de\/cms\/wp-content\/uploads\/IMAG3177_s.jpg\"><img loading=\"lazy\" decoding=\"async\" class=\"alignnone wp-image-1144 size-medium\" src=\"https:\/\/lfv-oberholz.de\/cms\/wp-content\/uploads\/IMAG3177_s-300x168.jpg\" alt=\"IMAG3177_s\" width=\"300\" height=\"168\" srcset=\"https:\/\/lfv-oberholz.de\/cms\/wp-content\/uploads\/IMAG3177_s-300x168.jpg 300w, https:\/\/lfv-oberholz.de\/cms\/wp-content\/uploads\/IMAG3177_s.jpg 1000w\" sizes=\"auto, (max-width: 300px) 100vw, 300px\" \/><\/a><\/p>\n<p>Kurz vor Schluss haben wir dann am Abfahrts-Trainings-H\u00fcgel noch &#8222;Schneepflug&#8220; ge\u00fcbt.<\/p>\n<p>Weil wir den Schlitten eingepackt hatten, konnten wir dann auch noch rodeln. Mit Mama bin ich von ganz oben gerodelt. Das war super!<\/p>\n<p><a href=\"https:\/\/lfv-oberholz.de\/cms\/wp-content\/uploads\/IMG_0020_s.jpg\"><img loading=\"lazy\" decoding=\"async\" class=\"alignnone wp-image-1139 size-medium\" src=\"https:\/\/lfv-oberholz.de\/cms\/wp-content\/uploads\/IMG_0020_s-300x200.jpg\" alt=\"IMG_0020_s\" width=\"300\" height=\"200\" srcset=\"https:\/\/lfv-oberholz.de\/cms\/wp-content\/uploads\/IMG_0020_s-300x200.jpg 300w, https:\/\/lfv-oberholz.de\/cms\/wp-content\/uploads\/IMG_0020_s.jpg 1000w\" sizes=\"auto, (max-width: 300px) 100vw, 300px\" \/><\/a><\/p>\n<p>Als es dunkel wurde sind wir wieder nach Hause gefahren. Ich war ganz sch\u00f6n k.o.!<\/p>\n<p>(J\u00f6rg nicht, der ist noch extra Runden gefahren.)<\/p>\n<p><a href=\"https:\/\/lfv-oberholz.de\/cms\/wp-content\/uploads\/IMG_0013_s.jpg\"><img loading=\"lazy\" decoding=\"async\" class=\"alignnone size-medium wp-image-1138\" src=\"https:\/\/lfv-oberholz.de\/cms\/wp-content\/uploads\/IMG_0013_s-300x200.jpg\" alt=\"IMG_0013_s\" width=\"300\" height=\"200\" srcset=\"https:\/\/lfv-oberholz.de\/cms\/wp-content\/uploads\/IMG_0013_s-300x200.jpg 300w, https:\/\/lfv-oberholz.de\/cms\/wp-content\/uploads\/IMG_0013_s.jpg 1000w\" sizes=\"auto, (max-width: 300px) 100vw, 300px\" \/><\/a><\/p>\n<p>Trotzdem hat es mir sehr viel Spa\u00df gemacht, hoffentlich machen wir das bald wieder!<\/p>\n<p>Bis bald im Schnee!<\/p>\n<p>Liebe Gr\u00fc\u00dfe, eure Tara (Liedtke)<\/p>\n<p><a href=\"https:\/\/lfv-oberholz.de\/cms\/wp-content\/uploads\/IMAG3155_s.jpg\"><img loading=\"lazy\" decoding=\"async\" class=\"alignnone wp-image-1141 size-medium\" src=\"https:\/\/lfv-oberholz.de\/cms\/wp-content\/uploads\/IMAG3155_s-300x168.jpg\" alt=\"IMAG3155_s\" width=\"300\" height=\"168\" srcset=\"https:\/\/lfv-oberholz.de\/cms\/wp-content\/uploads\/IMAG3155_s-300x168.jpg 300w, https:\/\/lfv-oberholz.de\/cms\/wp-content\/uploads\/IMAG3155_s.jpg 1000w\" sizes=\"auto, (max-width: 300px) 100vw, 300px\" \/><\/a><\/p>\n","protected":false},"excerpt":{"rendered":"<p>Zum ersten Mal die Skier an den F\u00fc\u00dfen! Am Samstag fuhren J\u00f6rg (Bauer), Isabel und Anja (Miersch), meine Mama (Regina), Stefan (Blessing) und ich nach Seiffen ins Erzgebirge. Dort haben wir uns mit Carolin (Miersch) und ihrem Freund Lars getroffen, &hellip; <a href=\"https:\/\/lfv-oberholz.de\/cms\/ski-ausflug-ins-erzegbirge\/\">Weiterlesen <span class=\"meta-nav\">&rarr;<\/span><\/a><\/p>\n","protected":false},"author":8,"featured_media":0,"comment_status":"closed","ping_status":"closed","sticky":false,"template":"","format":"standard","meta":{"pgc_sgb_lightbox_settings":"","footnotes":""},"categories":[1,8],"tags":[],"class_list":["post-1134","post","type-post","status-publish","format-standard","hentry","category-allgemein","category-skilanglauf"],"_links":{"self":[{"href":"https:\/\/lfv-oberholz.de\/cms\/wp-json\/wp\/v2\/posts\/1134","targetHints":{"allow":["GET"]}}],"collection":[{"href":"https:\/\/lfv-oberholz.de\/cms\/wp-json\/wp\/v2\/posts"}],"about":[{"href":"https:\/\/lfv-oberholz.de\/cms\/wp-json\/wp\/v2\/types\/post"}],"author":[{"embeddable":true,"href":"https:\/\/lfv-oberholz.de\/cms\/wp-json\/wp\/v2\/users\/8"}],"replies":[{"embeddable":true,"href":"https:\/\/lfv-oberholz.de\/cms\/wp-json\/wp\/v2\/comments?post=1134"}],"version-history":[{"count":0,"href":"https:\/\/lfv-oberholz.de\/cms\/wp-json\/wp\/v2\/posts\/1134\/revisions"}],"wp:attachment":[{"href":"https:\/\/lfv-oberholz.de\/cms\/wp-json\/wp\/v2\/media?parent=1134"}],"wp:term":[{"taxonomy":"category","embeddable":true,"href":"https:\/\/lfv-oberholz.de\/cms\/wp-json\/wp\/v2\/categories?post=1134"},{"taxonomy":"post_tag","embeddable":true,"href":"https:\/\/lfv-oberholz.de\/cms\/wp-json\/wp\/v2\/tags?post=1134"}],"curies":[{"name":"wp","href":"https:\/\/api.w.org\/{rel}","templated":true}]}}