{"id":1154,"date":"2016-01-21T14:00:56","date_gmt":"2016-01-21T13:00:56","guid":{"rendered":"http:\/\/lfv-oberholz.de\/cms\/?p=1154"},"modified":"2016-02-01T22:16:56","modified_gmt":"2016-02-01T21:16:56","slug":"lfv-oberholz-team-siegt-erneut-beim-7-wintermarathon","status":"publish","type":"post","link":"https:\/\/lfv-oberholz.de\/cms\/lfv-oberholz-team-siegt-erneut-beim-7-wintermarathon\/","title":{"rendered":"LFV-Oberholz-Team siegt erneut beim 7. Wintermarathon"},"content":{"rendered":"<p>&#8211; von Kathrin Bogen &#8211;<\/p>\n<p style=\"text-align: justify;\">Am Samstag, den 16.01.2016 galt es im Clara-Zetkin-Park den Mara<a href=\"https:\/\/lfv-oberholz.de\/cms\/wp-content\/uploads\/3N9A0521_k.jpg\"><img loading=\"lazy\" decoding=\"async\" class=\"alignright wp-image-1167\" src=\"https:\/\/lfv-oberholz.de\/cms\/wp-content\/uploads\/3N9A0521_k-300x200.jpg\" alt=\"3N9A0521_k\" width=\"287\" height=\"191\" srcset=\"https:\/\/lfv-oberholz.de\/cms\/wp-content\/uploads\/3N9A0521_k-300x200.jpg 300w, https:\/\/lfv-oberholz.de\/cms\/wp-content\/uploads\/3N9A0521_k.jpg 1000w\" sizes=\"auto, (max-width: 287px) 100vw, 287px\" \/><\/a>thon mit 8 Runden a 5 km und der abschlie\u00dfende Ehrenrunde von 2.195 m gemeinsam zu absolvieren.<br \/>\nEs starteten 83 Teams mit jeweils 3 Personen. F\u00fcr die Wertung z\u00e4hlt der jeweils letzte L\u00e4ufer vom Team.<br \/>\nKathrin und Gregor Bogen waren mit Marc Werner f\u00fcr den LFV Oberholz zum 7. Wintermarathon gemeldet. Da Marc verletzungsbedingt absagen musste, sprang kurzfristig Stefan Elbinger ein.<!--more--><br \/>\nBei Temperaturen um den Gefrierpunkt sollten einige Pf\u00fctzen umlaufen werden, um keine kalten F\u00fc\u00dfe zu bekommen. Nat\u00fcrlich durften auch die legend\u00e4ren schlammigen Passagen nicht fehlen.<br \/>\nMit einem Tempo um die 4:30 Minuten je Kilometer lagen wir zur Halbzeit auf Platz 5 gesamt und hatten zum zweiten MIX-Team einen Vorsprung von ca. 15 min.<br \/>\nEntspannt haben wir in jeder Runde mit Laufpause die gute Verpflegung genossen und konnten gut gest\u00e4rkt auf Platz 3 der Gesamtwertung vor laufen und die MIX-Wertung in 3:14,41 Stunden mit unserem Team \u201eTriathlon Wintertraining\u201c deutlich gewinnen. <a href=\"https:\/\/lfv-oberholz.de\/cms\/wp-content\/uploads\/3N9A1458_k.jpg\"><img loading=\"lazy\" decoding=\"async\" class=\"alignnone wp-image-1169 size-medium\" src=\"https:\/\/lfv-oberholz.de\/cms\/wp-content\/uploads\/3N9A1458_k-300x200.jpg\" alt=\"3N9A1458_k\" width=\"300\" height=\"200\" srcset=\"https:\/\/lfv-oberholz.de\/cms\/wp-content\/uploads\/3N9A1458_k-300x200.jpg 300w, https:\/\/lfv-oberholz.de\/cms\/wp-content\/uploads\/3N9A1458_k.jpg 1000w\" sizes=\"auto, (max-width: 300px) 100vw, 300px\" \/><\/a><br \/>\nAm schnellsten absolvierte \u201eStirb langsam\u201c mit Andr\u00e9 Fischer, Marc Schulze und Tobias Henkel die klassische Marathondistanz. Mit 2:49,28 Stunden verfehlten sie den Streckenrekord nur um rund drei Minuten. Die Frauenwertung entschieden die \u201eTARtrinetten\u201c Katja von der Burg, Nicole Friedrich und Yvonne Lehnert in 3:43,27 f\u00fcr sich.<br \/>\nEin sehr sch\u00f6ner und liebevoll von der LG eXa organisierter Wettkampf. Vielen Dank auch an die vielen flei\u00dfigen Helfer, welche frierend f\u00fcr einen reibungslosen Ablauf sorgten. Wir Sportler konnten uns nach einer tollen Massage in der Sauna der AOK gut erw\u00e4rmen, gegen eine Spende selbstgebackenen Kuchen genie\u00dfen und au\u00dferdem erhielt jedes Team eine Torte.<\/p>\n<p>Ergebnisse mit LFV-Teilnehmern:<\/p>\n<p style=\"text-align: justify;\">3:14:41 h, 3. Platz gesamt, 1. Platz mix<br \/>\nTeam \u201eTria Wintertraining\u201c<br \/>\nmit Kathrin &amp; Gregor Bogen, Stefan Elbinger<br \/>\n<a href=\"https:\/\/lfv-oberholz.de\/cms\/wp-content\/uploads\/3N9A1118_k1.jpg\"><img loading=\"lazy\" decoding=\"async\" class=\"alignnone wp-image-1172 size-medium\" src=\"https:\/\/lfv-oberholz.de\/cms\/wp-content\/uploads\/3N9A1118_k1-300x200.jpg\" alt=\"3N9A1118_k\" width=\"300\" height=\"200\" srcset=\"https:\/\/lfv-oberholz.de\/cms\/wp-content\/uploads\/3N9A1118_k1-300x200.jpg 300w, https:\/\/lfv-oberholz.de\/cms\/wp-content\/uploads\/3N9A1118_k1.jpg 1000w\" sizes=\"auto, (max-width: 300px) 100vw, 300px\" \/><\/a><br \/>\n3:34:08 h, 13. Platz gesamt, 12. Platz M\u00e4nner, 2. Platz \u00dc 150 Jahre<br \/>\nTeam \u201eOberholzer Schlammspringer\u201c<br \/>\nmit Manfred Thomas, Ulf Biermann, Hans-Albert M\u00fcller<br \/>\n<a href=\"https:\/\/lfv-oberholz.de\/cms\/wp-content\/uploads\/3N9A0513_k.jpg\"><img loading=\"lazy\" decoding=\"async\" class=\"alignnone wp-image-1166 size-medium\" src=\"https:\/\/lfv-oberholz.de\/cms\/wp-content\/uploads\/3N9A0513_k-300x200.jpg\" alt=\"3N9A0513_k\" width=\"300\" height=\"200\" srcset=\"https:\/\/lfv-oberholz.de\/cms\/wp-content\/uploads\/3N9A0513_k-300x200.jpg 300w, https:\/\/lfv-oberholz.de\/cms\/wp-content\/uploads\/3N9A0513_k.jpg 1000w\" sizes=\"auto, (max-width: 300px) 100vw, 300px\" \/><\/a><br \/>\n3:34:26 h, 14. Platz gesamt, 2. Platz mix<br \/>\nTeam \u201eWiMa Butzelman\u201c<br \/>\nmit Ren\u00e9 Schumann, Caroline Kohn, Carmen Dietze<br \/>\n<a href=\"https:\/\/lfv-oberholz.de\/cms\/wp-content\/uploads\/3N9A0131_k.jpg\"><img loading=\"lazy\" decoding=\"async\" class=\"alignnone wp-image-1165 size-medium\" src=\"https:\/\/lfv-oberholz.de\/cms\/wp-content\/uploads\/3N9A0131_k-200x300.jpg\" alt=\"3N9A0131_k\" width=\"200\" height=\"300\" srcset=\"https:\/\/lfv-oberholz.de\/cms\/wp-content\/uploads\/3N9A0131_k-200x300.jpg 200w, https:\/\/lfv-oberholz.de\/cms\/wp-content\/uploads\/3N9A0131_k.jpg 667w\" sizes=\"auto, (max-width: 200px) 100vw, 200px\" \/><\/a><br \/>\n3:54:23 h, 30. Platz gesamt, 10. Platz mix, 4. Platz \u00dc 150 Jahre<br \/>\nTeam \u201eDie Stammg\u00e4ste\u201c<br \/>\nmit Antje M\u00fcller, Andreas Gelhaar, Uwe Wirsing<br \/>\n<a href=\"https:\/\/lfv-oberholz.de\/cms\/wp-content\/uploads\/3N9A1710_k.jpg\"><img loading=\"lazy\" decoding=\"async\" class=\"alignnone wp-image-1170 size-medium\" src=\"https:\/\/lfv-oberholz.de\/cms\/wp-content\/uploads\/3N9A1710_k-300x200.jpg\" alt=\"3N9A1710_k\" width=\"300\" height=\"200\" srcset=\"https:\/\/lfv-oberholz.de\/cms\/wp-content\/uploads\/3N9A1710_k-300x200.jpg 300w, https:\/\/lfv-oberholz.de\/cms\/wp-content\/uploads\/3N9A1710_k.jpg 1000w\" sizes=\"auto, (max-width: 300px) 100vw, 300px\" \/><\/a><br \/>\n4:17:48 h, 54. Platz gesamt, 18. Platz mix<br \/>\nTeam \u201eSnowRunner\u201c<br \/>\nmit Marco Wessel, Michaela Wunderlich,, Jens K\u00f6hler<br \/>\n<a href=\"https:\/\/lfv-oberholz.de\/cms\/wp-content\/uploads\/3N9A1118_k.jpg\"><img loading=\"lazy\" decoding=\"async\" class=\"alignnone wp-image-1168 size-medium\" src=\"https:\/\/lfv-oberholz.de\/cms\/wp-content\/uploads\/3N9A1118_k-300x200.jpg\" alt=\"3N9A1118_k\" width=\"300\" height=\"200\" srcset=\"https:\/\/lfv-oberholz.de\/cms\/wp-content\/uploads\/3N9A1118_k-300x200.jpg 300w, https:\/\/lfv-oberholz.de\/cms\/wp-content\/uploads\/3N9A1118_k.jpg 1000w\" sizes=\"auto, (max-width: 300px) 100vw, 300px\" \/><\/a><\/p>\n","protected":false},"excerpt":{"rendered":"<p>&#8211; von Kathrin Bogen &#8211; Am Samstag, den 16.01.2016 galt es im Clara-Zetkin-Park den Marathon mit 8 Runden a 5 km und der abschlie\u00dfende Ehrenrunde von 2.195 m gemeinsam zu absolvieren. Es starteten 83 Teams mit jeweils 3 Personen. F\u00fcr &hellip; <a href=\"https:\/\/lfv-oberholz.de\/cms\/lfv-oberholz-team-siegt-erneut-beim-7-wintermarathon\/\">Weiterlesen <span class=\"meta-nav\">&rarr;<\/span><\/a><\/p>\n","protected":false},"author":6,"featured_media":0,"comment_status":"closed","ping_status":"closed","sticky":false,"template":"","format":"standard","meta":{"pgc_sgb_lightbox_settings":"","footnotes":""},"categories":[1,5],"tags":[],"class_list":["post-1154","post","type-post","status-publish","format-standard","hentry","category-allgemein","category-leichtathletik"],"_links":{"self":[{"href":"https:\/\/lfv-oberholz.de\/cms\/wp-json\/wp\/v2\/posts\/1154","targetHints":{"allow":["GET"]}}],"collection":[{"href":"https:\/\/lfv-oberholz.de\/cms\/wp-json\/wp\/v2\/posts"}],"about":[{"href":"https:\/\/lfv-oberholz.de\/cms\/wp-json\/wp\/v2\/types\/post"}],"author":[{"embeddable":true,"href":"https:\/\/lfv-oberholz.de\/cms\/wp-json\/wp\/v2\/users\/6"}],"replies":[{"embeddable":true,"href":"https:\/\/lfv-oberholz.de\/cms\/wp-json\/wp\/v2\/comments?post=1154"}],"version-history":[{"count":0,"href":"https:\/\/lfv-oberholz.de\/cms\/wp-json\/wp\/v2\/posts\/1154\/revisions"}],"wp:attachment":[{"href":"https:\/\/lfv-oberholz.de\/cms\/wp-json\/wp\/v2\/media?parent=1154"}],"wp:term":[{"taxonomy":"category","embeddable":true,"href":"https:\/\/lfv-oberholz.de\/cms\/wp-json\/wp\/v2\/categories?post=1154"},{"taxonomy":"post_tag","embeddable":true,"href":"https:\/\/lfv-oberholz.de\/cms\/wp-json\/wp\/v2\/tags?post=1154"}],"curies":[{"name":"wp","href":"https:\/\/api.w.org\/{rel}","templated":true}]}}