{"id":1207,"date":"2016-02-15T12:35:17","date_gmt":"2016-02-15T11:35:17","guid":{"rendered":"http:\/\/lfv-oberholz.de\/cms\/?p=1207"},"modified":"2016-02-28T00:39:48","modified_gmt":"2016-02-27T23:39:48","slug":"mal-nur-80-km-bei-der-xiii-brocken-challenge-am-13-02","status":"publish","type":"post","link":"https:\/\/lfv-oberholz.de\/cms\/mal-nur-80-km-bei-der-xiii-brocken-challenge-am-13-02\/","title":{"rendered":"Mal nur 80 km bei der XIII. Brocken Challenge am 13.02."},"content":{"rendered":"<p>Nicht nur ein bisschen verr\u00fcckt \u2026<br \/>\n&#8211; in nur 8 Stunden und 43 Minuten meisterte Antje M\u00fcller die 13. Brocken Challenge und \u00fcberlief als zwanzigste(r) die Ziellinie. Damit verfehlte sie nur um 5 Minuten den Sieg bei den Frauen. <img loading=\"lazy\" decoding=\"async\" class=\"alignnone size-medium wp-image-1211\" src=\"https:\/\/lfv-oberholz.de\/cms\/wp-content\/uploads\/01-BC-Antje-M\u00fcller-300x168.jpg\" alt=\"01 BC Antje M\u00fcller\" width=\"300\" height=\"168\" srcset=\"https:\/\/lfv-oberholz.de\/cms\/wp-content\/uploads\/01-BC-Antje-M\u00fcller-300x168.jpg 300w, https:\/\/lfv-oberholz.de\/cms\/wp-content\/uploads\/01-BC-Antje-M\u00fcller.jpg 960w\" sizes=\"auto, (max-width: 300px) 100vw, 300px\" \/><!--more--><br \/>\nAls zweite Frau gesamt siegte Antje souver\u00e4n in ihrer Altersklasse W 45.<br \/>\n<img loading=\"lazy\" decoding=\"async\" class=\"alignnone size-medium wp-image-1212\" src=\"https:\/\/lfv-oberholz.de\/cms\/wp-content\/uploads\/02-BC-165x300.jpg\" alt=\"02 BC\" width=\"165\" height=\"300\" srcset=\"https:\/\/lfv-oberholz.de\/cms\/wp-content\/uploads\/02-BC-165x300.jpg 165w, https:\/\/lfv-oberholz.de\/cms\/wp-content\/uploads\/02-BC.jpg 528w\" sizes=\"auto, (max-width: 165px) 100vw, 165px\" \/>\u00a0Wir gratulieren zu der grandiosen Leistung.<\/p>\n<p>&#8211; Zitat von Antje M\u00fcller \u00a0&#8211;<\/p>\n<p>\u201eDie BC war dieses Jahr besonders sch\u00f6n, weil wir durchweg Kaiserwetter hatten, aber sie war nat\u00fcrlich auch anstrengend.<br \/>\nDas Morgenerwachen war ein Farbspiel am Himmel. Schon zeitig sah man den Brocken und der Harz im Wintermantel war traumhaft, auch wenn man von K\u00f6nigskrug bis Oderbr\u00fcck den weichen Schnee am liebsten verflucht h\u00e4tte. Ich habe mich gefreut, viele liebe Bekannte getroffen und neue nette Menschen kennen gelernt zu haben. Die VPs waren Spitze! Gerne komme ich wieder.\u201c<\/p>\n<p>\u2026 als w\u00e4re nichts gewesen \ud83d\ude42<\/p>\n<p>Impressionen:<\/p>\n<p><img loading=\"lazy\" decoding=\"async\" class=\"alignnone size-medium wp-image-1213\" src=\"https:\/\/lfv-oberholz.de\/cms\/wp-content\/uploads\/05-BC-300x168.jpg\" alt=\"05 BC\" width=\"300\" height=\"168\" srcset=\"https:\/\/lfv-oberholz.de\/cms\/wp-content\/uploads\/05-BC-300x168.jpg 300w, https:\/\/lfv-oberholz.de\/cms\/wp-content\/uploads\/05-BC.jpg 960w\" sizes=\"auto, (max-width: 300px) 100vw, 300px\" \/> <img loading=\"lazy\" decoding=\"async\" class=\"alignnone size-medium wp-image-1214\" src=\"https:\/\/lfv-oberholz.de\/cms\/wp-content\/uploads\/03-BC-300x168.jpg\" alt=\"03 BC\" width=\"300\" height=\"168\" srcset=\"https:\/\/lfv-oberholz.de\/cms\/wp-content\/uploads\/03-BC-300x168.jpg 300w, https:\/\/lfv-oberholz.de\/cms\/wp-content\/uploads\/03-BC.jpg 960w\" sizes=\"auto, (max-width: 300px) 100vw, 300px\" \/> <img loading=\"lazy\" decoding=\"async\" class=\"alignnone size-medium wp-image-1215\" src=\"https:\/\/lfv-oberholz.de\/cms\/wp-content\/uploads\/04-BC-300x168.jpg\" alt=\"04 BC\" width=\"300\" height=\"168\" srcset=\"https:\/\/lfv-oberholz.de\/cms\/wp-content\/uploads\/04-BC-300x168.jpg 300w, https:\/\/lfv-oberholz.de\/cms\/wp-content\/uploads\/04-BC.jpg 960w\" sizes=\"auto, (max-width: 300px) 100vw, 300px\" \/><\/p>\n","protected":false},"excerpt":{"rendered":"<p>Nicht nur ein bisschen verr\u00fcckt \u2026 &#8211; in nur 8 Stunden und 43 Minuten meisterte Antje M\u00fcller die 13. Brocken Challenge und \u00fcberlief als zwanzigste(r) die Ziellinie. Damit verfehlte sie nur um 5 Minuten den Sieg bei den Frauen.<\/p>\n","protected":false},"author":6,"featured_media":0,"comment_status":"closed","ping_status":"closed","sticky":false,"template":"","format":"standard","meta":{"pgc_sgb_lightbox_settings":"","footnotes":""},"categories":[1,5],"tags":[],"class_list":["post-1207","post","type-post","status-publish","format-standard","hentry","category-allgemein","category-leichtathletik"],"_links":{"self":[{"href":"https:\/\/lfv-oberholz.de\/cms\/wp-json\/wp\/v2\/posts\/1207","targetHints":{"allow":["GET"]}}],"collection":[{"href":"https:\/\/lfv-oberholz.de\/cms\/wp-json\/wp\/v2\/posts"}],"about":[{"href":"https:\/\/lfv-oberholz.de\/cms\/wp-json\/wp\/v2\/types\/post"}],"author":[{"embeddable":true,"href":"https:\/\/lfv-oberholz.de\/cms\/wp-json\/wp\/v2\/users\/6"}],"replies":[{"embeddable":true,"href":"https:\/\/lfv-oberholz.de\/cms\/wp-json\/wp\/v2\/comments?post=1207"}],"version-history":[{"count":0,"href":"https:\/\/lfv-oberholz.de\/cms\/wp-json\/wp\/v2\/posts\/1207\/revisions"}],"wp:attachment":[{"href":"https:\/\/lfv-oberholz.de\/cms\/wp-json\/wp\/v2\/media?parent=1207"}],"wp:term":[{"taxonomy":"category","embeddable":true,"href":"https:\/\/lfv-oberholz.de\/cms\/wp-json\/wp\/v2\/categories?post=1207"},{"taxonomy":"post_tag","embeddable":true,"href":"https:\/\/lfv-oberholz.de\/cms\/wp-json\/wp\/v2\/tags?post=1207"}],"curies":[{"name":"wp","href":"https:\/\/api.w.org\/{rel}","templated":true}]}}