{"id":12103,"date":"2022-10-13T21:45:55","date_gmt":"2022-10-13T19:45:55","guid":{"rendered":"http:\/\/lfv-oberholz.de\/cms\/?p=12103"},"modified":"2022-10-17T15:22:36","modified_gmt":"2022-10-17T13:22:36","slug":"hut-ab-felx-mit-80-immer-noch-gut-laeuferisch-unterwegs","status":"publish","type":"post","link":"https:\/\/lfv-oberholz.de\/cms\/hut-ab-felx-mit-80-immer-noch-gut-laeuferisch-unterwegs\/","title":{"rendered":"Hut ab, Felix mit 80 immer noch gut l\u00e4uferisch unterwegs"},"content":{"rendered":"<p>&#8211; manchmal rei\u00dfen es die &#8222;Alten&#8220;, in diesem Lauf sprichw\u00f6rtlich. Felix Fache lief am Samstag des vergangenen Wochenendes, mit immerhin 80 Jahren, die profilierten 11 km beim 44. Harz-Gebirgslauf in Wernigerode. Mit der Freude, mal nicht alleine in seiner Altersklasse am Start zu sein, meisterte er diese mit einer Zielzeit von 1:28:02 h. Damit siegte er vor seiner &#8222;Konkurrenz&#8220; besser seinen &#8222;Mitstreitern&#8220;. Felix verwies mit riesigem Vorsprung Peter Gieseler mit 1:59:59 h auf Platz zwei und Manfred Dittmann, der f\u00fcr die gleiche Strecke 2:04:31 h ben\u00f6tigte, auf Rang drei.<br \/>\nDie wundersch\u00f6ne Urkunde, sein ganzer Stolz und hier das <a href=\"https:\/\/www.davengo.com\/event\/result\/44-harz-gebirgslauf-2022\/detail\/w7Xbfr-7nMRMcUqL5XA5T89p613dsRQcefJP6-ANrQU\">Zielvideo<\/a> dazu.<br \/>\nEinfach grandios, lieber Felix.<\/p>\n","protected":false},"excerpt":{"rendered":"<p>&#8211; manchmal rei\u00dfen es die &#8222;Alten&#8220;, in diesem Lauf sprichw\u00f6rtlich. Felix Fache lief am Samstag des vergangenen Wochenendes, mit immerhin 80 Jahren, die profilierten 11 km beim 44. Harz-Gebirgslauf in Wernigerode. Mit der Freude, mal nicht alleine in seiner Altersklasse &hellip; <a href=\"https:\/\/lfv-oberholz.de\/cms\/hut-ab-felx-mit-80-immer-noch-gut-laeuferisch-unterwegs\/\">Weiterlesen <span class=\"meta-nav\">&rarr;<\/span><\/a><\/p>\n","protected":false},"author":8,"featured_media":0,"comment_status":"closed","ping_status":"closed","sticky":false,"template":"","format":"standard","meta":{"pgc_sgb_lightbox_settings":"","footnotes":""},"categories":[5],"tags":[],"class_list":["post-12103","post","type-post","status-publish","format-standard","hentry","category-leichtathletik"],"_links":{"self":[{"href":"https:\/\/lfv-oberholz.de\/cms\/wp-json\/wp\/v2\/posts\/12103","targetHints":{"allow":["GET"]}}],"collection":[{"href":"https:\/\/lfv-oberholz.de\/cms\/wp-json\/wp\/v2\/posts"}],"about":[{"href":"https:\/\/lfv-oberholz.de\/cms\/wp-json\/wp\/v2\/types\/post"}],"author":[{"embeddable":true,"href":"https:\/\/lfv-oberholz.de\/cms\/wp-json\/wp\/v2\/users\/8"}],"replies":[{"embeddable":true,"href":"https:\/\/lfv-oberholz.de\/cms\/wp-json\/wp\/v2\/comments?post=12103"}],"version-history":[{"count":0,"href":"https:\/\/lfv-oberholz.de\/cms\/wp-json\/wp\/v2\/posts\/12103\/revisions"}],"wp:attachment":[{"href":"https:\/\/lfv-oberholz.de\/cms\/wp-json\/wp\/v2\/media?parent=12103"}],"wp:term":[{"taxonomy":"category","embeddable":true,"href":"https:\/\/lfv-oberholz.de\/cms\/wp-json\/wp\/v2\/categories?post=12103"},{"taxonomy":"post_tag","embeddable":true,"href":"https:\/\/lfv-oberholz.de\/cms\/wp-json\/wp\/v2\/tags?post=12103"}],"curies":[{"name":"wp","href":"https:\/\/api.w.org\/{rel}","templated":true}]}}