{"id":12141,"date":"2022-10-18T18:10:55","date_gmt":"2022-10-18T16:10:55","guid":{"rendered":"http:\/\/lfv-oberholz.de\/cms\/?p=12141"},"modified":"2022-10-19T07:24:15","modified_gmt":"2022-10-19T05:24:15","slug":"leipzig21k-der-halbmarathon-in-leipzig","status":"publish","type":"post","link":"https:\/\/lfv-oberholz.de\/cms\/leipzig21k-der-halbmarathon-in-leipzig\/","title":{"rendered":"LEIPZIG21k &#8211; der Halbmarathon in Leipzig"},"content":{"rendered":"<p><a href=\"https:\/\/lfv-oberholz.de\/cms\/wp-content\/uploads\/FB_IMG_1666106696951.jpg\"><img loading=\"lazy\" decoding=\"async\" class=\"wp-image-12147  alignright\" src=\"https:\/\/lfv-oberholz.de\/cms\/wp-content\/uploads\/FB_IMG_1666106696951-145x300.jpg\" alt=\"FB_IMG_1666106696951\" width=\"49\" height=\"101\" srcset=\"https:\/\/lfv-oberholz.de\/cms\/wp-content\/uploads\/FB_IMG_1666106696951-145x300.jpg 145w, https:\/\/lfv-oberholz.de\/cms\/wp-content\/uploads\/FB_IMG_1666106696951-498x1024.jpg 498w, https:\/\/lfv-oberholz.de\/cms\/wp-content\/uploads\/FB_IMG_1666106696951.jpg 996w\" sizes=\"auto, (max-width: 49px) 100vw, 49px\" \/><\/a> <a href=\"https:\/\/lfv-oberholz.de\/cms\/wp-content\/uploads\/FB_IMG_1666106719562.jpg\"><img loading=\"lazy\" decoding=\"async\" class=\"wp-image-12148  alignleft\" src=\"https:\/\/lfv-oberholz.de\/cms\/wp-content\/uploads\/FB_IMG_1666106719562-145x300.jpg\" alt=\"FB_IMG_1666106719562\" width=\"48\" height=\"100\" srcset=\"https:\/\/lfv-oberholz.de\/cms\/wp-content\/uploads\/FB_IMG_1666106719562-145x300.jpg 145w, https:\/\/lfv-oberholz.de\/cms\/wp-content\/uploads\/FB_IMG_1666106719562-498x1024.jpg 498w, https:\/\/lfv-oberholz.de\/cms\/wp-content\/uploads\/FB_IMG_1666106719562.jpg 996w\" sizes=\"auto, (max-width: 48px) 100vw, 48px\" \/><\/a>Am 16. Oktober 2022 gab es wieder einmal ein gro\u00dfes Laufevent in Leipzig. Anl\u00e4sslich der V\u00f6lkerschlacht um Leipzig f\u00fchrte auch in diesem Jahr die Laufstrecke \u00fcber das s\u00fcdliche Schlachtfeld von 1813. Beim traditionellen Halbmarathon standen bei jedem Laufkilometer historisch Begeisterte in Uniformen damaliger Zeit.<br \/>\nAn einem goldenen Oktobertag, bei bestem Laufwetter, starteten ca. 1.200 L\u00e4ufer auf den Halbmarathon. <a href=\"https:\/\/lfv-oberholz.de\/cms\/wp-content\/uploads\/IMG-20221017-WA0006.jpg\"><img loading=\"lazy\" decoding=\"async\" class=\"wp-image-12149  alignright\" src=\"https:\/\/lfv-oberholz.de\/cms\/wp-content\/uploads\/IMG-20221017-WA0006-168x300.jpg\" alt=\"IMG-20221017-WA0006\" width=\"56\" height=\"100\" srcset=\"https:\/\/lfv-oberholz.de\/cms\/wp-content\/uploads\/IMG-20221017-WA0006-168x300.jpg 168w, https:\/\/lfv-oberholz.de\/cms\/wp-content\/uploads\/IMG-20221017-WA0006-575x1024.jpg 575w, https:\/\/lfv-oberholz.de\/cms\/wp-content\/uploads\/IMG-20221017-WA0006.jpg 899w\" sizes=\"auto, (max-width: 56px) 100vw, 56px\" \/><\/a>Vom LFV Oberholz waren hier Conny Blumert, Chris Timmler, Marc Werner sowie Jens St\u00f6ckel dabei. Conny sowie Marc siegten in ihren Altersklassen. Marlene Riedl und Olaf Uebersch\u00e4r teilten sich die Laufstrecke und traten als Staffel an. Christine Timmler lief ebenfalls in einer Staffel mit.<br \/>\nNeben Halbmarathon und Halbmarathonstaffeln waren auch zwei Kinderrennen im Angebot. Die Geschwister Ayleen &amp; Florian Kasper <a href=\"https:\/\/lfv-oberholz.de\/cms\/wp-content\/uploads\/IMG-20221016-WA0001.jpg\"><img loading=\"lazy\" decoding=\"async\" class=\"alignleft wp-image-12150\" src=\"https:\/\/lfv-oberholz.de\/cms\/wp-content\/uploads\/IMG-20221016-WA0001-300x225.jpg\" alt=\"IMG-20221016-WA0001\" width=\"155\" height=\"116\" srcset=\"https:\/\/lfv-oberholz.de\/cms\/wp-content\/uploads\/IMG-20221016-WA0001-300x225.jpg 300w, https:\/\/lfv-oberholz.de\/cms\/wp-content\/uploads\/IMG-20221016-WA0001-1024x768.jpg 1024w, https:\/\/lfv-oberholz.de\/cms\/wp-content\/uploads\/IMG-20221016-WA0001.jpg 2048w\" sizes=\"auto, (max-width: 155px) 100vw, 155px\" \/><\/a>sowie John Maarten &amp; Wimm Sander Reiprich bestritten den 1,5 km langen Kids-Run. John und Florian gewannen diesen. \ud83d\ude42<br \/>\nAuf dem 110 m Bambini-Lauf war Alisa Werner unterwegs. Zudem sicherten einige unserer Sportfreunde den Staffel-Shuttle, einen Verpflegungspunkt an der Strecke sowie einige Streckenabschnitte als Posten ab.<\/p>\n<p>&nbsp;<\/p>\n<p><strong>Ein weiterer Beitrag<\/strong><br \/>\n&#8211; von Olaf Uebersch\u00e4r &#8211;<\/p>\n<p>3x just in time: (1) Marle und ich gerade noch rechtzeitig gesund geworden, (2) dank Orga-Chef Ronny Winkler gerade noch rechtzeitig einen <!--more-->Startplatz <a href=\"https:\/\/lfv-oberholz.de\/cms\/wp-content\/uploads\/FB_IMG_1666013335262.jpg\"><img loading=\"lazy\" decoding=\"async\" class=\"wp-image-12146  alignright\" src=\"https:\/\/lfv-oberholz.de\/cms\/wp-content\/uploads\/FB_IMG_1666013335262-300x300.jpg\" alt=\"FB_IMG_1666013335262\" width=\"154\" height=\"154\" srcset=\"https:\/\/lfv-oberholz.de\/cms\/wp-content\/uploads\/FB_IMG_1666013335262-300x300.jpg 300w, https:\/\/lfv-oberholz.de\/cms\/wp-content\/uploads\/FB_IMG_1666013335262-150x150.jpg 150w, https:\/\/lfv-oberholz.de\/cms\/wp-content\/uploads\/FB_IMG_1666013335262-1024x1024.jpg 1024w, https:\/\/lfv-oberholz.de\/cms\/wp-content\/uploads\/FB_IMG_1666013335262.jpg 1080w\" sizes=\"auto, (max-width: 154px) 100vw, 154px\" \/><\/a>bekommen und (3) gerade noch rechtzeitig vor der Ziellinie die bis dahin 2. Staffel abgefangen. Der Sieg ging souver\u00e4n an Sandra Boitz &amp; Sven Richter vor uns sowie Paula Gredig &amp; Michael Perlhofer auf dem Bronze-Rang. Herzlichen Gl\u00fcckwunsch an euch alle sowie vielen Dank an Ronny+Team, die vielen Helfer und Freunde an der Strecke sowie den frisch gebackenen Hawaii-Finisher und Sprecher Sven K\u00f6rbs sowie Stefan Br\u00e4uer f\u00fcr den grandiosen Empfang im Ziel.<\/p>\n<p>&nbsp;<\/p>\n<p><strong>LFV-Ergebnisse und weitere Impressionen<\/strong><\/p>\n<p>HM \/ 21,1 km<br \/>\n1:16:43 h, Marc Werner, 5. Platz ges., 1. Platz AK M45<br \/>\n1:37:27 h, Conny Blumert, 11. Platz ges. w, 1. Platz AK W40<br \/>\n1:42:26 h, Jens St\u00f6ckel, 200. Platz ges. m, 31. Platz AK M45<\/p>\n<p>HM-Staffel \/ 2x 10,55 km<br \/>\n1:23:53 h, Marlene Riedl &amp; Olaf Uebersch\u00e4r, 2. Platz der Mix-Staffeln<br \/>\n2:40:05 h, Christiane Walther &amp; Chris Timmler, 4. Platz der Frauen-Staffeln<\/p>\n<p>Kids-Run \/ 1,5 km<br \/>\n5:01 min, John Maarten Reiprich, 1. Platz ges.<br \/>\n5:08 min, Florian Kasper, 2. Platz ges.<br \/>\n6:16 min, Wim Sander Reiprich, 6. Platz m<br \/>\n7:07 min, Ayleen Kasper, 5. Platz w<\/p>\n<p>Bambini-Lauf \/ 110 m<br \/>\n0:44 min, Alisa Werner, 7. Platz w<\/p>\n<p><strong>Impressionen<\/strong><br \/>\n<strong><a href=\"https:\/\/lfv-oberholz.de\/cms\/wp-content\/uploads\/facebook_1666002693977_6987721763362368036.jpg\"><img loading=\"lazy\" decoding=\"async\" class=\"alignnone wp-image-12158 size-medium\" src=\"https:\/\/lfv-oberholz.de\/cms\/wp-content\/uploads\/facebook_1666002693977_6987721763362368036-300x194.jpg\" alt=\"facebook_1666002693977_6987721763362368036\" width=\"300\" height=\"194\" srcset=\"https:\/\/lfv-oberholz.de\/cms\/wp-content\/uploads\/facebook_1666002693977_6987721763362368036-300x194.jpg 300w, https:\/\/lfv-oberholz.de\/cms\/wp-content\/uploads\/facebook_1666002693977_6987721763362368036-1024x662.jpg 1024w, https:\/\/lfv-oberholz.de\/cms\/wp-content\/uploads\/facebook_1666002693977_6987721763362368036.jpg 1080w\" sizes=\"auto, (max-width: 300px) 100vw, 300px\" \/><\/a><\/strong> (Fotograf: Thomas Strieter)<br \/>\nTeilnehmer vom Bambini-Lauf<\/p>\n<p>(weitere Fotos von Chris Timmler, Bernd D\u00fclsner, Diana Werner, J\u00f6rg Bauer und Saskia Reiprich)<br \/>\n<a href=\"https:\/\/lfv-oberholz.de\/cms\/wp-content\/uploads\/IMG-20221017-WA0005.jpg\"><img loading=\"lazy\" decoding=\"async\" class=\"alignnone wp-image-12173 \" src=\"https:\/\/lfv-oberholz.de\/cms\/wp-content\/uploads\/IMG-20221017-WA0005-168x300.jpg\" alt=\"IMG-20221017-WA0005\" width=\"67\" height=\"120\" srcset=\"https:\/\/lfv-oberholz.de\/cms\/wp-content\/uploads\/IMG-20221017-WA0005-168x300.jpg 168w, https:\/\/lfv-oberholz.de\/cms\/wp-content\/uploads\/IMG-20221017-WA0005-575x1024.jpg 575w, https:\/\/lfv-oberholz.de\/cms\/wp-content\/uploads\/IMG-20221017-WA0005.jpg 1151w\" sizes=\"auto, (max-width: 67px) 100vw, 67px\" \/><\/a> <a href=\"https:\/\/lfv-oberholz.de\/cms\/wp-content\/uploads\/FB_IMG_1666002377444.jpg\"><img loading=\"lazy\" decoding=\"async\" class=\"alignnone wp-image-12159\" src=\"https:\/\/lfv-oberholz.de\/cms\/wp-content\/uploads\/FB_IMG_1666002377444-300x146.jpg\" alt=\"FB_IMG_1666002377444\" width=\"247\" height=\"120\" srcset=\"https:\/\/lfv-oberholz.de\/cms\/wp-content\/uploads\/FB_IMG_1666002377444-300x146.jpg 300w, https:\/\/lfv-oberholz.de\/cms\/wp-content\/uploads\/FB_IMG_1666002377444-1024x499.jpg 1024w, https:\/\/lfv-oberholz.de\/cms\/wp-content\/uploads\/FB_IMG_1666002377444.jpg 1080w\" sizes=\"auto, (max-width: 247px) 100vw, 247px\" \/><\/a> <a href=\"https:\/\/lfv-oberholz.de\/cms\/wp-content\/uploads\/FB_IMG_1666002456677.jpg\"><img loading=\"lazy\" decoding=\"async\" class=\"alignnone wp-image-12160 \" src=\"https:\/\/lfv-oberholz.de\/cms\/wp-content\/uploads\/FB_IMG_1666002456677-145x300.jpg\" alt=\"FB_IMG_1666002456677\" width=\"58\" height=\"120\" srcset=\"https:\/\/lfv-oberholz.de\/cms\/wp-content\/uploads\/FB_IMG_1666002456677-145x300.jpg 145w, https:\/\/lfv-oberholz.de\/cms\/wp-content\/uploads\/FB_IMG_1666002456677-498x1024.jpg 498w, https:\/\/lfv-oberholz.de\/cms\/wp-content\/uploads\/FB_IMG_1666002456677.jpg 996w\" sizes=\"auto, (max-width: 58px) 100vw, 58px\" \/><\/a> <a href=\"https:\/\/lfv-oberholz.de\/cms\/wp-content\/uploads\/FB_IMG_1666106685724.jpg\"><img loading=\"lazy\" decoding=\"async\" class=\"alignnone wp-image-12161 \" src=\"https:\/\/lfv-oberholz.de\/cms\/wp-content\/uploads\/FB_IMG_1666106685724-145x300.jpg\" alt=\"FB_IMG_1666106685724\" width=\"58\" height=\"120\" srcset=\"https:\/\/lfv-oberholz.de\/cms\/wp-content\/uploads\/FB_IMG_1666106685724-145x300.jpg 145w, https:\/\/lfv-oberholz.de\/cms\/wp-content\/uploads\/FB_IMG_1666106685724-498x1024.jpg 498w, https:\/\/lfv-oberholz.de\/cms\/wp-content\/uploads\/FB_IMG_1666106685724.jpg 996w\" sizes=\"auto, (max-width: 58px) 100vw, 58px\" \/><\/a><\/p>\n<p><a href=\"https:\/\/lfv-oberholz.de\/cms\/wp-content\/uploads\/IMG_20221016_110503-2.jpg\"><img loading=\"lazy\" decoding=\"async\" class=\"alignnone wp-image-12162 \" src=\"https:\/\/lfv-oberholz.de\/cms\/wp-content\/uploads\/IMG_20221016_110503-2-300x222.jpg\" alt=\"IMG_20221016_110503-2\" width=\"162\" height=\"120\" srcset=\"https:\/\/lfv-oberholz.de\/cms\/wp-content\/uploads\/IMG_20221016_110503-2-300x222.jpg 300w, https:\/\/lfv-oberholz.de\/cms\/wp-content\/uploads\/IMG_20221016_110503-2-1024x758.jpg 1024w\" sizes=\"auto, (max-width: 162px) 100vw, 162px\" \/><\/a> <a href=\"https:\/\/lfv-oberholz.de\/cms\/wp-content\/uploads\/IMG_20221016_110512-2.jpg\"><img loading=\"lazy\" decoding=\"async\" class=\"alignnone wp-image-12163 \" src=\"https:\/\/lfv-oberholz.de\/cms\/wp-content\/uploads\/IMG_20221016_110512-2-300x246.jpg\" alt=\"IMG_20221016_110512-2\" width=\"146\" height=\"120\" srcset=\"https:\/\/lfv-oberholz.de\/cms\/wp-content\/uploads\/IMG_20221016_110512-2-300x246.jpg 300w, https:\/\/lfv-oberholz.de\/cms\/wp-content\/uploads\/IMG_20221016_110512-2-1024x842.jpg 1024w\" sizes=\"auto, (max-width: 146px) 100vw, 146px\" \/><\/a> <a href=\"https:\/\/lfv-oberholz.de\/cms\/wp-content\/uploads\/IMG_20221016_110514-2.jpg\"><img loading=\"lazy\" decoding=\"async\" class=\"alignnone wp-image-12164 \" src=\"https:\/\/lfv-oberholz.de\/cms\/wp-content\/uploads\/IMG_20221016_110514-2-300x222.jpg\" alt=\"IMG_20221016_110514-2\" width=\"162\" height=\"120\" srcset=\"https:\/\/lfv-oberholz.de\/cms\/wp-content\/uploads\/IMG_20221016_110514-2-300x222.jpg 300w, https:\/\/lfv-oberholz.de\/cms\/wp-content\/uploads\/IMG_20221016_110514-2-1024x758.jpg 1024w\" sizes=\"auto, (max-width: 162px) 100vw, 162px\" \/><\/a> <a href=\"https:\/\/lfv-oberholz.de\/cms\/wp-content\/uploads\/IMG_20221016_110553-2.jpg\"><img loading=\"lazy\" decoding=\"async\" class=\"alignnone wp-image-12165 \" src=\"https:\/\/lfv-oberholz.de\/cms\/wp-content\/uploads\/IMG_20221016_110553-2-300x230.jpg\" alt=\"IMG_20221016_110553-2\" width=\"156\" height=\"120\" srcset=\"https:\/\/lfv-oberholz.de\/cms\/wp-content\/uploads\/IMG_20221016_110553-2-300x230.jpg 300w, https:\/\/lfv-oberholz.de\/cms\/wp-content\/uploads\/IMG_20221016_110553-2-1024x785.jpg 1024w\" sizes=\"auto, (max-width: 156px) 100vw, 156px\" \/><\/a><br \/>\nStaffelwechselbereich<\/p>\n<p><a href=\"https:\/\/lfv-oberholz.de\/cms\/wp-content\/uploads\/IMG-20221017-WA0001.jpg\"><img loading=\"lazy\" decoding=\"async\" class=\"alignnone wp-image-12169 \" src=\"https:\/\/lfv-oberholz.de\/cms\/wp-content\/uploads\/IMG-20221017-WA0001-168x300.jpg\" alt=\"IMG-20221017-WA0001\" width=\"112\" height=\"200\" srcset=\"https:\/\/lfv-oberholz.de\/cms\/wp-content\/uploads\/IMG-20221017-WA0001-168x300.jpg 168w, https:\/\/lfv-oberholz.de\/cms\/wp-content\/uploads\/IMG-20221017-WA0001-575x1024.jpg 575w, https:\/\/lfv-oberholz.de\/cms\/wp-content\/uploads\/IMG-20221017-WA0001.jpg 899w\" sizes=\"auto, (max-width: 112px) 100vw, 112px\" \/><\/a> <a href=\"https:\/\/lfv-oberholz.de\/cms\/wp-content\/uploads\/IMG-20221017-WA0008.jpg\"><img loading=\"lazy\" decoding=\"async\" class=\"alignnone wp-image-12175 \" src=\"https:\/\/lfv-oberholz.de\/cms\/wp-content\/uploads\/IMG-20221017-WA0008-168x300.jpg\" alt=\"IMG-20221017-WA0008\" width=\"112\" height=\"200\" srcset=\"https:\/\/lfv-oberholz.de\/cms\/wp-content\/uploads\/IMG-20221017-WA0008-168x300.jpg 168w, https:\/\/lfv-oberholz.de\/cms\/wp-content\/uploads\/IMG-20221017-WA0008-575x1024.jpg 575w, https:\/\/lfv-oberholz.de\/cms\/wp-content\/uploads\/IMG-20221017-WA0008.jpg 899w\" sizes=\"auto, (max-width: 112px) 100vw, 112px\" \/><\/a><br \/>\nZieleinl\u00e4ufe<\/p>\n<p><a href=\"https:\/\/lfv-oberholz.de\/cms\/wp-content\/uploads\/IMG_20221018_174130.jpg\"><img loading=\"lazy\" decoding=\"async\" class=\"alignnone wp-image-12166\" src=\"https:\/\/lfv-oberholz.de\/cms\/wp-content\/uploads\/IMG_20221018_174130-225x300.jpg\" alt=\"sdr\" width=\"136\" height=\"181\" srcset=\"https:\/\/lfv-oberholz.de\/cms\/wp-content\/uploads\/IMG_20221018_174130-225x300.jpg 225w, https:\/\/lfv-oberholz.de\/cms\/wp-content\/uploads\/IMG_20221018_174130-768x1024.jpg 768w, https:\/\/lfv-oberholz.de\/cms\/wp-content\/uploads\/IMG_20221018_174130.jpg 1728w\" sizes=\"auto, (max-width: 136px) 100vw, 136px\" \/><\/a> <a href=\"https:\/\/lfv-oberholz.de\/cms\/wp-content\/uploads\/IMG-20221017-WA0000.jpg\"><img loading=\"lazy\" decoding=\"async\" class=\"alignnone wp-image-12168\" src=\"https:\/\/lfv-oberholz.de\/cms\/wp-content\/uploads\/IMG-20221017-WA0000-225x300.jpg\" alt=\"IMG-20221017-WA0000\" width=\"136\" height=\"181\" srcset=\"https:\/\/lfv-oberholz.de\/cms\/wp-content\/uploads\/IMG-20221017-WA0000-225x300.jpg 225w, https:\/\/lfv-oberholz.de\/cms\/wp-content\/uploads\/IMG-20221017-WA0000-768x1024.jpg 768w, https:\/\/lfv-oberholz.de\/cms\/wp-content\/uploads\/IMG-20221017-WA0000.jpg 1200w\" sizes=\"auto, (max-width: 136px) 100vw, 136px\" \/><\/a><br \/>\nHelfer (Shuttle f\u00fcr Staffelteilnehmer, Verpflegungspunkt)<\/p>\n<p><a href=\"https:\/\/lfv-oberholz.de\/cms\/wp-content\/uploads\/IMG-20221016-WA0002.jpg\"><img loading=\"lazy\" decoding=\"async\" class=\"alignnone wp-image-12167 \" src=\"https:\/\/lfv-oberholz.de\/cms\/wp-content\/uploads\/IMG-20221016-WA0002-300x225.jpg\" alt=\"IMG-20221016-WA0002\" width=\"240\" height=\"180\" srcset=\"https:\/\/lfv-oberholz.de\/cms\/wp-content\/uploads\/IMG-20221016-WA0002-300x225.jpg 300w, https:\/\/lfv-oberholz.de\/cms\/wp-content\/uploads\/IMG-20221016-WA0002-1024x768.jpg 1024w, https:\/\/lfv-oberholz.de\/cms\/wp-content\/uploads\/IMG-20221016-WA0002.jpg 2048w\" sizes=\"auto, (max-width: 240px) 100vw, 240px\" \/><\/a><br \/>\nKids-Run<\/p>\n<p><a href=\"https:\/\/lfv-oberholz.de\/cms\/wp-content\/uploads\/IMG-20221017-WA0002.jpg\"><img loading=\"lazy\" decoding=\"async\" class=\"alignnone wp-image-12170 \" src=\"https:\/\/lfv-oberholz.de\/cms\/wp-content\/uploads\/IMG-20221017-WA0002-225x300.jpg\" alt=\"IMG-20221017-WA0002\" width=\"150\" height=\"200\" srcset=\"https:\/\/lfv-oberholz.de\/cms\/wp-content\/uploads\/IMG-20221017-WA0002-225x300.jpg 225w, https:\/\/lfv-oberholz.de\/cms\/wp-content\/uploads\/IMG-20221017-WA0002-768x1024.jpg 768w, https:\/\/lfv-oberholz.de\/cms\/wp-content\/uploads\/IMG-20221017-WA0002.jpg 1200w\" sizes=\"auto, (max-width: 150px) 100vw, 150px\" \/><\/a> <a href=\"https:\/\/lfv-oberholz.de\/cms\/wp-content\/uploads\/IMG-20221017-WA0004.jpg\"><img loading=\"lazy\" decoding=\"async\" class=\"alignnone wp-image-12172\" src=\"https:\/\/lfv-oberholz.de\/cms\/wp-content\/uploads\/IMG-20221017-WA0004-168x300.jpg\" alt=\"IMG-20221017-WA0004\" width=\"112\" height=\"200\" srcset=\"https:\/\/lfv-oberholz.de\/cms\/wp-content\/uploads\/IMG-20221017-WA0004-168x300.jpg 168w, https:\/\/lfv-oberholz.de\/cms\/wp-content\/uploads\/IMG-20221017-WA0004-575x1024.jpg 575w, https:\/\/lfv-oberholz.de\/cms\/wp-content\/uploads\/IMG-20221017-WA0004.jpg 1151w\" sizes=\"auto, (max-width: 112px) 100vw, 112px\" \/><\/a> <a href=\"https:\/\/lfv-oberholz.de\/cms\/wp-content\/uploads\/IMG-20221017-WA0003.jpg\"><img loading=\"lazy\" decoding=\"async\" class=\"alignnone wp-image-12171\" src=\"https:\/\/lfv-oberholz.de\/cms\/wp-content\/uploads\/IMG-20221017-WA0003-225x300.jpg\" alt=\"IMG-20221017-WA0003\" width=\"150\" height=\"200\" srcset=\"https:\/\/lfv-oberholz.de\/cms\/wp-content\/uploads\/IMG-20221017-WA0003-225x300.jpg 225w, https:\/\/lfv-oberholz.de\/cms\/wp-content\/uploads\/IMG-20221017-WA0003-768x1024.jpg 768w, https:\/\/lfv-oberholz.de\/cms\/wp-content\/uploads\/IMG-20221017-WA0003.jpg 1200w\" sizes=\"auto, (max-width: 150px) 100vw, 150px\" \/><\/a> <a href=\"https:\/\/lfv-oberholz.de\/cms\/wp-content\/uploads\/IMG-20221017-WA0007.jpg\"><img loading=\"lazy\" decoding=\"async\" class=\"alignnone wp-image-12174\" src=\"https:\/\/lfv-oberholz.de\/cms\/wp-content\/uploads\/IMG-20221017-WA0007-168x300.jpg\" alt=\"IMG-20221017-WA0007\" width=\"112\" height=\"200\" srcset=\"https:\/\/lfv-oberholz.de\/cms\/wp-content\/uploads\/IMG-20221017-WA0007-168x300.jpg 168w, https:\/\/lfv-oberholz.de\/cms\/wp-content\/uploads\/IMG-20221017-WA0007-575x1024.jpg 575w, https:\/\/lfv-oberholz.de\/cms\/wp-content\/uploads\/IMG-20221017-WA0007.jpg 899w\" sizes=\"auto, (max-width: 112px) 100vw, 112px\" \/><\/a><br \/>\nBambini-Lauf<\/p>\n","protected":false},"excerpt":{"rendered":"<p>Am 16. Oktober 2022 gab es wieder einmal ein gro\u00dfes Laufevent in Leipzig. Anl\u00e4sslich der V\u00f6lkerschlacht um Leipzig f\u00fchrte auch in diesem Jahr die Laufstrecke \u00fcber das s\u00fcdliche Schlachtfeld von 1813. Beim traditionellen Halbmarathon standen bei jedem Laufkilometer historisch Begeisterte &hellip; <a href=\"https:\/\/lfv-oberholz.de\/cms\/leipzig21k-der-halbmarathon-in-leipzig\/\">Weiterlesen <span class=\"meta-nav\">&rarr;<\/span><\/a><\/p>\n","protected":false},"author":8,"featured_media":0,"comment_status":"closed","ping_status":"closed","sticky":false,"template":"","format":"standard","meta":{"pgc_sgb_lightbox_settings":"","footnotes":""},"categories":[5],"tags":[],"class_list":["post-12141","post","type-post","status-publish","format-standard","hentry","category-leichtathletik"],"_links":{"self":[{"href":"https:\/\/lfv-oberholz.de\/cms\/wp-json\/wp\/v2\/posts\/12141","targetHints":{"allow":["GET"]}}],"collection":[{"href":"https:\/\/lfv-oberholz.de\/cms\/wp-json\/wp\/v2\/posts"}],"about":[{"href":"https:\/\/lfv-oberholz.de\/cms\/wp-json\/wp\/v2\/types\/post"}],"author":[{"embeddable":true,"href":"https:\/\/lfv-oberholz.de\/cms\/wp-json\/wp\/v2\/users\/8"}],"replies":[{"embeddable":true,"href":"https:\/\/lfv-oberholz.de\/cms\/wp-json\/wp\/v2\/comments?post=12141"}],"version-history":[{"count":0,"href":"https:\/\/lfv-oberholz.de\/cms\/wp-json\/wp\/v2\/posts\/12141\/revisions"}],"wp:attachment":[{"href":"https:\/\/lfv-oberholz.de\/cms\/wp-json\/wp\/v2\/media?parent=12141"}],"wp:term":[{"taxonomy":"category","embeddable":true,"href":"https:\/\/lfv-oberholz.de\/cms\/wp-json\/wp\/v2\/categories?post=12141"},{"taxonomy":"post_tag","embeddable":true,"href":"https:\/\/lfv-oberholz.de\/cms\/wp-json\/wp\/v2\/tags?post=12141"}],"curies":[{"name":"wp","href":"https:\/\/api.w.org\/{rel}","templated":true}]}}