{"id":12321,"date":"2022-11-24T23:05:42","date_gmt":"2022-11-24T22:05:42","guid":{"rendered":"http:\/\/lfv-oberholz.de\/cms\/?p=12321"},"modified":"2022-11-24T23:39:19","modified_gmt":"2022-11-24T22:39:19","slug":"43-leipziger-auewaldlaufam-19-november","status":"publish","type":"post","link":"https:\/\/lfv-oberholz.de\/cms\/43-leipziger-auewaldlaufam-19-november\/","title":{"rendered":"43. Leipziger Auewaldlauf am 19. November"},"content":{"rendered":"<p><a href=\"https:\/\/lfv-oberholz.de\/cms\/wp-content\/uploads\/IMG-20221119-WA0002.jpg\"><img loading=\"lazy\" decoding=\"async\" class=\"wp-image-12326  alignleft\" src=\"https:\/\/lfv-oberholz.de\/cms\/wp-content\/uploads\/IMG-20221119-WA0002-300x225.jpg\" alt=\"IMG-20221119-WA0002\" width=\"231\" height=\"173\" srcset=\"https:\/\/lfv-oberholz.de\/cms\/wp-content\/uploads\/IMG-20221119-WA0002-300x225.jpg 300w, https:\/\/lfv-oberholz.de\/cms\/wp-content\/uploads\/IMG-20221119-WA0002.jpg 1024w\" sizes=\"auto, (max-width: 231px) 100vw, 231px\" \/><\/a><a href=\"https:\/\/lfv-oberholz.de\/cms\/wp-content\/uploads\/IMG_20221119_100008.jpg\"><img loading=\"lazy\" decoding=\"async\" class=\"wp-image-12327 alignright\" src=\"https:\/\/lfv-oberholz.de\/cms\/wp-content\/uploads\/IMG_20221119_100008-225x300.jpg\" alt=\"IMG_20221119_100008\" width=\"130\" height=\"174\" srcset=\"https:\/\/lfv-oberholz.de\/cms\/wp-content\/uploads\/IMG_20221119_100008-225x300.jpg 225w, https:\/\/lfv-oberholz.de\/cms\/wp-content\/uploads\/IMG_20221119_100008-768x1024.jpg 768w\" sizes=\"auto, (max-width: 130px) 100vw, 130px\" \/><\/a>Vergangenen Samstag gab es beim Auewaldlauf im Leipziger S\u00fcden zum letzten Mal die Chance f\u00fcr dieses Jahr Stadtranglistenpunkte zu sammeln. Hierzu lud die Laufgruppe der SG LVB an den Sportplatz &#8222;Neue Linie&#8220; ein. Erfreulich war, dass trotz erstmals frostigen Bedingungen viele L\u00e4ufer hier her kamen. Noch sch\u00f6ner, der LFV Oberholz war diesmal personell auch viel besser vertreten.<br \/>\nDie Kinder und Jugendlichen haben sich auf 1,8 km bzw. 5 km messen k\u00f6nnen. F\u00fcr die Erwachsenen standen entweder ein 10-er oder ein 20 km Lauf zur Auswahl. Wie schon erw\u00e4hnt, der LFV war dabei und gut auf allen Strecken angebotenen unterwegs. <a href=\"https:\/\/lfv-oberholz.de\/cms\/wp-content\/uploads\/FB_IMG_1668965294388.jpg\"><img loading=\"lazy\" decoding=\"async\" class=\"wp-image-12331 alignleft\" src=\"https:\/\/lfv-oberholz.de\/cms\/wp-content\/uploads\/FB_IMG_1668965294388-300x300.jpg\" alt=\"FB_IMG_1668965294388\" width=\"90\" height=\"90\" srcset=\"https:\/\/lfv-oberholz.de\/cms\/wp-content\/uploads\/FB_IMG_1668965294388-300x300.jpg 300w, https:\/\/lfv-oberholz.de\/cms\/wp-content\/uploads\/FB_IMG_1668965294388-150x150.jpg 150w, https:\/\/lfv-oberholz.de\/cms\/wp-content\/uploads\/FB_IMG_1668965294388-1024x1024.jpg 1024w, https:\/\/lfv-oberholz.de\/cms\/wp-content\/uploads\/FB_IMG_1668965294388.jpg 1080w\" sizes=\"auto, (max-width: 90px) 100vw, 90px\" \/><\/a>Hut ab, Marc Werner, Altersklasse M45, gab sich auf 20 km nur den schnellen jungen Herren Rico Bogen und Philipp Dressel-Putz geschlagen. Olaf Uebersch\u00e4r lief als drittschnellster \u00fcber 10 km. Marlene Riedl war die Dritte der Frauen. Unsere Kids r\u00e4umten auf den Kurzstrecken ab.<\/p>\n<p>Wir gratulieren <!--more-->zu folgenden Ergebnissen:<\/p>\n<p><a href=\"https:\/\/lfv-oberholz.de\/cms\/wp-content\/uploads\/IMG-20221119-WA0003.jpg\"><img loading=\"lazy\" decoding=\"async\" class=\"alignleft wp-image-12332\" src=\"https:\/\/lfv-oberholz.de\/cms\/wp-content\/uploads\/IMG-20221119-WA0003-225x300.jpg\" alt=\"IMG-20221119-WA0003\" width=\"107\" height=\"142\" srcset=\"https:\/\/lfv-oberholz.de\/cms\/wp-content\/uploads\/IMG-20221119-WA0003-225x300.jpg 225w, https:\/\/lfv-oberholz.de\/cms\/wp-content\/uploads\/IMG-20221119-WA0003-768x1024.jpg 768w, https:\/\/lfv-oberholz.de\/cms\/wp-content\/uploads\/IMG-20221119-WA0003.jpg 1512w\" sizes=\"auto, (max-width: 107px) 100vw, 107px\" \/><\/a>\u00fcber 1,8 km<br \/>\n0:08:46 h, Wim Sander Reiprich, 4. Platz total, 1. Platz M8<br \/>\n(in Gummistiefeln) \ud83d\ude42<\/p>\n<p>\u00fcber 5 km<br \/>\n0:21:30 h, John Maarten Reiprich, 7. Platz total, 1. Platz M14<br \/>\n0:22:16 h, Florian Kasper, 8. Platz total, 2. Platz M14<br \/>\n0:22:59 h, Eddie Samuel Thiele, 11. Platz total, 1. Platz M16<br \/>\n0:27:57 h, Franz Swoboda, 23. Platz total, 1. Platz M12<br \/>\n0:28:06 h, Matilda Sophie Thiele, 24. Platz total, 3. Platz W14<br \/>\n0:31:12 h, Pauline Risch, 37. Platz total, 4. Platz W14<\/p>\n<p>auf 10 km<br \/>\n0:37:33 h, Olaf Uebersch\u00e4r, 3. Platz ges. M<br \/>\n0:40:40, Marlene Riedl, 12. Platz total, 3. Platz WHK<br \/>\n0:41:13 h, Marco Sander, 13. Platz total, 9. Platz ges. M<br \/>\n0:48:00 h, Ralph Wiedemann, 49. Platz total, 31. Platz ges. M<br \/>\n0:49:25 h, Manfred Thomas, 58. Platz total, 3. Platz M65<br \/>\n1:00:15 h, Doreen Kasper, 120. Platz total, 7. Platz W35<br \/>\n1:11:41 h, Felix Fache, 150. Platz total, 3. Platz MA? (M80)<\/p>\n<p>und 20 km<br \/>\n(1:11:21 h, Rico Bogen, start f\u00fcr SC DHfK)<br \/>\n1:13:00 h, Marc Werner, 3. Platz total, 1. Platz M45<br \/>\n1:37:09 h, J\u00f6rg Teichmann, 38. Platz total, 5. Platz M50,<br \/>\n1:51:09 h, R\u00fcdiger Langkabel, 64. Platz total, 11. Platz M50<br \/>\n1:52:34 h, J\u00f6rg Behrends, 65. Platz total, 10. Platz M55<\/p>\n<p><a href=\"https:\/\/lfv-oberholz.de\/cms\/wp-content\/uploads\/IMG-20221119-WA0009.jpg\"><img loading=\"lazy\" decoding=\"async\" class=\"alignnone wp-image-12333 \" src=\"https:\/\/lfv-oberholz.de\/cms\/wp-content\/uploads\/IMG-20221119-WA0009-225x300.jpg\" alt=\"IMG-20221119-WA0009\" width=\"95\" height=\"127\" srcset=\"https:\/\/lfv-oberholz.de\/cms\/wp-content\/uploads\/IMG-20221119-WA0009-225x300.jpg 225w, https:\/\/lfv-oberholz.de\/cms\/wp-content\/uploads\/IMG-20221119-WA0009-768x1024.jpg 768w, https:\/\/lfv-oberholz.de\/cms\/wp-content\/uploads\/IMG-20221119-WA0009.jpg 1512w\" sizes=\"auto, (max-width: 95px) 100vw, 95px\" \/><\/a> <a href=\"https:\/\/lfv-oberholz.de\/cms\/wp-content\/uploads\/IMG-20221119-WA0010.jpg\"><img loading=\"lazy\" decoding=\"async\" class=\"alignnone wp-image-12334 \" src=\"https:\/\/lfv-oberholz.de\/cms\/wp-content\/uploads\/IMG-20221119-WA0010-225x300.jpg\" alt=\"IMG-20221119-WA0010\" width=\"95\" height=\"127\" srcset=\"https:\/\/lfv-oberholz.de\/cms\/wp-content\/uploads\/IMG-20221119-WA0010-225x300.jpg 225w, https:\/\/lfv-oberholz.de\/cms\/wp-content\/uploads\/IMG-20221119-WA0010-768x1024.jpg 768w, https:\/\/lfv-oberholz.de\/cms\/wp-content\/uploads\/IMG-20221119-WA0010.jpg 1512w\" sizes=\"auto, (max-width: 95px) 100vw, 95px\" \/><\/a> <a href=\"https:\/\/lfv-oberholz.de\/cms\/wp-content\/uploads\/IMG-20221119-WA0011.jpg\"><img loading=\"lazy\" decoding=\"async\" class=\"alignnone wp-image-12335 \" src=\"https:\/\/lfv-oberholz.de\/cms\/wp-content\/uploads\/IMG-20221119-WA0011-225x300.jpg\" alt=\"IMG-20221119-WA0011\" width=\"95\" height=\"127\" srcset=\"https:\/\/lfv-oberholz.de\/cms\/wp-content\/uploads\/IMG-20221119-WA0011-225x300.jpg 225w, https:\/\/lfv-oberholz.de\/cms\/wp-content\/uploads\/IMG-20221119-WA0011-768x1024.jpg 768w, https:\/\/lfv-oberholz.de\/cms\/wp-content\/uploads\/IMG-20221119-WA0011.jpg 1512w\" sizes=\"auto, (max-width: 95px) 100vw, 95px\" \/><\/a> <a href=\"https:\/\/lfv-oberholz.de\/cms\/wp-content\/uploads\/IMG_20221119_110714.jpg\"><img loading=\"lazy\" decoding=\"async\" class=\"alignnone wp-image-12328 \" src=\"https:\/\/lfv-oberholz.de\/cms\/wp-content\/uploads\/IMG_20221119_110714-225x300.jpg\" alt=\"IMG_20221119_110714\" width=\"95\" height=\"127\" srcset=\"https:\/\/lfv-oberholz.de\/cms\/wp-content\/uploads\/IMG_20221119_110714-225x300.jpg 225w, https:\/\/lfv-oberholz.de\/cms\/wp-content\/uploads\/IMG_20221119_110714-768x1024.jpg 768w\" sizes=\"auto, (max-width: 95px) 100vw, 95px\" \/><\/a> <a href=\"https:\/\/lfv-oberholz.de\/cms\/wp-content\/uploads\/IMG_20221119_110727.jpg\"><img loading=\"lazy\" decoding=\"async\" class=\"alignnone wp-image-12329 \" src=\"https:\/\/lfv-oberholz.de\/cms\/wp-content\/uploads\/IMG_20221119_110727-225x300.jpg\" alt=\"IMG_20221119_110727\" width=\"95\" height=\"127\" srcset=\"https:\/\/lfv-oberholz.de\/cms\/wp-content\/uploads\/IMG_20221119_110727-225x300.jpg 225w, https:\/\/lfv-oberholz.de\/cms\/wp-content\/uploads\/IMG_20221119_110727-768x1024.jpg 768w\" sizes=\"auto, (max-width: 95px) 100vw, 95px\" \/><\/a> <a href=\"https:\/\/lfv-oberholz.de\/cms\/wp-content\/uploads\/IMG_20221119_113808.jpg\"><img loading=\"lazy\" decoding=\"async\" class=\"alignnone wp-image-12330 \" src=\"https:\/\/lfv-oberholz.de\/cms\/wp-content\/uploads\/IMG_20221119_113808-225x300.jpg\" alt=\"IMG_20221119_113808\" width=\"95\" height=\"127\" srcset=\"https:\/\/lfv-oberholz.de\/cms\/wp-content\/uploads\/IMG_20221119_113808-225x300.jpg 225w, https:\/\/lfv-oberholz.de\/cms\/wp-content\/uploads\/IMG_20221119_113808-768x1024.jpg 768w\" sizes=\"auto, (max-width: 95px) 100vw, 95px\" \/><\/a><\/p>\n","protected":false},"excerpt":{"rendered":"<p>Vergangenen Samstag gab es beim Auewaldlauf im Leipziger S\u00fcden zum letzten Mal die Chance f\u00fcr dieses Jahr Stadtranglistenpunkte zu sammeln. Hierzu lud die Laufgruppe der SG LVB an den Sportplatz &#8222;Neue Linie&#8220; ein. Erfreulich war, dass trotz erstmals frostigen Bedingungen &hellip; <a href=\"https:\/\/lfv-oberholz.de\/cms\/43-leipziger-auewaldlaufam-19-november\/\">Weiterlesen <span class=\"meta-nav\">&rarr;<\/span><\/a><\/p>\n","protected":false},"author":8,"featured_media":0,"comment_status":"closed","ping_status":"closed","sticky":false,"template":"","format":"standard","meta":{"pgc_sgb_lightbox_settings":"","footnotes":""},"categories":[5],"tags":[],"class_list":["post-12321","post","type-post","status-publish","format-standard","hentry","category-leichtathletik"],"_links":{"self":[{"href":"https:\/\/lfv-oberholz.de\/cms\/wp-json\/wp\/v2\/posts\/12321","targetHints":{"allow":["GET"]}}],"collection":[{"href":"https:\/\/lfv-oberholz.de\/cms\/wp-json\/wp\/v2\/posts"}],"about":[{"href":"https:\/\/lfv-oberholz.de\/cms\/wp-json\/wp\/v2\/types\/post"}],"author":[{"embeddable":true,"href":"https:\/\/lfv-oberholz.de\/cms\/wp-json\/wp\/v2\/users\/8"}],"replies":[{"embeddable":true,"href":"https:\/\/lfv-oberholz.de\/cms\/wp-json\/wp\/v2\/comments?post=12321"}],"version-history":[{"count":0,"href":"https:\/\/lfv-oberholz.de\/cms\/wp-json\/wp\/v2\/posts\/12321\/revisions"}],"wp:attachment":[{"href":"https:\/\/lfv-oberholz.de\/cms\/wp-json\/wp\/v2\/media?parent=12321"}],"wp:term":[{"taxonomy":"category","embeddable":true,"href":"https:\/\/lfv-oberholz.de\/cms\/wp-json\/wp\/v2\/categories?post=12321"},{"taxonomy":"post_tag","embeddable":true,"href":"https:\/\/lfv-oberholz.de\/cms\/wp-json\/wp\/v2\/tags?post=12321"}],"curies":[{"name":"wp","href":"https:\/\/api.w.org\/{rel}","templated":true}]}}