{"id":12374,"date":"2022-11-30T19:39:16","date_gmt":"2022-11-30T18:39:16","guid":{"rendered":"http:\/\/lfv-oberholz.de\/cms\/?p=12374"},"modified":"2022-12-09T17:25:59","modified_gmt":"2022-12-09T16:25:59","slug":"silvio-lehmann-jetzt-kampfrichterwart-im-kv-la","status":"publish","type":"post","link":"https:\/\/lfv-oberholz.de\/cms\/silvio-lehmann-jetzt-kampfrichterwart-im-kv-la\/","title":{"rendered":"Silvio Lehmann jetzt Kampfrichterwart im KFV LA"},"content":{"rendered":"<p><span class=\"x193iq5w xeuugli x13faqbe x1vvkbs x10flsy6 x1lliihq x1s928wv xhkezso x1gmr53x x1cpjm7i x1fgarty x1943h6x x4zkp8e x41vudc x6prxxf xvq8zen xo1l8bm xzsf02u x1yc453h\" dir=\"auto\"><a href=\"https:\/\/lfv-oberholz.de\/cms\/wp-content\/uploads\/IMG-20221126-WA0000.jpg\"><img loading=\"lazy\" decoding=\"async\" class=\"alignnone wp-image-12379\" src=\"https:\/\/lfv-oberholz.de\/cms\/wp-content\/uploads\/IMG-20221126-WA0000-225x300.jpg\" alt=\"IMG-20221126-WA0000\" width=\"103\" height=\"138\" srcset=\"https:\/\/lfv-oberholz.de\/cms\/wp-content\/uploads\/IMG-20221126-WA0000-225x300.jpg 225w, https:\/\/lfv-oberholz.de\/cms\/wp-content\/uploads\/IMG-20221126-WA0000-768x1024.jpg 768w, https:\/\/lfv-oberholz.de\/cms\/wp-content\/uploads\/IMG-20221126-WA0000.jpg 960w\" sizes=\"auto, (max-width: 103px) 100vw, 103px\" \/><\/a><\/span><span class=\"x193iq5w xeuugli x13faqbe x1vvkbs x10flsy6 x1lliihq x1s928wv xhkezso x1gmr53x x1cpjm7i x1fgarty x1943h6x x4zkp8e x41vudc x6prxxf xvq8zen xo1l8bm xzsf02u x1yc453h\" dir=\"auto\">\u00a0<a href=\"https:\/\/lfv-oberholz.de\/cms\/wp-content\/uploads\/IMG_20221126_114022.jpg\"><img loading=\"lazy\" decoding=\"async\" class=\"alignnone wp-image-12383 \" src=\"https:\/\/lfv-oberholz.de\/cms\/wp-content\/uploads\/IMG_20221126_114022-300x225.jpg\" alt=\"IMG_20221126_114022\" width=\"184\" height=\"138\" srcset=\"https:\/\/lfv-oberholz.de\/cms\/wp-content\/uploads\/IMG_20221126_114022-300x225.jpg 300w, https:\/\/lfv-oberholz.de\/cms\/wp-content\/uploads\/IMG_20221126_114022-1024x768.jpg 1024w\" sizes=\"auto, (max-width: 184px) 100vw, 184px\" \/><\/a> <a href=\"https:\/\/lfv-oberholz.de\/cms\/wp-content\/uploads\/IMG_20221126_094326.jpg\"><img loading=\"lazy\" decoding=\"async\" class=\"alignnone wp-image-12376\" src=\"https:\/\/lfv-oberholz.de\/cms\/wp-content\/uploads\/IMG_20221126_094326-225x300.jpg\" alt=\"IMG_20221126_094326\" width=\"104\" height=\"138\" srcset=\"https:\/\/lfv-oberholz.de\/cms\/wp-content\/uploads\/IMG_20221126_094326-225x300.jpg 225w, https:\/\/lfv-oberholz.de\/cms\/wp-content\/uploads\/IMG_20221126_094326-768x1024.jpg 768w\" sizes=\"auto, (max-width: 104px) 100vw, 104px\" \/><\/a> <a href=\"https:\/\/lfv-oberholz.de\/cms\/wp-content\/uploads\/IMG_20221126_113800.jpg\"><img loading=\"lazy\" decoding=\"async\" class=\"alignnone wp-image-12377\" src=\"https:\/\/lfv-oberholz.de\/cms\/wp-content\/uploads\/IMG_20221126_113800-300x225.jpg\" alt=\"IMG_20221126_113800\" width=\"183\" height=\"138\" srcset=\"https:\/\/lfv-oberholz.de\/cms\/wp-content\/uploads\/IMG_20221126_113800-300x225.jpg 300w, https:\/\/lfv-oberholz.de\/cms\/wp-content\/uploads\/IMG_20221126_113800-1024x768.jpg 1024w\" sizes=\"auto, (max-width: 183px) 100vw, 183px\" \/><\/a><br \/>\nNachdem Silvio Lehmann gestern am Freitag, den 25. November als Kampfrichterwart in den neuen Vorstand des Kreisfachverbandes Leichtathletik des Landkreis Leipzig gew\u00e4hlt wurde, gab er am Folgetag gleich als Einstand mit der neuen KV-Vorsitzenden Bea Kubelt. Einen Kampfrichterlehrgang zur Aus- und Fortbildung in Grimma. Das Angebot nutzten etwa 40 Teilnehmer. Patrick Rosmann nutzte den Lehrgang zur Ausbildung als LA-Kampfrichter, welchen er k\u00fcnftig f\u00fcr den LFV Oberholz aus\u00fcben m\u00f6chte. Weitere Anwesende waren LA-Trainer wie auch bereits ausgebildete Kampfrichten die diesen Lehrgang zu Fortbildungszwecken wahr nahmen.<br \/>\n<\/span><\/p>\n","protected":false},"excerpt":{"rendered":"<p>\u00a0 Nachdem Silvio Lehmann gestern am Freitag, den 25. November als Kampfrichterwart in den neuen Vorstand des Kreisfachverbandes Leichtathletik des Landkreis Leipzig gew\u00e4hlt wurde, gab er am Folgetag gleich als Einstand mit der neuen KV-Vorsitzenden Bea Kubelt. Einen Kampfrichterlehrgang zur &hellip; <a href=\"https:\/\/lfv-oberholz.de\/cms\/silvio-lehmann-jetzt-kampfrichterwart-im-kv-la\/\">Weiterlesen <span class=\"meta-nav\">&rarr;<\/span><\/a><\/p>\n","protected":false},"author":8,"featured_media":0,"comment_status":"closed","ping_status":"closed","sticky":false,"template":"","format":"standard","meta":{"pgc_sgb_lightbox_settings":"","footnotes":""},"categories":[1,5],"tags":[],"class_list":["post-12374","post","type-post","status-publish","format-standard","hentry","category-allgemein","category-leichtathletik"],"_links":{"self":[{"href":"https:\/\/lfv-oberholz.de\/cms\/wp-json\/wp\/v2\/posts\/12374","targetHints":{"allow":["GET"]}}],"collection":[{"href":"https:\/\/lfv-oberholz.de\/cms\/wp-json\/wp\/v2\/posts"}],"about":[{"href":"https:\/\/lfv-oberholz.de\/cms\/wp-json\/wp\/v2\/types\/post"}],"author":[{"embeddable":true,"href":"https:\/\/lfv-oberholz.de\/cms\/wp-json\/wp\/v2\/users\/8"}],"replies":[{"embeddable":true,"href":"https:\/\/lfv-oberholz.de\/cms\/wp-json\/wp\/v2\/comments?post=12374"}],"version-history":[{"count":0,"href":"https:\/\/lfv-oberholz.de\/cms\/wp-json\/wp\/v2\/posts\/12374\/revisions"}],"wp:attachment":[{"href":"https:\/\/lfv-oberholz.de\/cms\/wp-json\/wp\/v2\/media?parent=12374"}],"wp:term":[{"taxonomy":"category","embeddable":true,"href":"https:\/\/lfv-oberholz.de\/cms\/wp-json\/wp\/v2\/categories?post=12374"},{"taxonomy":"post_tag","embeddable":true,"href":"https:\/\/lfv-oberholz.de\/cms\/wp-json\/wp\/v2\/tags?post=12374"}],"curies":[{"name":"wp","href":"https:\/\/api.w.org\/{rel}","templated":true}]}}