{"id":12429,"date":"2022-12-31T17:52:47","date_gmt":"2022-12-31T16:52:47","guid":{"rendered":"http:\/\/lfv-oberholz.de\/cms\/?p=12429"},"modified":"2023-01-18T22:42:31","modified_gmt":"2023-01-18T21:42:31","slug":"sportlicher-jahresausklang-bei-diversen-silvesterlaeufen","status":"publish","type":"post","link":"https:\/\/lfv-oberholz.de\/cms\/sportlicher-jahresausklang-bei-diversen-silvesterlaeufen\/","title":{"rendered":"Sportlicher Jahresausklang bei diversen Silvesterl\u00e4ufen"},"content":{"rendered":"<p><a href=\"https:\/\/lfv-oberholz.de\/cms\/wp-content\/uploads\/IMG_20221231_130744.jpg\"><img loading=\"lazy\" decoding=\"async\" class=\"alignleft wp-image-12435 \" src=\"https:\/\/lfv-oberholz.de\/cms\/wp-content\/uploads\/IMG_20221231_130744-300x225.jpg\" alt=\"IMG_20221231_130744\" width=\"134\" height=\"101\" srcset=\"https:\/\/lfv-oberholz.de\/cms\/wp-content\/uploads\/IMG_20221231_130744-300x225.jpg 300w, https:\/\/lfv-oberholz.de\/cms\/wp-content\/uploads\/IMG_20221231_130744-1024x768.jpg 1024w\" sizes=\"auto, (max-width: 134px) 100vw, 134px\" \/><\/a>Ein Teil unserer L\u00e4ufer und Triathleten beendete das Sportjahr 2022 mit einer Teilnahme am Silvesterlauf. Das fr\u00fchlingshafte Wetter heute lud ja regelrecht zur sportlichen Bet\u00e4tigung im Freien ein. Der LFV Oberholz war in Bad D\u00fcben, Erfurt und Leipzig vertreten. Zudem liefen unsere &#8222;Torgauer&#8220; eine individuelle Runde.<\/p>\n<p>&nbsp;<\/p>\n<p><strong><a href=\"https:\/\/lfv-oberholz.de\/cms\/wp-content\/uploads\/IMG-20221231-WA0009.jpg\"><img loading=\"lazy\" decoding=\"async\" class=\"wp-image-12437 alignright\" src=\"https:\/\/lfv-oberholz.de\/cms\/wp-content\/uploads\/IMG-20221231-WA0009-225x300.jpg\" alt=\"IMG-20221231-WA0009\" width=\"61\" height=\"82\" srcset=\"https:\/\/lfv-oberholz.de\/cms\/wp-content\/uploads\/IMG-20221231-WA0009-225x300.jpg 225w, https:\/\/lfv-oberholz.de\/cms\/wp-content\/uploads\/IMG-20221231-WA0009.jpg 768w\" sizes=\"auto, (max-width: 61px) 100vw, 61px\" \/><\/a> in Bad D\u00fcben <a href=\"https:\/\/lfv-oberholz.de\/cms\/wp-content\/uploads\/IMG-20221231-WA0053.jpg\"><img loading=\"lazy\" decoding=\"async\" class=\"wp-image-12444 alignright\" src=\"https:\/\/lfv-oberholz.de\/cms\/wp-content\/uploads\/IMG-20221231-WA0053-225x300.jpg\" alt=\"IMG-20221231-WA0053\" width=\"61\" height=\"82\" srcset=\"https:\/\/lfv-oberholz.de\/cms\/wp-content\/uploads\/IMG-20221231-WA0053-225x300.jpg 225w, https:\/\/lfv-oberholz.de\/cms\/wp-content\/uploads\/IMG-20221231-WA0053-768x1024.jpg 768w, https:\/\/lfv-oberholz.de\/cms\/wp-content\/uploads\/IMG-20221231-WA0053.jpg 1200w\" sizes=\"auto, (max-width: 61px) 100vw, 61px\" \/><\/a><\/strong><br \/>\n<span style=\"text-decoration: underline;\">10 km<\/span> (noch keine Ergebnisse vorhanden)<br \/>\nAntje M\u00fcller<br \/>\nca. 50:30 min, Marco Fischer<\/p>\n<p>&nbsp;<\/p>\n<p><strong><a href=\"https:\/\/lfv-oberholz.de\/cms\/wp-content\/uploads\/IMG-20221231-WA0010.jpg\"><img loading=\"lazy\" decoding=\"async\" class=\"alignright wp-image-12434\" src=\"https:\/\/lfv-oberholz.de\/cms\/wp-content\/uploads\/IMG-20221231-WA0010-300x225.jpg\" alt=\"IMG-20221231-WA0010\" width=\"109\" height=\"82\" srcset=\"https:\/\/lfv-oberholz.de\/cms\/wp-content\/uploads\/IMG-20221231-WA0010-300x225.jpg 300w, https:\/\/lfv-oberholz.de\/cms\/wp-content\/uploads\/IMG-20221231-WA0010-1024x768.jpg 1024w, https:\/\/lfv-oberholz.de\/cms\/wp-content\/uploads\/IMG-20221231-WA0010.jpg 1600w\" sizes=\"auto, (max-width: 109px) 100vw, 109px\" \/><\/a>in Erfurt<\/strong><br \/>\n<span style=\"text-decoration: underline;\">10 km<\/span><br \/>\n49:23,8 min, Katharina Dietrich, 13. Platz ges. w, 3. Platz W30<\/p>\n<p>&nbsp;<\/p>\n<p><strong> <a href=\"https:\/\/lfv-oberholz.de\/cms\/wp-content\/uploads\/IMG_20221231_124040-1.jpg\"><img loading=\"lazy\" decoding=\"async\" class=\"wp-image-12449 alignright\" src=\"https:\/\/lfv-oberholz.de\/cms\/wp-content\/uploads\/IMG_20221231_124040-1-167x300.jpg\" alt=\"IMG_20221231_124040-1\" width=\"46\" height=\"82\" srcset=\"https:\/\/lfv-oberholz.de\/cms\/wp-content\/uploads\/IMG_20221231_124040-1-167x300.jpg 167w, https:\/\/lfv-oberholz.de\/cms\/wp-content\/uploads\/IMG_20221231_124040-1.jpg 572w\" sizes=\"auto, (max-width: 46px) 100vw, 46px\" \/><\/a>in Leipzig<\/strong><strong> <a href=\"https:\/\/lfv-oberholz.de\/cms\/wp-content\/uploads\/IMG_20221231_123348-1.jpg\"><img loading=\"lazy\" decoding=\"async\" class=\"wp-image-12448 alignright\" src=\"https:\/\/lfv-oberholz.de\/cms\/wp-content\/uploads\/IMG_20221231_123348-1-232x300.jpg\" alt=\"IMG_20221231_123348-1\" width=\"63\" height=\"82\" srcset=\"https:\/\/lfv-oberholz.de\/cms\/wp-content\/uploads\/IMG_20221231_123348-1-232x300.jpg 232w, https:\/\/lfv-oberholz.de\/cms\/wp-content\/uploads\/IMG_20221231_123348-1-793x1024.jpg 793w, https:\/\/lfv-oberholz.de\/cms\/wp-content\/uploads\/IMG_20221231_123348-1.jpg 949w\" sizes=\"auto, (max-width: 63px) 100vw, 63px\" \/><\/a> <\/strong><br \/>\n<span style=\"text-decoration: underline;\">10 km<\/span><br \/>\n38:55 min, Jens Oswald, 24. Platz ges. m, 3. Platz M45<br \/>\n45:02 min, Conny Blumert, 13. Platz ges. w, 3. Platz W40<br \/>\n48:53 min, Jens St\u00f6ckel, 128. Platz ges. m, 18. Platz M45<br \/>\n49:08 min, Manfred Thomas, 132. Platz m, 2. Platz M65<br \/>\n<a href=\"https:\/\/lfv-oberholz.de\/cms\/wp-content\/uploads\/IMG_20221231_124407.jpg\"><img loading=\"lazy\" decoding=\"async\" class=\"wp-image-12456 alignright\" src=\"https:\/\/lfv-oberholz.de\/cms\/wp-content\/uploads\/IMG_20221231_124407-225x300.jpg\" alt=\"IMG_20221231_124407\" width=\"62\" height=\"83\" srcset=\"https:\/\/lfv-oberholz.de\/cms\/wp-content\/uploads\/IMG_20221231_124407-225x300.jpg 225w, https:\/\/lfv-oberholz.de\/cms\/wp-content\/uploads\/IMG_20221231_124407-768x1024.jpg 768w\" sizes=\"auto, (max-width: 62px) 100vw, 62px\" \/><\/a> 50:03 min, <a href=\"https:\/\/lfv-oberholz.de\/cms\/athleten\/haeussler-albrecht\/\">Albrecht\u00a0\u00a0 <img loading=\"lazy\" decoding=\"async\" class=\"wp-image-12455 alignright\" src=\"https:\/\/lfv-oberholz.de\/cms\/wp-content\/uploads\/IMG_20221231_123136-1-220x300.jpg\" alt=\"IMG_20221231_123136-1\" width=\"60\" height=\"83\" srcset=\"https:\/\/lfv-oberholz.de\/cms\/wp-content\/uploads\/IMG_20221231_123136-1-220x300.jpg 220w, https:\/\/lfv-oberholz.de\/cms\/wp-content\/uploads\/IMG_20221231_123136-1-752x1024.jpg 752w, https:\/\/lfv-oberholz.de\/cms\/wp-content\/uploads\/IMG_20221231_123136-1.jpg 1133w\" sizes=\"auto, (max-width: 60px) 100vw, 60px\" \/>H\u00e4u\u00dfler<\/a>, 148. Platz ges. m, 9. Platz M60<br \/>\n53:15 min, Michael Voigt, 194. Platz ges. m, 21. Platz M50<br \/>\n53:32 min, <a href=\"https:\/\/lfv-oberholz.de\/cms\/athleten\/langkabel-ruediger\/\">R\u00fcdiger Langkabel<\/a>, 210. Platz ges. m, 23. Platz M50<br \/>\n55:04 min, <a href=\"https:\/\/lfv-oberholz.de\/cms\/athleten\/behrends-joerg\/\">J\u00f6rg Behrends<\/a>, 228. Platz ges. m, 21. Platz M55<br \/>\n(+ 4x Fam. Bogen unter SC DHfK und LC Auensee)<\/p>\n<p><a href=\"https:\/\/lfv-oberholz.de\/cms\/wp-content\/uploads\/IMG_20221231_124437.jpg\"><img loading=\"lazy\" decoding=\"async\" class=\"alignnone wp-image-12457\" src=\"https:\/\/lfv-oberholz.de\/cms\/wp-content\/uploads\/IMG_20221231_124437-225x300.jpg\" alt=\"IMG_20221231_124437\" width=\"87\" height=\"116\" srcset=\"https:\/\/lfv-oberholz.de\/cms\/wp-content\/uploads\/IMG_20221231_124437-225x300.jpg 225w, https:\/\/lfv-oberholz.de\/cms\/wp-content\/uploads\/IMG_20221231_124437-768x1024.jpg 768w\" sizes=\"auto, (max-width: 87px) 100vw, 87px\" \/><\/a> <a href=\"https:\/\/lfv-oberholz.de\/cms\/wp-content\/uploads\/IMG_20221231_123659-1.jpg\"><img loading=\"lazy\" decoding=\"async\" class=\"alignnone wp-image-12458\" src=\"https:\/\/lfv-oberholz.de\/cms\/wp-content\/uploads\/IMG_20221231_123659-1-300x254.jpg\" alt=\"IMG_20221231_123659-1\" width=\"137\" height=\"116\" srcset=\"https:\/\/lfv-oberholz.de\/cms\/wp-content\/uploads\/IMG_20221231_123659-1-300x254.jpg 300w, https:\/\/lfv-oberholz.de\/cms\/wp-content\/uploads\/IMG_20221231_123659-1-1024x869.jpg 1024w\" sizes=\"auto, (max-width: 137px) 100vw, 137px\" \/><\/a> <a href=\"https:\/\/lfv-oberholz.de\/cms\/wp-content\/uploads\/IMG_20221231_124042-1.jpg\"><img loading=\"lazy\" decoding=\"async\" class=\"alignnone wp-image-12459\" src=\"https:\/\/lfv-oberholz.de\/cms\/wp-content\/uploads\/IMG_20221231_124042-1-155x300.jpg\" alt=\"IMG_20221231_124042-1\" width=\"60\" height=\"116\" srcset=\"https:\/\/lfv-oberholz.de\/cms\/wp-content\/uploads\/IMG_20221231_124042-1-155x300.jpg 155w, https:\/\/lfv-oberholz.de\/cms\/wp-content\/uploads\/IMG_20221231_124042-1-532x1024.jpg 532w, https:\/\/lfv-oberholz.de\/cms\/wp-content\/uploads\/IMG_20221231_124042-1.jpg 1133w\" sizes=\"auto, (max-width: 60px) 100vw, 60px\" \/><\/a> <a href=\"https:\/\/lfv-oberholz.de\/cms\/wp-content\/uploads\/IMG_20221231_130623.jpg\"><img loading=\"lazy\" decoding=\"async\" class=\"alignnone wp-image-12460\" src=\"https:\/\/lfv-oberholz.de\/cms\/wp-content\/uploads\/IMG_20221231_130623-300x225.jpg\" alt=\"IMG_20221231_130623\" width=\"154\" height=\"116\" srcset=\"https:\/\/lfv-oberholz.de\/cms\/wp-content\/uploads\/IMG_20221231_130623-300x225.jpg 300w, https:\/\/lfv-oberholz.de\/cms\/wp-content\/uploads\/IMG_20221231_130623-1024x768.jpg 1024w\" sizes=\"auto, (max-width: 154px) 100vw, 154px\" \/><\/a> <a href=\"https:\/\/lfv-oberholz.de\/cms\/wp-content\/uploads\/IMG_20221231_131232.jpg\"><img loading=\"lazy\" decoding=\"async\" class=\"alignnone wp-image-12461\" src=\"https:\/\/lfv-oberholz.de\/cms\/wp-content\/uploads\/IMG_20221231_131232-225x300.jpg\" alt=\"IMG_20221231_131232\" width=\"87\" height=\"116\" srcset=\"https:\/\/lfv-oberholz.de\/cms\/wp-content\/uploads\/IMG_20221231_131232-225x300.jpg 225w, https:\/\/lfv-oberholz.de\/cms\/wp-content\/uploads\/IMG_20221231_131232-768x1024.jpg 768w\" sizes=\"auto, (max-width: 87px) 100vw, 87px\" \/><\/a> <a href=\"https:\/\/lfv-oberholz.de\/cms\/wp-content\/uploads\/IMG-20221231-WA0050.jpg\"><img loading=\"lazy\" decoding=\"async\" class=\"alignnone wp-image-12462\" src=\"https:\/\/lfv-oberholz.de\/cms\/wp-content\/uploads\/IMG-20221231-WA0050-225x300.jpg\" alt=\"IMG-20221231-WA0050\" width=\"87\" height=\"116\" srcset=\"https:\/\/lfv-oberholz.de\/cms\/wp-content\/uploads\/IMG-20221231-WA0050-225x300.jpg 225w, https:\/\/lfv-oberholz.de\/cms\/wp-content\/uploads\/IMG-20221231-WA0050-768x1024.jpg 768w, https:\/\/lfv-oberholz.de\/cms\/wp-content\/uploads\/IMG-20221231-WA0050.jpg 1500w\" sizes=\"auto, (max-width: 87px) 100vw, 87px\" \/><\/a><\/p>\n<p><strong><a href=\"https:\/\/lfv-oberholz.de\/cms\/wp-content\/uploads\/IMG-20221231-WA0056.jpg\"><img loading=\"lazy\" decoding=\"async\" class=\"alignright wp-image-12436 \" src=\"https:\/\/lfv-oberholz.de\/cms\/wp-content\/uploads\/IMG-20221231-WA0056-300x225.jpg\" alt=\"IMG-20221231-WA0056\" width=\"107\" height=\"80\" srcset=\"https:\/\/lfv-oberholz.de\/cms\/wp-content\/uploads\/IMG-20221231-WA0056-300x225.jpg 300w, https:\/\/lfv-oberholz.de\/cms\/wp-content\/uploads\/IMG-20221231-WA0056.jpg 1024w\" sizes=\"auto, (max-width: 107px) 100vw, 107px\" \/><\/a>in Torgau<a href=\"https:\/\/lfv-oberholz.de\/cms\/wp-content\/uploads\/IMG-20221231-WA0058.jpg\"><img loading=\"lazy\" decoding=\"async\" class=\"wp-image-12470 alignright\" src=\"https:\/\/lfv-oberholz.de\/cms\/wp-content\/uploads\/IMG-20221231-WA0058-300x168.jpg\" alt=\"IMG-20221231-WA0058\" width=\"143\" height=\"80\" srcset=\"https:\/\/lfv-oberholz.de\/cms\/wp-content\/uploads\/IMG-20221231-WA0058-300x168.jpg 300w, https:\/\/lfv-oberholz.de\/cms\/wp-content\/uploads\/IMG-20221231-WA0058-1024x576.jpg 1024w, https:\/\/lfv-oberholz.de\/cms\/wp-content\/uploads\/IMG-20221231-WA0058.jpg 2048w\" sizes=\"auto, (max-width: 143px) 100vw, 143px\" \/><\/a><\/strong><br \/>\n<span style=\"text-decoration: underline;\">13 km<\/span> (keine Zeitnahme)<br \/>\n<a href=\"https:\/\/lfv-oberholz.de\/cms\/athleten\/klemm-alexander\/\">Alexander Klemm<\/a>, Henri Leuschner, <a href=\"https:\/\/lfv-oberholz.de\/cms\/athleten\/bail-silvio\/\">Silvio Bail<\/a>, Staefan Golatowski,\u00a0 . . .<\/p>\n","protected":false},"excerpt":{"rendered":"<p>Ein Teil unserer L\u00e4ufer und Triathleten beendete das Sportjahr 2022 mit einer Teilnahme am Silvesterlauf. Das fr\u00fchlingshafte Wetter heute lud ja regelrecht zur sportlichen Bet\u00e4tigung im Freien ein. Der LFV Oberholz war in Bad D\u00fcben, Erfurt und Leipzig vertreten. Zudem &hellip; <a href=\"https:\/\/lfv-oberholz.de\/cms\/sportlicher-jahresausklang-bei-diversen-silvesterlaeufen\/\">Weiterlesen <span class=\"meta-nav\">&rarr;<\/span><\/a><\/p>\n","protected":false},"author":6,"featured_media":0,"comment_status":"closed","ping_status":"closed","sticky":false,"template":"","format":"standard","meta":{"pgc_sgb_lightbox_settings":"","footnotes":""},"categories":[1],"tags":[],"class_list":["post-12429","post","type-post","status-publish","format-standard","hentry","category-allgemein"],"_links":{"self":[{"href":"https:\/\/lfv-oberholz.de\/cms\/wp-json\/wp\/v2\/posts\/12429","targetHints":{"allow":["GET"]}}],"collection":[{"href":"https:\/\/lfv-oberholz.de\/cms\/wp-json\/wp\/v2\/posts"}],"about":[{"href":"https:\/\/lfv-oberholz.de\/cms\/wp-json\/wp\/v2\/types\/post"}],"author":[{"embeddable":true,"href":"https:\/\/lfv-oberholz.de\/cms\/wp-json\/wp\/v2\/users\/6"}],"replies":[{"embeddable":true,"href":"https:\/\/lfv-oberholz.de\/cms\/wp-json\/wp\/v2\/comments?post=12429"}],"version-history":[{"count":0,"href":"https:\/\/lfv-oberholz.de\/cms\/wp-json\/wp\/v2\/posts\/12429\/revisions"}],"wp:attachment":[{"href":"https:\/\/lfv-oberholz.de\/cms\/wp-json\/wp\/v2\/media?parent=12429"}],"wp:term":[{"taxonomy":"category","embeddable":true,"href":"https:\/\/lfv-oberholz.de\/cms\/wp-json\/wp\/v2\/categories?post=12429"},{"taxonomy":"post_tag","embeddable":true,"href":"https:\/\/lfv-oberholz.de\/cms\/wp-json\/wp\/v2\/tags?post=12429"}],"curies":[{"name":"wp","href":"https:\/\/api.w.org\/{rel}","templated":true}]}}