{"id":1265,"date":"2016-03-08T18:28:46","date_gmt":"2016-03-08T17:28:46","guid":{"rendered":"http:\/\/lfv-oberholz.de\/cms\/?p=1265"},"modified":"2016-03-20T10:45:22","modified_gmt":"2016-03-20T09:45:22","slug":"noch-ein-runder-geburtstag-am-vergangenen-wochenende","status":"publish","type":"post","link":"https:\/\/lfv-oberholz.de\/cms\/noch-ein-runder-geburtstag-am-vergangenen-wochenende\/","title":{"rendered":"Noch ein runder Geburtstag am vergangenen Wochenende"},"content":{"rendered":"<p>Am 6. M\u00e4rz feierte der Mazdalauf in Eilenburg seine 20. Auflage. Neben dem Wertungslauf zum EZEL D\u00fcbener Heide- und Nordsachsencup sowie der Wertung im Lichtenauer Sachsencup fanden Kinder- und Staffell\u00e4ufe als Rahmenprogramm statt. <!--more-->Bei k\u00fchlen Temperaturen und im laufe des Vormittags zunehmenden Wind bestritten zahlreiche L\u00e4ufer aus ganz Sachsen einen fairen Wettstreit. Als Spezialgast trat der Multi- und Extremsportler Joey Kelly beim Hauptlauf \u00fcber 10 km an. Auch\u00a0etliche Oberholzer waren am Start.<\/p>\n<p>wir gratulieren zu nachstehenden Ergebnissen:<\/p>\n<p>10 km<br \/>\n0:40:13 h, Florian K\u00fchne, 54. Platz total, 50. Platz ges. m, 11. Platz AK MHK,<br \/>\n0:44:06 h, Heiko H\u00e4usler, 91. Platz total, 87. Platz ges. m, 16. Platz AK M 40,<br \/>\n0:49:09 h, Kornelia M\u00fcller, 185. Platz total, 17. Platz ges. w, 2. Platz AK W 45,<br \/>\n0:53:10 h, <a href=\"https:\/\/lfv-oberholz.de\/cms\/wp-admin\/post.php?post=262&amp;action=edit\">J\u00f6rg Bauer<\/a>, 265. Platz total, 229. Platz ges. m, 35. Platz AK M 45,<br \/>\n(0:57:35 h, Dirk M\u00fcller-Juran, 310. Platz total , 260. Platz ges. m, 43. Platz AK M 45),<br \/>\n1:11:20 h, Dr. Ina Uebersch\u00e4r, 348. Platz total, 72. Platz ges. w, 7. Platz AK W 60<\/p>\n<p>5 km Lauf<br \/>\n0:25:18 h, Marco Fischer, 113. Platz total, 82. Platz ges. m, 50. Platz M\u00e4nner,<br \/>\n(0:25:34 h, Marie Luise Fischer, 123. Platz total, 34. ges. w, 14. Platz AK WJ U14),<br \/>\n0:32:33 h, Jacqueline Losse, 251. Platz total, 86. Platz ges. w, 44. Platz Frauen,<br \/>\n0:32:34 h, Ralph Gertler, 252. Platz total, 166. Platz ges. m, 98. Platz M\u00e4nner<\/p>\n<p>5 km Walking<br \/>\n0:38:27 h, Anja Miersch, 13. Platz total, 6. Platz Frauen,<br \/>\n0:38:28 h, Ramona Miersch, 14. Platz total, 7. Platz Frauen<\/p>\n<p>2 km<br \/>\n0:11:36 h, Tara Liedtke, 61. Platz total, 30. Platz w, 14. Platz AK WS U10<\/p>\n","protected":false},"excerpt":{"rendered":"<p>Am 6. M\u00e4rz feierte der Mazdalauf in Eilenburg seine 20. Auflage. Neben dem Wertungslauf zum EZEL D\u00fcbener Heide- und Nordsachsencup sowie der Wertung im Lichtenauer Sachsencup fanden Kinder- und Staffell\u00e4ufe als Rahmenprogramm statt.<\/p>\n","protected":false},"author":8,"featured_media":0,"comment_status":"closed","ping_status":"closed","sticky":false,"template":"","format":"standard","meta":{"pgc_sgb_lightbox_settings":"","footnotes":""},"categories":[5],"tags":[],"class_list":["post-1265","post","type-post","status-publish","format-standard","hentry","category-leichtathletik"],"_links":{"self":[{"href":"https:\/\/lfv-oberholz.de\/cms\/wp-json\/wp\/v2\/posts\/1265","targetHints":{"allow":["GET"]}}],"collection":[{"href":"https:\/\/lfv-oberholz.de\/cms\/wp-json\/wp\/v2\/posts"}],"about":[{"href":"https:\/\/lfv-oberholz.de\/cms\/wp-json\/wp\/v2\/types\/post"}],"author":[{"embeddable":true,"href":"https:\/\/lfv-oberholz.de\/cms\/wp-json\/wp\/v2\/users\/8"}],"replies":[{"embeddable":true,"href":"https:\/\/lfv-oberholz.de\/cms\/wp-json\/wp\/v2\/comments?post=1265"}],"version-history":[{"count":0,"href":"https:\/\/lfv-oberholz.de\/cms\/wp-json\/wp\/v2\/posts\/1265\/revisions"}],"wp:attachment":[{"href":"https:\/\/lfv-oberholz.de\/cms\/wp-json\/wp\/v2\/media?parent=1265"}],"wp:term":[{"taxonomy":"category","embeddable":true,"href":"https:\/\/lfv-oberholz.de\/cms\/wp-json\/wp\/v2\/categories?post=1265"},{"taxonomy":"post_tag","embeddable":true,"href":"https:\/\/lfv-oberholz.de\/cms\/wp-json\/wp\/v2\/tags?post=1265"}],"curies":[{"name":"wp","href":"https:\/\/api.w.org\/{rel}","templated":true}]}}