{"id":13226,"date":"2023-04-02T21:16:23","date_gmt":"2023-04-02T19:16:23","guid":{"rendered":"http:\/\/lfv-oberholz.de\/cms\/?p=13226"},"modified":"2023-04-05T21:48:28","modified_gmt":"2023-04-05T19:48:28","slug":"starkes-duell-von-richard-und-rico-beim-muldentaler-staedtelauf","status":"publish","type":"post","link":"https:\/\/lfv-oberholz.de\/cms\/starkes-duell-von-richard-und-rico-beim-muldentaler-staedtelauf\/","title":{"rendered":"Starkes Duell von Richard und Rico beim Muldentaler St\u00e4dtelauf"},"content":{"rendered":"\n<p><a href=\"https:\/\/lfv-oberholz.de\/cms\/wp-content\/uploads\/IMG-20230402-WA0019.jpg\"><img loading=\"lazy\" decoding=\"async\" class=\"alignright wp-image-13227\" src=\"https:\/\/lfv-oberholz.de\/cms\/wp-content\/uploads\/IMG-20230402-WA0019-225x300.jpg\" alt=\"\" width=\"113\" height=\"151\" srcset=\"https:\/\/lfv-oberholz.de\/cms\/wp-content\/uploads\/IMG-20230402-WA0019-225x300.jpg 225w, https:\/\/lfv-oberholz.de\/cms\/wp-content\/uploads\/IMG-20230402-WA0019.jpg 768w\" sizes=\"auto, (max-width: 113px) 100vw, 113px\" \/><\/a>Mit dem Ziel den Streckenrekord zu knacken, lieferten sich Richard Vogelsang und Rico Bogen ein echt starkes Laufduell. Es waren optimale Laufbedingungen heute, trocken und R\u00fcckenwind fast auf der kompletten Laufstrecke. Nur etwas w\u00e4rmer h\u00e4tte es sein k\u00f6nnen (3 &#8211; 5 \u00b0C).<a href=\"https:\/\/lfv-oberholz.de\/cms\/wp-content\/uploads\/IMG_20230402_084327-scaled.jpg\"><img loading=\"lazy\" decoding=\"async\" class=\"alignleft wp-image-13229\" src=\"https:\/\/lfv-oberholz.de\/cms\/wp-content\/uploads\/IMG_20230402_084327-300x225.jpg\" alt=\"\" width=\"160\" height=\"120\" srcset=\"https:\/\/lfv-oberholz.de\/cms\/wp-content\/uploads\/IMG_20230402_084327-300x225.jpg 300w, https:\/\/lfv-oberholz.de\/cms\/wp-content\/uploads\/IMG_20230402_084327-1024x768.jpg 1024w, https:\/\/lfv-oberholz.de\/cms\/wp-content\/uploads\/IMG_20230402_084327-768x576.jpg 768w, https:\/\/lfv-oberholz.de\/cms\/wp-content\/uploads\/IMG_20230402_084327-1536x1152.jpg 1536w, https:\/\/lfv-oberholz.de\/cms\/wp-content\/uploads\/IMG_20230402_084327-2048x1536.jpg 2048w\" sizes=\"auto, (max-width: 160px) 100vw, 160px\" \/><\/a> <br \/>Nach Abholung der Startunterlagen und f\u00fcr fast alle Teilnehmer die Fahrt mit dem Chuttle-Bus zum Startort Wurzen, fiel auf dem Marktplatz p\u00fcnktlich der Startschuss zu einem der sch\u00f6nsten Landschaftsl\u00e4ufe in der Region. Von hier ab hie\u00df es, nach einer kleinen Startrunde im Zentrum der Kleinstadt, hinaus gen S\u00fcden. Entlang des Radweges auf der ehemaligen Bahnstrecke waren 21,1 km bis Grimma zu absolvieren. Dabei lieferten sich <!--more-->Richard Vogelsang und Rico Bogen einen harten Zweikampf, welchen Richard dann auf den letzten Kilometern f\u00fcr sich entscheiden konnte. <a href=\"https:\/\/lfv-oberholz.de\/cms\/wp-content\/uploads\/IMG_20230402_103747-scaled.jpg\"><img loading=\"lazy\" decoding=\"async\" class=\"alignleft wp-image-13230\" src=\"https:\/\/lfv-oberholz.de\/cms\/wp-content\/uploads\/IMG_20230402_103747-225x300.jpg\" alt=\"\" width=\"111\" height=\"148\" srcset=\"https:\/\/lfv-oberholz.de\/cms\/wp-content\/uploads\/IMG_20230402_103747-225x300.jpg 225w, https:\/\/lfv-oberholz.de\/cms\/wp-content\/uploads\/IMG_20230402_103747-768x1024.jpg 768w, https:\/\/lfv-oberholz.de\/cms\/wp-content\/uploads\/IMG_20230402_103747-1152x1536.jpg 1152w, https:\/\/lfv-oberholz.de\/cms\/wp-content\/uploads\/IMG_20230402_103747-1536x2048.jpg 1536w, https:\/\/lfv-oberholz.de\/cms\/wp-content\/uploads\/IMG_20230402_103747-scaled.jpg 1920w\" sizes=\"auto, (max-width: 111px) 100vw, 111px\" \/><\/a>Aber auch in der Verfolgergruppe um Rang 6 ging es hei\u00df her. In dieser hielt sich lange Zeit Marc Werner auf. \u00dcberraschend waren auch die super Laufleistungen von Antje M\u00fcller und Nicol Moritz. Antje kam als drittschnellste der Frauen ins Ziel und &#8222;Nici&#8220; schaffte es in iherer Altersklasse auf das Siegerpodest. Weiterhin rannten Kornelia M\u00fcller, Marco Sander, Thomas Schr\u00f6der, Albrecht H\u00e4u\u00dfler,Christoph Wippich und J\u00f6rg Behrends.<br \/>Einen gro\u00dfen Dank unserer Teilnehmer an Familie Rosenberg vom Fanshop Grimma sowie das ganze Helferteam f\u00fcr die liebevoll organisierte und durchgef\u00fchrte Veranstaltung.<br \/><a href=\"https:\/\/lfv-oberholz.de\/cms\/wp-content\/uploads\/IMG-20230402-WA0020.jpg\"><img loading=\"lazy\" decoding=\"async\" class=\"alignnone wp-image-13228\" src=\"https:\/\/lfv-oberholz.de\/cms\/wp-content\/uploads\/IMG-20230402-WA0020-199x300.jpg\" alt=\"\" width=\"60\" height=\"90\" srcset=\"https:\/\/lfv-oberholz.de\/cms\/wp-content\/uploads\/IMG-20230402-WA0020-199x300.jpg 199w, https:\/\/lfv-oberholz.de\/cms\/wp-content\/uploads\/IMG-20230402-WA0020.jpg 678w\" sizes=\"auto, (max-width: 60px) 100vw, 60px\" \/><\/a> <a href=\"https:\/\/lfv-oberholz.de\/cms\/wp-content\/uploads\/IMG_20230402_113039-scaled.jpg\"><img loading=\"lazy\" decoding=\"async\" class=\"alignnone wp-image-13235\" src=\"https:\/\/lfv-oberholz.de\/cms\/wp-content\/uploads\/IMG_20230402_113039-225x300.jpg\" alt=\"\" width=\"68\" height=\"90\" srcset=\"https:\/\/lfv-oberholz.de\/cms\/wp-content\/uploads\/IMG_20230402_113039-225x300.jpg 225w, https:\/\/lfv-oberholz.de\/cms\/wp-content\/uploads\/IMG_20230402_113039-768x1024.jpg 768w, https:\/\/lfv-oberholz.de\/cms\/wp-content\/uploads\/IMG_20230402_113039-1152x1536.jpg 1152w, https:\/\/lfv-oberholz.de\/cms\/wp-content\/uploads\/IMG_20230402_113039-1536x2048.jpg 1536w, https:\/\/lfv-oberholz.de\/cms\/wp-content\/uploads\/IMG_20230402_113039-scaled.jpg 1920w\" sizes=\"auto, (max-width: 68px) 100vw, 68px\" \/><\/a> <a href=\"https:\/\/lfv-oberholz.de\/cms\/wp-content\/uploads\/IMG_20230402_113810-scaled.jpg\"><img loading=\"lazy\" decoding=\"async\" class=\"alignnone wp-image-13236\" src=\"https:\/\/lfv-oberholz.de\/cms\/wp-content\/uploads\/IMG_20230402_113810-300x225.jpg\" alt=\"\" width=\"120\" height=\"90\" srcset=\"https:\/\/lfv-oberholz.de\/cms\/wp-content\/uploads\/IMG_20230402_113810-300x225.jpg 300w, https:\/\/lfv-oberholz.de\/cms\/wp-content\/uploads\/IMG_20230402_113810-1024x768.jpg 1024w, https:\/\/lfv-oberholz.de\/cms\/wp-content\/uploads\/IMG_20230402_113810-768x576.jpg 768w, https:\/\/lfv-oberholz.de\/cms\/wp-content\/uploads\/IMG_20230402_113810-1536x1152.jpg 1536w, https:\/\/lfv-oberholz.de\/cms\/wp-content\/uploads\/IMG_20230402_113810-2048x1536.jpg 2048w\" sizes=\"auto, (max-width: 120px) 100vw, 120px\" \/><\/a> <a href=\"https:\/\/lfv-oberholz.de\/cms\/wp-content\/uploads\/IMG_20230402_113811-scaled.jpg\"><img loading=\"lazy\" decoding=\"async\" class=\"alignnone wp-image-13237\" src=\"https:\/\/lfv-oberholz.de\/cms\/wp-content\/uploads\/IMG_20230402_113811-300x225.jpg\" alt=\"\" width=\"120\" height=\"90\" srcset=\"https:\/\/lfv-oberholz.de\/cms\/wp-content\/uploads\/IMG_20230402_113811-300x225.jpg 300w, https:\/\/lfv-oberholz.de\/cms\/wp-content\/uploads\/IMG_20230402_113811-1024x768.jpg 1024w, https:\/\/lfv-oberholz.de\/cms\/wp-content\/uploads\/IMG_20230402_113811-768x576.jpg 768w, https:\/\/lfv-oberholz.de\/cms\/wp-content\/uploads\/IMG_20230402_113811-1536x1152.jpg 1536w, https:\/\/lfv-oberholz.de\/cms\/wp-content\/uploads\/IMG_20230402_113811-2048x1536.jpg 2048w\" sizes=\"auto, (max-width: 120px) 100vw, 120px\" \/><\/a> <a href=\"https:\/\/lfv-oberholz.de\/cms\/wp-content\/uploads\/IMG_20230402_114010-scaled.jpg\"><img loading=\"lazy\" decoding=\"async\" class=\"alignnone wp-image-13238\" src=\"https:\/\/lfv-oberholz.de\/cms\/wp-content\/uploads\/IMG_20230402_114010-300x225.jpg\" alt=\"\" width=\"120\" height=\"90\" srcset=\"https:\/\/lfv-oberholz.de\/cms\/wp-content\/uploads\/IMG_20230402_114010-300x225.jpg 300w, https:\/\/lfv-oberholz.de\/cms\/wp-content\/uploads\/IMG_20230402_114010-1024x768.jpg 1024w, https:\/\/lfv-oberholz.de\/cms\/wp-content\/uploads\/IMG_20230402_114010-768x576.jpg 768w, https:\/\/lfv-oberholz.de\/cms\/wp-content\/uploads\/IMG_20230402_114010-1536x1152.jpg 1536w, https:\/\/lfv-oberholz.de\/cms\/wp-content\/uploads\/IMG_20230402_114010-2048x1536.jpg 2048w\" sizes=\"auto, (max-width: 120px) 100vw, 120px\" \/><\/a> <a href=\"https:\/\/lfv-oberholz.de\/cms\/wp-content\/uploads\/IMG_20230402_114601-scaled.jpg\"><img loading=\"lazy\" decoding=\"async\" class=\"alignnone wp-image-13239\" src=\"https:\/\/lfv-oberholz.de\/cms\/wp-content\/uploads\/IMG_20230402_114601-225x300.jpg\" alt=\"\" width=\"68\" height=\"90\" srcset=\"https:\/\/lfv-oberholz.de\/cms\/wp-content\/uploads\/IMG_20230402_114601-225x300.jpg 225w, https:\/\/lfv-oberholz.de\/cms\/wp-content\/uploads\/IMG_20230402_114601-768x1024.jpg 768w, https:\/\/lfv-oberholz.de\/cms\/wp-content\/uploads\/IMG_20230402_114601-1152x1536.jpg 1152w, https:\/\/lfv-oberholz.de\/cms\/wp-content\/uploads\/IMG_20230402_114601-1536x2048.jpg 1536w, https:\/\/lfv-oberholz.de\/cms\/wp-content\/uploads\/IMG_20230402_114601-scaled.jpg 1920w\" sizes=\"auto, (max-width: 68px) 100vw, 68px\" \/><\/a> <a href=\"https:\/\/lfv-oberholz.de\/cms\/wp-content\/uploads\/IMG_20230402_114602-scaled.jpg\"><img loading=\"lazy\" decoding=\"async\" class=\"alignnone wp-image-13240\" src=\"https:\/\/lfv-oberholz.de\/cms\/wp-content\/uploads\/IMG_20230402_114602-225x300.jpg\" alt=\"\" width=\"68\" height=\"90\" srcset=\"https:\/\/lfv-oberholz.de\/cms\/wp-content\/uploads\/IMG_20230402_114602-225x300.jpg 225w, https:\/\/lfv-oberholz.de\/cms\/wp-content\/uploads\/IMG_20230402_114602-768x1024.jpg 768w, https:\/\/lfv-oberholz.de\/cms\/wp-content\/uploads\/IMG_20230402_114602-1152x1536.jpg 1152w, https:\/\/lfv-oberholz.de\/cms\/wp-content\/uploads\/IMG_20230402_114602-1536x2048.jpg 1536w, https:\/\/lfv-oberholz.de\/cms\/wp-content\/uploads\/IMG_20230402_114602-scaled.jpg 1920w\" sizes=\"auto, (max-width: 68px) 100vw, 68px\" \/><\/a> <a href=\"https:\/\/lfv-oberholz.de\/cms\/wp-content\/uploads\/IMG_20230402_114655-scaled.jpg\"><img loading=\"lazy\" decoding=\"async\" class=\"alignnone wp-image-13241\" src=\"https:\/\/lfv-oberholz.de\/cms\/wp-content\/uploads\/IMG_20230402_114655-225x300.jpg\" alt=\"\" width=\"68\" height=\"90\" srcset=\"https:\/\/lfv-oberholz.de\/cms\/wp-content\/uploads\/IMG_20230402_114655-225x300.jpg 225w, https:\/\/lfv-oberholz.de\/cms\/wp-content\/uploads\/IMG_20230402_114655-768x1024.jpg 768w, https:\/\/lfv-oberholz.de\/cms\/wp-content\/uploads\/IMG_20230402_114655-1152x1536.jpg 1152w, https:\/\/lfv-oberholz.de\/cms\/wp-content\/uploads\/IMG_20230402_114655-1536x2048.jpg 1536w, https:\/\/lfv-oberholz.de\/cms\/wp-content\/uploads\/IMG_20230402_114655-scaled.jpg 1920w\" sizes=\"auto, (max-width: 68px) 100vw, 68px\" \/><\/a> <a href=\"https:\/\/lfv-oberholz.de\/cms\/wp-content\/uploads\/IMG_20230402_114656-scaled.jpg\"><img loading=\"lazy\" decoding=\"async\" class=\"alignnone wp-image-13242\" src=\"https:\/\/lfv-oberholz.de\/cms\/wp-content\/uploads\/IMG_20230402_114656-225x300.jpg\" alt=\"\" width=\"68\" height=\"90\" srcset=\"https:\/\/lfv-oberholz.de\/cms\/wp-content\/uploads\/IMG_20230402_114656-225x300.jpg 225w, https:\/\/lfv-oberholz.de\/cms\/wp-content\/uploads\/IMG_20230402_114656-768x1024.jpg 768w, https:\/\/lfv-oberholz.de\/cms\/wp-content\/uploads\/IMG_20230402_114656-1152x1536.jpg 1152w, https:\/\/lfv-oberholz.de\/cms\/wp-content\/uploads\/IMG_20230402_114656-1536x2048.jpg 1536w, https:\/\/lfv-oberholz.de\/cms\/wp-content\/uploads\/IMG_20230402_114656-scaled.jpg 1920w\" sizes=\"auto, (max-width: 68px) 100vw, 68px\" \/><\/a> <a href=\"https:\/\/lfv-oberholz.de\/cms\/wp-content\/uploads\/IMG_20230402_115422-scaled.jpg\"><img loading=\"lazy\" decoding=\"async\" class=\"alignnone wp-image-13243\" src=\"https:\/\/lfv-oberholz.de\/cms\/wp-content\/uploads\/IMG_20230402_115422-225x300.jpg\" alt=\"\" width=\"68\" height=\"90\" srcset=\"https:\/\/lfv-oberholz.de\/cms\/wp-content\/uploads\/IMG_20230402_115422-225x300.jpg 225w, https:\/\/lfv-oberholz.de\/cms\/wp-content\/uploads\/IMG_20230402_115422-768x1024.jpg 768w, https:\/\/lfv-oberholz.de\/cms\/wp-content\/uploads\/IMG_20230402_115422-1152x1536.jpg 1152w, https:\/\/lfv-oberholz.de\/cms\/wp-content\/uploads\/IMG_20230402_115422-1536x2048.jpg 1536w, https:\/\/lfv-oberholz.de\/cms\/wp-content\/uploads\/IMG_20230402_115422-scaled.jpg 1920w\" sizes=\"auto, (max-width: 68px) 100vw, 68px\" \/><\/a> <a href=\"https:\/\/lfv-oberholz.de\/cms\/wp-content\/uploads\/IMG_20230402_115423-scaled.jpg\"><img loading=\"lazy\" decoding=\"async\" class=\"alignnone wp-image-13244\" src=\"https:\/\/lfv-oberholz.de\/cms\/wp-content\/uploads\/IMG_20230402_115423-225x300.jpg\" alt=\"\" width=\"68\" height=\"90\" srcset=\"https:\/\/lfv-oberholz.de\/cms\/wp-content\/uploads\/IMG_20230402_115423-225x300.jpg 225w, https:\/\/lfv-oberholz.de\/cms\/wp-content\/uploads\/IMG_20230402_115423-768x1024.jpg 768w, https:\/\/lfv-oberholz.de\/cms\/wp-content\/uploads\/IMG_20230402_115423-1152x1536.jpg 1152w, https:\/\/lfv-oberholz.de\/cms\/wp-content\/uploads\/IMG_20230402_115423-1536x2048.jpg 1536w, https:\/\/lfv-oberholz.de\/cms\/wp-content\/uploads\/IMG_20230402_115423-scaled.jpg 1920w\" sizes=\"auto, (max-width: 68px) 100vw, 68px\" \/><\/a> <a href=\"https:\/\/lfv-oberholz.de\/cms\/wp-content\/uploads\/IMG_20230402_115735-scaled.jpg\"><img loading=\"lazy\" decoding=\"async\" class=\"alignnone wp-image-13245\" src=\"https:\/\/lfv-oberholz.de\/cms\/wp-content\/uploads\/IMG_20230402_115735-225x300.jpg\" alt=\"\" width=\"68\" height=\"90\" srcset=\"https:\/\/lfv-oberholz.de\/cms\/wp-content\/uploads\/IMG_20230402_115735-225x300.jpg 225w, https:\/\/lfv-oberholz.de\/cms\/wp-content\/uploads\/IMG_20230402_115735-768x1024.jpg 768w, https:\/\/lfv-oberholz.de\/cms\/wp-content\/uploads\/IMG_20230402_115735-1152x1536.jpg 1152w, https:\/\/lfv-oberholz.de\/cms\/wp-content\/uploads\/IMG_20230402_115735-1536x2048.jpg 1536w, https:\/\/lfv-oberholz.de\/cms\/wp-content\/uploads\/IMG_20230402_115735-scaled.jpg 1920w\" sizes=\"auto, (max-width: 68px) 100vw, 68px\" \/><\/a> <a href=\"https:\/\/lfv-oberholz.de\/cms\/wp-content\/uploads\/IMG-20230402-WA0034.jpg\"><img loading=\"lazy\" decoding=\"async\" class=\"alignnone wp-image-13246\" src=\"https:\/\/lfv-oberholz.de\/cms\/wp-content\/uploads\/IMG-20230402-WA0034-169x300.jpg\" alt=\"\" width=\"51\" height=\"90\" srcset=\"https:\/\/lfv-oberholz.de\/cms\/wp-content\/uploads\/IMG-20230402-WA0034-169x300.jpg 169w, https:\/\/lfv-oberholz.de\/cms\/wp-content\/uploads\/IMG-20230402-WA0034-576x1024.jpg 576w, https:\/\/lfv-oberholz.de\/cms\/wp-content\/uploads\/IMG-20230402-WA0034-768x1366.jpg 768w, https:\/\/lfv-oberholz.de\/cms\/wp-content\/uploads\/IMG-20230402-WA0034-864x1536.jpg 864w, https:\/\/lfv-oberholz.de\/cms\/wp-content\/uploads\/IMG-20230402-WA0034.jpg 899w\" sizes=\"auto, (max-width: 51px) 100vw, 51px\" \/><\/a> <a href=\"https:\/\/lfv-oberholz.de\/cms\/wp-content\/uploads\/IMG-20230402-WA0017.jpg\"><img loading=\"lazy\" decoding=\"async\" class=\"alignnone wp-image-13247\" src=\"https:\/\/lfv-oberholz.de\/cms\/wp-content\/uploads\/IMG-20230402-WA0017-300x214.jpg\" alt=\"\" width=\"126\" height=\"90\" srcset=\"https:\/\/lfv-oberholz.de\/cms\/wp-content\/uploads\/IMG-20230402-WA0017-300x214.jpg 300w, https:\/\/lfv-oberholz.de\/cms\/wp-content\/uploads\/IMG-20230402-WA0017-1024x731.jpg 1024w, https:\/\/lfv-oberholz.de\/cms\/wp-content\/uploads\/IMG-20230402-WA0017-768x548.jpg 768w, https:\/\/lfv-oberholz.de\/cms\/wp-content\/uploads\/IMG-20230402-WA0017-1536x1096.jpg 1536w, https:\/\/lfv-oberholz.de\/cms\/wp-content\/uploads\/IMG-20230402-WA0017.jpg 1600w\" sizes=\"auto, (max-width: 126px) 100vw, 126px\" \/><\/a>  <a href=\"https:\/\/lfv-oberholz.de\/cms\/wp-content\/uploads\/IMG-20230402-WA0027.jpg\"><img loading=\"lazy\" decoding=\"async\" class=\"alignnone wp-image-13248\" src=\"https:\/\/lfv-oberholz.de\/cms\/wp-content\/uploads\/IMG-20230402-WA0027-300x225.jpg\" alt=\"\" width=\"120\" height=\"90\" srcset=\"https:\/\/lfv-oberholz.de\/cms\/wp-content\/uploads\/IMG-20230402-WA0027-300x225.jpg 300w, https:\/\/lfv-oberholz.de\/cms\/wp-content\/uploads\/IMG-20230402-WA0027-1024x768.jpg 1024w, https:\/\/lfv-oberholz.de\/cms\/wp-content\/uploads\/IMG-20230402-WA0027-768x576.jpg 768w, https:\/\/lfv-oberholz.de\/cms\/wp-content\/uploads\/IMG-20230402-WA0027-1536x1152.jpg 1536w, https:\/\/lfv-oberholz.de\/cms\/wp-content\/uploads\/IMG-20230402-WA0027.jpg 2048w\" sizes=\"auto, (max-width: 120px) 100vw, 120px\" \/><\/a>\u00a0<a href=\"https:\/\/lfv-oberholz.de\/cms\/wp-content\/uploads\/inbound490058845126016621.jpg\"><img loading=\"lazy\" decoding=\"async\" class=\"alignnone wp-image-13253\" src=\"https:\/\/lfv-oberholz.de\/cms\/wp-content\/uploads\/inbound490058845126016621-225x300.jpg\" alt=\"\" width=\"68\" height=\"90\" srcset=\"https:\/\/lfv-oberholz.de\/cms\/wp-content\/uploads\/inbound490058845126016621-225x300.jpg 225w, https:\/\/lfv-oberholz.de\/cms\/wp-content\/uploads\/inbound490058845126016621-768x1024.jpg 768w, https:\/\/lfv-oberholz.de\/cms\/wp-content\/uploads\/inbound490058845126016621-1152x1536.jpg 1152w, https:\/\/lfv-oberholz.de\/cms\/wp-content\/uploads\/inbound490058845126016621.jpg 1536w\" sizes=\"auto, (max-width: 68px) 100vw, 68px\" \/><\/a><br \/>Zitat von Antje M\u00fcller:<br \/><img loading=\"lazy\" decoding=\"async\" class=\" wp-image-13234 alignleft\" src=\"https:\/\/lfv-oberholz.de\/cms\/wp-content\/uploads\/IMG-20230402-WA0035-300x298.jpg\" alt=\"\" width=\"127\" height=\"126\" srcset=\"https:\/\/lfv-oberholz.de\/cms\/wp-content\/uploads\/IMG-20230402-WA0035-300x298.jpg 300w, https:\/\/lfv-oberholz.de\/cms\/wp-content\/uploads\/IMG-20230402-WA0035-1024x1015.jpg 1024w, https:\/\/lfv-oberholz.de\/cms\/wp-content\/uploads\/IMG-20230402-WA0035-150x150.jpg 150w, https:\/\/lfv-oberholz.de\/cms\/wp-content\/uploads\/IMG-20230402-WA0035-768x762.jpg 768w, https:\/\/lfv-oberholz.de\/cms\/wp-content\/uploads\/IMG-20230402-WA0035.jpg 1444w\" sizes=\"auto, (max-width: 127px) 100vw, 127px\" \/>&#8222;Wir m\u00f6chten uns ganz herzlich f\u00fcr die perfekte Organisation des Muldentaler St\u00e4dtelauf bedanken. Es war eine gelungene Veranstaltung. Die Logistik mit den Bussen, die VPs und die Strecke mit der L\u00f6sung f\u00fcr die Baustelle haben super funktioniert. Es war ja ziemlich frisch, so waren alle froh, dass die Siegerehrung z\u00fcgig abgewickelt wurde. Ein Fest ist es nat\u00fcrlich auch, viele, liebe Sportfreunde wieder zu treffen. Ganz herzlichen Dank. Antje M\u00fcller &amp; Dirk Weber&#8220;<\/p>\n","protected":false},"excerpt":{"rendered":"<p>Mit dem Ziel den Streckenrekord zu knacken, lieferten sich Richard Vogelsang und Rico Bogen ein echt starkes Laufduell. Es waren optimale Laufbedingungen heute, trocken und R\u00fcckenwind fast auf der kompletten Laufstrecke. Nur etwas w\u00e4rmer h\u00e4tte es sein k\u00f6nnen (3 &#8211; &hellip; <a href=\"https:\/\/lfv-oberholz.de\/cms\/starkes-duell-von-richard-und-rico-beim-muldentaler-staedtelauf\/\">Weiterlesen <span class=\"meta-nav\">&rarr;<\/span><\/a><\/p>\n","protected":false},"author":8,"featured_media":0,"comment_status":"closed","ping_status":"closed","sticky":false,"template":"","format":"standard","meta":{"pgc_sgb_lightbox_settings":"","footnotes":""},"categories":[5],"tags":[],"class_list":["post-13226","post","type-post","status-publish","format-standard","hentry","category-leichtathletik"],"_links":{"self":[{"href":"https:\/\/lfv-oberholz.de\/cms\/wp-json\/wp\/v2\/posts\/13226","targetHints":{"allow":["GET"]}}],"collection":[{"href":"https:\/\/lfv-oberholz.de\/cms\/wp-json\/wp\/v2\/posts"}],"about":[{"href":"https:\/\/lfv-oberholz.de\/cms\/wp-json\/wp\/v2\/types\/post"}],"author":[{"embeddable":true,"href":"https:\/\/lfv-oberholz.de\/cms\/wp-json\/wp\/v2\/users\/8"}],"replies":[{"embeddable":true,"href":"https:\/\/lfv-oberholz.de\/cms\/wp-json\/wp\/v2\/comments?post=13226"}],"version-history":[{"count":0,"href":"https:\/\/lfv-oberholz.de\/cms\/wp-json\/wp\/v2\/posts\/13226\/revisions"}],"wp:attachment":[{"href":"https:\/\/lfv-oberholz.de\/cms\/wp-json\/wp\/v2\/media?parent=13226"}],"wp:term":[{"taxonomy":"category","embeddable":true,"href":"https:\/\/lfv-oberholz.de\/cms\/wp-json\/wp\/v2\/categories?post=13226"},{"taxonomy":"post_tag","embeddable":true,"href":"https:\/\/lfv-oberholz.de\/cms\/wp-json\/wp\/v2\/tags?post=13226"}],"curies":[{"name":"wp","href":"https:\/\/api.w.org\/{rel}","templated":true}]}}