{"id":16905,"date":"2024-04-10T16:58:49","date_gmt":"2024-04-10T14:58:49","guid":{"rendered":"https:\/\/lfv-oberholz.de\/cms\/?p=16905"},"modified":"2024-04-20T01:15:48","modified_gmt":"2024-04-19T23:15:48","slug":"muldentaler-staedtelauf-geht-nicht-ohne-oberholzer-beteiligung","status":"publish","type":"post","link":"https:\/\/lfv-oberholz.de\/cms\/muldentaler-staedtelauf-geht-nicht-ohne-oberholzer-beteiligung\/","title":{"rendered":"Muldentaler St\u00e4dtelauf geht nicht ohne Oberholzer Beteiligung &#8211; Doppelsieg f\u00fcr SC DHfK \/ LFV Oberholz"},"content":{"rendered":"\n<p>Immer wieder freuen sich unsere L\u00e4ufer auf den sch\u00f6nen, noch famili\u00e4ren Landschaftslauf entlang der Mulde. Am 7. April war es dann wieder so weit. Nach Abholung der Startunterlagen in Grimma und Bustransfer nach Wurzen, fiel dort p\u00fcnktlich 10.00 Uhr der <a href=\"https:\/\/lfv-oberholz.de\/cms\/wp-content\/uploads\/IMG-20240407-WA0003.jpg\"><img loading=\"lazy\" decoding=\"async\" class=\"alignleft wp-image-16944\" src=\"https:\/\/lfv-oberholz.de\/cms\/wp-content\/uploads\/IMG-20240407-WA0003-169x300.jpg\" alt=\"\" width=\"70\" height=\"125\" srcset=\"https:\/\/lfv-oberholz.de\/cms\/wp-content\/uploads\/IMG-20240407-WA0003-169x300.jpg 169w, https:\/\/lfv-oberholz.de\/cms\/wp-content\/uploads\/IMG-20240407-WA0003-576x1024.jpg 576w, https:\/\/lfv-oberholz.de\/cms\/wp-content\/uploads\/IMG-20240407-WA0003-768x1365.jpg 768w, https:\/\/lfv-oberholz.de\/cms\/wp-content\/uploads\/IMG-20240407-WA0003-864x1536.jpg 864w, https:\/\/lfv-oberholz.de\/cms\/wp-content\/uploads\/IMG-20240407-WA0003.jpg 1152w\" sizes=\"auto, (max-width: 70px) 100vw, 70px\" \/><\/a> <a href=\"https:\/\/lfv-oberholz.de\/cms\/wp-content\/uploads\/IMG-20240407-WA0004.jpg\"><img loading=\"lazy\" decoding=\"async\" class=\"alignright wp-image-16945\" src=\"https:\/\/lfv-oberholz.de\/cms\/wp-content\/uploads\/IMG-20240407-WA0004-169x300.jpg\" alt=\"\" width=\"70\" height=\"125\" srcset=\"https:\/\/lfv-oberholz.de\/cms\/wp-content\/uploads\/IMG-20240407-WA0004-169x300.jpg 169w, https:\/\/lfv-oberholz.de\/cms\/wp-content\/uploads\/IMG-20240407-WA0004-576x1024.jpg 576w, https:\/\/lfv-oberholz.de\/cms\/wp-content\/uploads\/IMG-20240407-WA0004-768x1365.jpg 768w, https:\/\/lfv-oberholz.de\/cms\/wp-content\/uploads\/IMG-20240407-WA0004-864x1536.jpg 864w, https:\/\/lfv-oberholz.de\/cms\/wp-content\/uploads\/IMG-20240407-WA0004.jpg 1152w\" sizes=\"auto, (max-width: 70px) 100vw, 70px\" \/><\/a>Startschuss f\u00fcr den Halbmarathon. <a href=\"https:\/\/lfv-oberholz.de\/cms\/athleten\/bogen-rico\/\">Rico Bogen<\/a> setzte sich von Anfang an an die Spitze und lief mit deutlichem Vorsprung in Grimma dem Gesamtsieg entgegen. Schwester <a href=\"https:\/\/lfv-oberholz.de\/cms\/athleten\/bogen-bianca\/\">Bianca<\/a> tat Gleiches bei den Damen und siegte letztlich auch hier. Insgesamt brachte der LFV Oberholz vierzehn Sportfreunde an den Start. Auch diese gaben bei k\u00fchlem und ordentlichem Gegenwind ihr Bestes. Wir gratulieren zu nachstehenden Ergebnissen:<\/p>\n<p><a href=\"https:\/\/lfv-oberholz.de\/cms\/athleten\/bogen-rico\/\">Rico Bogen<\/a>, 1. Platz gesamt, 1:10:14 h, 1. Platz M20<br \/><a href=\"https:\/\/lfv-oberholz.de\/cms\/athleten\/bogen-bianca\/\">Bianca Bogen<\/a>, 9. Platz gesamt, 1. Platz ges. w, 1:1:45 h, 1. Platz W20<br \/>Marcel Kasper, 51. Platz gesamt, 47. Platz ges. m, 1:33:42 h, <!--more-->7. Platz M30<br \/><a href=\"https:\/\/lfv-oberholz.de\/cms\/athleten\/michel-eric\/\">Eric Michel<\/a>, 62, Platz gesamt, 55. Platz ges. m, 1:34:30 h, 13. Platz M35<br \/><a href=\"https:\/\/lfv-oberholz.de\/cms\/athleten\/klemm-alexander\/\">Alexander Klemm<\/a>, 102. Platz gesamt, 93. Platz ges. m, 1:39:04 h, 14. Platz M45<br \/>Nicol Moritz, 117. Platz gesamt, 10. Platz ges. w, 1:41:00 h, 3. Platz W35<br \/>Benjamin Teufel, 232. Platz gesamt, 203. Platz ges. m, 1:52:14 h, 18. Platz M30<br \/>Thomas Carl, 274. Platz gesamt, 235. Platz ges. m, 1:55:27 h, 14. Platz M60<br \/>Benjamin Drabon, 308. Platz gesamt, 262. Platz ges. m, 1:57:45 h, 22. Platz M30<br \/><a href=\"https:\/\/lfv-oberholz.de\/cms\/wp-content\/uploads\/20240407_085028-scaled.jpg\"><img loading=\"lazy\" decoding=\"async\" class=\"alignleft wp-image-16946\" src=\"https:\/\/lfv-oberholz.de\/cms\/wp-content\/uploads\/20240407_085028-177x300.jpg\" alt=\"\" width=\"65\" height=\"110\" srcset=\"https:\/\/lfv-oberholz.de\/cms\/wp-content\/uploads\/20240407_085028-177x300.jpg 177w, https:\/\/lfv-oberholz.de\/cms\/wp-content\/uploads\/20240407_085028-605x1024.jpg 605w, https:\/\/lfv-oberholz.de\/cms\/wp-content\/uploads\/20240407_085028-768x1300.jpg 768w, https:\/\/lfv-oberholz.de\/cms\/wp-content\/uploads\/20240407_085028-907x1536.jpg 907w, https:\/\/lfv-oberholz.de\/cms\/wp-content\/uploads\/20240407_085028-1210x2048.jpg 1210w, https:\/\/lfv-oberholz.de\/cms\/wp-content\/uploads\/20240407_085028-scaled.jpg 1512w\" sizes=\"auto, (max-width: 65px) 100vw, 65px\" \/><\/a>Ulf Winkler, 317. Platz gesamt, 269. Platz ges. m, 1:58:27 h, 32. Platz M50<br \/><a href=\"https:\/\/lfv-oberholz.de\/cms\/athleten\/haeusler-heiko\/\">Heiko H\u00e4usler<\/a>, 321. Platz gesamt, 273. Platz ges. m, 1:58:53 h, 33. Platz M50<br \/>Yvonne Theuerkorn, 418. Platz gesamt, 80. PLatz ges. w, 2:08:08 h, 17. Platz W45<br \/>Martin Uhlemann, 436. Platz gesamt, 351. Platz ges. m, 2:10:06 h, 27. Platz M30<br \/><a href=\"https:\/\/lfv-oberholz.de\/cms\/athleten\/behrends-joerg\/\">J\u00f6rg Behrends<\/a>, 501. Platz gesamt, 388 Platz ges. m, 2:19:01 h, 32. Platz M50<\/p>\n<p><a href=\"https:\/\/www.youtube.com\/watch?v=ezihhVn_2JY\">Videolink Muldental TV<\/a><\/p>\n","protected":false},"excerpt":{"rendered":"<p>Immer wieder freuen sich unsere L\u00e4ufer auf den sch\u00f6nen, noch famili\u00e4ren Landschaftslauf entlang der Mulde. Am 7. April war es dann wieder so weit. Nach Abholung der Startunterlagen in Grimma und Bustransfer nach Wurzen, fiel dort p\u00fcnktlich 10.00 Uhr der &hellip; <a href=\"https:\/\/lfv-oberholz.de\/cms\/muldentaler-staedtelauf-geht-nicht-ohne-oberholzer-beteiligung\/\">Weiterlesen <span class=\"meta-nav\">&rarr;<\/span><\/a><\/p>\n","protected":false},"author":8,"featured_media":0,"comment_status":"closed","ping_status":"closed","sticky":false,"template":"","format":"standard","meta":{"pgc_sgb_lightbox_settings":"","footnotes":""},"categories":[5],"tags":[],"class_list":["post-16905","post","type-post","status-publish","format-standard","hentry","category-leichtathletik"],"_links":{"self":[{"href":"https:\/\/lfv-oberholz.de\/cms\/wp-json\/wp\/v2\/posts\/16905","targetHints":{"allow":["GET"]}}],"collection":[{"href":"https:\/\/lfv-oberholz.de\/cms\/wp-json\/wp\/v2\/posts"}],"about":[{"href":"https:\/\/lfv-oberholz.de\/cms\/wp-json\/wp\/v2\/types\/post"}],"author":[{"embeddable":true,"href":"https:\/\/lfv-oberholz.de\/cms\/wp-json\/wp\/v2\/users\/8"}],"replies":[{"embeddable":true,"href":"https:\/\/lfv-oberholz.de\/cms\/wp-json\/wp\/v2\/comments?post=16905"}],"version-history":[{"count":0,"href":"https:\/\/lfv-oberholz.de\/cms\/wp-json\/wp\/v2\/posts\/16905\/revisions"}],"wp:attachment":[{"href":"https:\/\/lfv-oberholz.de\/cms\/wp-json\/wp\/v2\/media?parent=16905"}],"wp:term":[{"taxonomy":"category","embeddable":true,"href":"https:\/\/lfv-oberholz.de\/cms\/wp-json\/wp\/v2\/categories?post=16905"},{"taxonomy":"post_tag","embeddable":true,"href":"https:\/\/lfv-oberholz.de\/cms\/wp-json\/wp\/v2\/tags?post=16905"}],"curies":[{"name":"wp","href":"https:\/\/api.w.org\/{rel}","templated":true}]}}