{"id":1751,"date":"2016-07-27T23:23:13","date_gmt":"2016-07-27T21:23:13","guid":{"rendered":"http:\/\/lfv-oberholz.de\/cms\/?p=1751"},"modified":"2016-08-07T00:44:53","modified_gmt":"2016-08-06T22:44:53","slug":"grosser-auftritt-des-lfv-beim-33-leipziger-triathlon","status":"publish","type":"post","link":"https:\/\/lfv-oberholz.de\/cms\/grosser-auftritt-des-lfv-beim-33-leipziger-triathlon\/","title":{"rendered":"Gro\u00dfer Auftritt des LFV beim 33. Leipziger Triathlon"},"content":{"rendered":"<p><img loading=\"lazy\" decoding=\"async\" class=\"alignnone size-medium wp-image-1784\" src=\"https:\/\/lfv-oberholz.de\/cms\/wp-content\/uploads\/FB_IMG_1469538917159-199x300.jpg\" alt=\"FB_IMG_1469538917159\" width=\"199\" height=\"300\" srcset=\"https:\/\/lfv-oberholz.de\/cms\/wp-content\/uploads\/FB_IMG_1469538917159-199x300.jpg 199w, https:\/\/lfv-oberholz.de\/cms\/wp-content\/uploads\/FB_IMG_1469538917159.jpg 665w\" sizes=\"auto, (max-width: 199px) 100vw, 199px\" \/>\u00a0Der Sommer zeigte sich am 24. Juli in seiner H\u00f6chstform. Der eine mag es, andere h\u00e4tten es am Wettkampftag lieber etwas frischer. Schon am fr\u00fchen Morgen dr\u00fcckten die Temperaturen ordentlich. Ab circa 9.00 Uhr checkten die Triathleten f\u00fcr die olympische Distanz ein. 11.00 bzw. 11.05 Uhr fielen dann die Startsch\u00fcsse f\u00fcr die zwei Startwellen des \u00e4ltesten Olympischen Triathlon Deutschlands. Dabei stand ein Wettstreit \u00fcber 1,5 km Schwimmen, 40 km Rennradfahren plus 10 km Lauf an. Marc Werner und Sebastian Pfl\u00fcger traten unter anderem neben Per Bittner als Mitfavoriten an. Ein Platz in den Top-Ten war als Minimumziel angepeilt. <!--more-->Marc errang Platz 5 und Sebastian konnte sich nach einem Radsturz trotz gebrochener Hand immerhin wieder auf den 18. Platz insgesamt vorarbeiten. Zudem starteten weitere Athleten f\u00fcr den LFV Oberholz (Eric Michel, Ronny Lehmann, Ralf Breuer, Stephan Weber, J\u00f6rg Bauer, Heiko H\u00e4usler).<br \/>\nKaum der Olympische Triathlon beendet, starteten erneut zwei Wellen. Diesmal \u00fcber etwa die H\u00e4lfte der Distanz (500 m Schwimmen, 20 km Radfahren und 5 km Lauf). Bei diesem kamen die Kampfansagen von Jens Oswald und Jochen Pfl\u00fcger. Weiterhin starteten Birgit Plewe, Ina Uebersch\u00e4r und Lutz K\u00f6hler f\u00fcr unseren Verein. Zudem war der LFV in zwei Staffeln vertreten.<br \/>\nIm Rahmen des Leipziger Triathlons fanden in diesem Jahr auch die Deutschen Meisterschaften der \u00c4rzte und Apotheker statt. Ina Uebersch\u00e4r errang in iherer AK eine Bronzemedaille.<br \/>\n<img loading=\"lazy\" decoding=\"async\" class=\"alignnone  wp-image-1805\" src=\"https:\/\/lfv-oberholz.de\/cms\/wp-content\/uploads\/20160724_164841-300x168.jpg\" alt=\"20160724_164841\" width=\"400\" height=\"224\" srcset=\"https:\/\/lfv-oberholz.de\/cms\/wp-content\/uploads\/20160724_164841-300x168.jpg 300w, https:\/\/lfv-oberholz.de\/cms\/wp-content\/uploads\/20160724_164841.jpg 1024w\" sizes=\"auto, (max-width: 400px) 100vw, 400px\" \/><\/p>\n<p>Hier die Ergebnisse aller LFV-er:<\/p>\n<p>Olympischer Triathlon<br \/>\n5. Platz M\u00e4nner ges., 1. Platz AK4 m, Marc Werner, 2:02:17 h,<br \/>\n18. Platz M\u00e4nner ges., 5. Platz AK2 m, Sebastian Pfl\u00fcger, 2:10:03 h,<br \/>\n28. Platz M\u00e4nner ges., 8. Platz AK2 m, Eric Michel, 2:13:06 h,<br \/>\n51. Platz M\u00e4nner ges., 18. Platz AK4 m, Ronny Lehmann, 2:17:41 h,<br \/>\n135. Platz M\u00e4nner ges., 11. Platz MK50, Ralf Breuer, 2:29:12 h,<br \/>\n245. Platz M\u00e4nner ges., 33. Platz AK 2 m, Stephan Weber, 2:39:47 h,<br \/>\n364. Platz M\u00e4nner ges., 45. Platz MK45, J\u00f6rg Bauer, 2:54:59 h,<br \/>\n370. Platz M\u00e4nner ges., 47. Platz MK40, Heiko H\u00e4usler, 2:56:50 h<\/p>\n<p>(weiterer Starter:<br \/>\n366. Platz M\u00e4nner ges., 46. Platz MK45 m, Michael Starke, 2:55:55 h)<\/p>\n<p>Fitnesstriathlon<br \/>\n2. Platz M\u00e4nner ges., 1. Platz Dt. \u00c4rztemeisterschaft, 1.Platz MK40, Jens Oswald, 1:02:05 h,<br \/>\n22. Platz M\u00e4nner ges., 1. Platz MK50, Jochen Pfl\u00fcger, 1:09:53 h,<br \/>\n55. Platz Frauen ges., 2. Platz MK50 w, Birgit Plewe, 1:26:16 h,<br \/>\n249. Platz M\u00e4nner ges., 11 Platz MK55, Lutz K\u00f6hler, 1:26:33 h,<br \/>\n162. Platz Frauen ges., 6. Platz MK60 w, Ina Uebersch\u00e4r, 2:48:28 h<\/p>\n<p>Staffel<br \/>\n2. Platz, &#8222;Berryline&#8220; mit Eric Michel, Henri Leuschner, Sven Richter, 1:00:05 h,<br \/>\n34. Platz, &#8222;WBG Kontakt e.G.&#8220;, Stefanie Teichert, Andre Starke, Uwe Rasch, 1:23:42 h<\/p>\n<p>Alle Ergebnisse findet gibt es <a href=\"http:\/\/www.leipziger-triathlon.de\/ergebnisse\/leipziger-triathlon\/\">hier<\/a>.<br \/>\n<img loading=\"lazy\" decoding=\"async\" class=\"alignnone size-medium wp-image-1779\" src=\"https:\/\/lfv-oberholz.de\/cms\/wp-content\/uploads\/FB_IMG_1469436633885-300x200.jpg\" alt=\"FB_IMG_1469436633885\" width=\"300\" height=\"200\" srcset=\"https:\/\/lfv-oberholz.de\/cms\/wp-content\/uploads\/FB_IMG_1469436633885-300x200.jpg 300w, https:\/\/lfv-oberholz.de\/cms\/wp-content\/uploads\/FB_IMG_1469436633885-1024x682.jpg 1024w, https:\/\/lfv-oberholz.de\/cms\/wp-content\/uploads\/FB_IMG_1469436633885.jpg 1080w\" sizes=\"auto, (max-width: 300px) 100vw, 300px\" \/> <img loading=\"lazy\" decoding=\"async\" class=\"alignnone size-medium wp-image-1784\" src=\"https:\/\/lfv-oberholz.de\/cms\/wp-content\/uploads\/FB_IMG_1469538917159-199x300.jpg\" alt=\"FB_IMG_1469538917159\" width=\"199\" height=\"300\" srcset=\"https:\/\/lfv-oberholz.de\/cms\/wp-content\/uploads\/FB_IMG_1469538917159-199x300.jpg 199w, https:\/\/lfv-oberholz.de\/cms\/wp-content\/uploads\/FB_IMG_1469538917159.jpg 665w\" sizes=\"auto, (max-width: 199px) 100vw, 199px\" \/><br \/>\n<img loading=\"lazy\" decoding=\"async\" class=\"alignnone size-medium wp-image-1781\" src=\"https:\/\/lfv-oberholz.de\/cms\/wp-content\/uploads\/FB_IMG_1469436798581-300x200.jpg\" alt=\"FB_IMG_1469436798581\" width=\"300\" height=\"200\" srcset=\"https:\/\/lfv-oberholz.de\/cms\/wp-content\/uploads\/FB_IMG_1469436798581-300x200.jpg 300w, https:\/\/lfv-oberholz.de\/cms\/wp-content\/uploads\/FB_IMG_1469436798581-1024x682.jpg 1024w, https:\/\/lfv-oberholz.de\/cms\/wp-content\/uploads\/FB_IMG_1469436798581.jpg 1080w\" sizes=\"auto, (max-width: 300px) 100vw, 300px\" \/> <img loading=\"lazy\" decoding=\"async\" class=\"alignnone size-medium wp-image-1780\" src=\"https:\/\/lfv-oberholz.de\/cms\/wp-content\/uploads\/FB_IMG_1469436722446-300x200.jpg\" alt=\"FB_IMG_1469436722446\" width=\"300\" height=\"200\" srcset=\"https:\/\/lfv-oberholz.de\/cms\/wp-content\/uploads\/FB_IMG_1469436722446-300x200.jpg 300w, https:\/\/lfv-oberholz.de\/cms\/wp-content\/uploads\/FB_IMG_1469436722446-1024x682.jpg 1024w, https:\/\/lfv-oberholz.de\/cms\/wp-content\/uploads\/FB_IMG_1469436722446.jpg 1080w\" sizes=\"auto, (max-width: 300px) 100vw, 300px\" \/> \u00a0\u00a0\u00a0 <img loading=\"lazy\" decoding=\"async\" class=\"alignnone size-medium wp-image-1786\" src=\"https:\/\/lfv-oberholz.de\/cms\/wp-content\/uploads\/IMG-20160726-WA0004-225x300.jpg\" alt=\"IMG-20160726-WA0004\" width=\"225\" height=\"300\" srcset=\"https:\/\/lfv-oberholz.de\/cms\/wp-content\/uploads\/IMG-20160726-WA0004-225x300.jpg 225w, https:\/\/lfv-oberholz.de\/cms\/wp-content\/uploads\/IMG-20160726-WA0004-768x1024.jpg 768w, https:\/\/lfv-oberholz.de\/cms\/wp-content\/uploads\/IMG-20160726-WA0004.jpg 1200w\" sizes=\"auto, (max-width: 225px) 100vw, 225px\" \/>\u00a0<img loading=\"lazy\" decoding=\"async\" class=\"alignnone size-medium wp-image-1778\" src=\"https:\/\/lfv-oberholz.de\/cms\/wp-content\/uploads\/FB_IMG_1469375889907-229x300.jpg\" alt=\"FB_IMG_1469375889907\" width=\"229\" height=\"300\" srcset=\"https:\/\/lfv-oberholz.de\/cms\/wp-content\/uploads\/FB_IMG_1469375889907-229x300.jpg 229w, https:\/\/lfv-oberholz.de\/cms\/wp-content\/uploads\/FB_IMG_1469375889907.jpg 734w\" sizes=\"auto, (max-width: 229px) 100vw, 229px\" \/> <img loading=\"lazy\" decoding=\"async\" class=\"alignnone size-medium wp-image-1783\" src=\"https:\/\/lfv-oberholz.de\/cms\/wp-content\/uploads\/FB_IMG_1469537808448-168x300.jpg\" alt=\"FB_IMG_1469537808448\" width=\"168\" height=\"300\" srcset=\"https:\/\/lfv-oberholz.de\/cms\/wp-content\/uploads\/FB_IMG_1469537808448-168x300.jpg 168w, https:\/\/lfv-oberholz.de\/cms\/wp-content\/uploads\/FB_IMG_1469537808448-576x1024.jpg 576w, https:\/\/lfv-oberholz.de\/cms\/wp-content\/uploads\/FB_IMG_1469537808448.jpg 900w\" sizes=\"auto, (max-width: 168px) 100vw, 168px\" \/><img loading=\"lazy\" decoding=\"async\" class=\"alignnone wp-image-1794 size-medium\" src=\"https:\/\/lfv-oberholz.de\/cms\/wp-content\/uploads\/DSC_2099-201x300.jpg\" alt=\"DSC_2099\" width=\"201\" height=\"300\" srcset=\"https:\/\/lfv-oberholz.de\/cms\/wp-content\/uploads\/DSC_2099-201x300.jpg 201w, https:\/\/lfv-oberholz.de\/cms\/wp-content\/uploads\/DSC_2099.jpg 335w\" sizes=\"auto, (max-width: 201px) 100vw, 201px\" \/> <img loading=\"lazy\" decoding=\"async\" class=\"alignnone wp-image-1797 size-medium\" src=\"https:\/\/lfv-oberholz.de\/cms\/wp-content\/uploads\/DSC_2114-201x300.jpg\" alt=\"DSC_2114\" width=\"201\" height=\"300\" srcset=\"https:\/\/lfv-oberholz.de\/cms\/wp-content\/uploads\/DSC_2114-201x300.jpg 201w, https:\/\/lfv-oberholz.de\/cms\/wp-content\/uploads\/DSC_2114.jpg 335w\" sizes=\"auto, (max-width: 201px) 100vw, 201px\" \/> <img loading=\"lazy\" decoding=\"async\" class=\"alignnone wp-image-1796 size-medium\" src=\"https:\/\/lfv-oberholz.de\/cms\/wp-content\/uploads\/DSC_2112-201x300.jpg\" alt=\"DSC_2112\" width=\"201\" height=\"300\" srcset=\"https:\/\/lfv-oberholz.de\/cms\/wp-content\/uploads\/DSC_2112-201x300.jpg 201w, https:\/\/lfv-oberholz.de\/cms\/wp-content\/uploads\/DSC_2112.jpg 335w\" sizes=\"auto, (max-width: 201px) 100vw, 201px\" \/> <img loading=\"lazy\" decoding=\"async\" class=\"alignnone wp-image-1795 size-medium\" src=\"https:\/\/lfv-oberholz.de\/cms\/wp-content\/uploads\/DSC_2101-201x300.jpg\" alt=\"DSC_2101\" width=\"201\" height=\"300\" srcset=\"https:\/\/lfv-oberholz.de\/cms\/wp-content\/uploads\/DSC_2101-201x300.jpg 201w, https:\/\/lfv-oberholz.de\/cms\/wp-content\/uploads\/DSC_2101.jpg 335w\" sizes=\"auto, (max-width: 201px) 100vw, 201px\" \/> <img loading=\"lazy\" decoding=\"async\" class=\"alignnone wp-image-1793 size-medium\" src=\"https:\/\/lfv-oberholz.de\/cms\/wp-content\/uploads\/DSC_2115-201x300.jpg\" alt=\"DSC_2115\" width=\"201\" height=\"300\" srcset=\"https:\/\/lfv-oberholz.de\/cms\/wp-content\/uploads\/DSC_2115-201x300.jpg 201w, https:\/\/lfv-oberholz.de\/cms\/wp-content\/uploads\/DSC_2115.jpg 335w\" sizes=\"auto, (max-width: 201px) 100vw, 201px\" \/><\/p>\n","protected":false},"excerpt":{"rendered":"<p>\u00a0Der Sommer zeigte sich am 24. Juli in seiner H\u00f6chstform. Der eine mag es, andere h\u00e4tten es am Wettkampftag lieber etwas frischer. Schon am fr\u00fchen Morgen dr\u00fcckten die Temperaturen ordentlich. Ab circa 9.00 Uhr checkten die Triathleten f\u00fcr die olympische &hellip; <a href=\"https:\/\/lfv-oberholz.de\/cms\/grosser-auftritt-des-lfv-beim-33-leipziger-triathlon\/\">Weiterlesen <span class=\"meta-nav\">&rarr;<\/span><\/a><\/p>\n","protected":false},"author":6,"featured_media":0,"comment_status":"closed","ping_status":"closed","sticky":false,"template":"","format":"standard","meta":{"pgc_sgb_lightbox_settings":"","footnotes":""},"categories":[9],"tags":[],"class_list":["post-1751","post","type-post","status-publish","format-standard","hentry","category-triathlon"],"_links":{"self":[{"href":"https:\/\/lfv-oberholz.de\/cms\/wp-json\/wp\/v2\/posts\/1751","targetHints":{"allow":["GET"]}}],"collection":[{"href":"https:\/\/lfv-oberholz.de\/cms\/wp-json\/wp\/v2\/posts"}],"about":[{"href":"https:\/\/lfv-oberholz.de\/cms\/wp-json\/wp\/v2\/types\/post"}],"author":[{"embeddable":true,"href":"https:\/\/lfv-oberholz.de\/cms\/wp-json\/wp\/v2\/users\/6"}],"replies":[{"embeddable":true,"href":"https:\/\/lfv-oberholz.de\/cms\/wp-json\/wp\/v2\/comments?post=1751"}],"version-history":[{"count":0,"href":"https:\/\/lfv-oberholz.de\/cms\/wp-json\/wp\/v2\/posts\/1751\/revisions"}],"wp:attachment":[{"href":"https:\/\/lfv-oberholz.de\/cms\/wp-json\/wp\/v2\/media?parent=1751"}],"wp:term":[{"taxonomy":"category","embeddable":true,"href":"https:\/\/lfv-oberholz.de\/cms\/wp-json\/wp\/v2\/categories?post=1751"},{"taxonomy":"post_tag","embeddable":true,"href":"https:\/\/lfv-oberholz.de\/cms\/wp-json\/wp\/v2\/tags?post=1751"}],"curies":[{"name":"wp","href":"https:\/\/api.w.org\/{rel}","templated":true}]}}