{"id":19638,"date":"2024-08-20T16:10:46","date_gmt":"2024-08-20T14:10:46","guid":{"rendered":"https:\/\/lfv-oberholz.de\/cms\/?p=19638"},"modified":"2024-10-27T21:16:05","modified_gmt":"2024-10-27T20:16:05","slug":"nachtrag-sommer-sonne-sportmaedels-und-ein-hahn-im-korb","status":"publish","type":"post","link":"https:\/\/lfv-oberholz.de\/cms\/nachtrag-sommer-sonne-sportmaedels-und-ein-hahn-im-korb\/","title":{"rendered":"Sommer, Sonne, Sportm\u00e4dels&#8230; und ein Hahn im Korb ;-)"},"content":{"rendered":"\n<p>\u00a0&#8211; von Maria Schneider &#8211;<\/p>\n<p><a href=\"https:\/\/lfv-oberholz.de\/cms\/wp-content\/uploads\/IMG-20240809-WA0012.jpg\"><img loading=\"lazy\" decoding=\"async\" class=\"alignright wp-image-19641 size-medium\" src=\"https:\/\/lfv-oberholz.de\/cms\/wp-content\/uploads\/IMG-20240809-WA0012-300x145.jpg\" alt=\"\" width=\"300\" height=\"145\" srcset=\"https:\/\/lfv-oberholz.de\/cms\/wp-content\/uploads\/IMG-20240809-WA0012-300x145.jpg 300w, https:\/\/lfv-oberholz.de\/cms\/wp-content\/uploads\/IMG-20240809-WA0012-1024x497.jpg 1024w, https:\/\/lfv-oberholz.de\/cms\/wp-content\/uploads\/IMG-20240809-WA0012-768x372.jpg 768w, https:\/\/lfv-oberholz.de\/cms\/wp-content\/uploads\/IMG-20240809-WA0012-1536x745.jpg 1536w, https:\/\/lfv-oberholz.de\/cms\/wp-content\/uploads\/IMG-20240809-WA0012.jpg 1633w\" sizes=\"auto, (max-width: 300px) 100vw, 300px\" \/><\/a> <a href=\"https:\/\/lfv-oberholz.de\/cms\/wp-content\/uploads\/20240809_173639-scaled.jpg\"><img loading=\"lazy\" decoding=\"async\" class=\"alignleft wp-image-19639\" src=\"https:\/\/lfv-oberholz.de\/cms\/wp-content\/uploads\/20240809_173639-172x300.jpg\" alt=\"\" width=\"128\" height=\"223\" srcset=\"https:\/\/lfv-oberholz.de\/cms\/wp-content\/uploads\/20240809_173639-172x300.jpg 172w, https:\/\/lfv-oberholz.de\/cms\/wp-content\/uploads\/20240809_173639-586x1024.jpg 586w, https:\/\/lfv-oberholz.de\/cms\/wp-content\/uploads\/20240809_173639-768x1343.jpg 768w, https:\/\/lfv-oberholz.de\/cms\/wp-content\/uploads\/20240809_173639-878x1536.jpg 878w, https:\/\/lfv-oberholz.de\/cms\/wp-content\/uploads\/20240809_173639-1171x2048.jpg 1171w, https:\/\/lfv-oberholz.de\/cms\/wp-content\/uploads\/20240809_173639-scaled.jpg 1464w\" sizes=\"auto, (max-width: 128px) 100vw, 128px\" \/><\/a>Inzwischen ist es schon Tradition geworden, dass die &#8222;Donnerstags-Sportgruppe&#8220; des LFV-Oberholz ein Sommerfest zelebriert. Jedes Jahr l\u00e4dt ein anderes Mitglied in seinen Garten ein und es werden bei lauen Sommerabenden die liebevoll zubereiteten Speisen &amp; Cocktails genossen und gute Gespr\u00e4che gef\u00fchrt. Die Bauchmuskulatur wird nat\u00fcrlich mit viiiiiiel Lachen auch nebenbei trainiert \ud83d\ude09 Wir freuen uns jetzt schon auf das kommende Jahr.<\/p>\n<p>Hier Impressionen vom Sommerfest im August 2024<br \/><a href=\"https:\/\/lfv-oberholz.de\/cms\/wp-content\/uploads\/IMG-20240810-WA0008.jpg\"><img loading=\"lazy\" decoding=\"async\" class=\"alignnone wp-image-19643\" src=\"https:\/\/lfv-oberholz.de\/cms\/wp-content\/uploads\/IMG-20240810-WA0008-225x300.jpg\" alt=\"\" width=\"124\" height=\"165\" srcset=\"https:\/\/lfv-oberholz.de\/cms\/wp-content\/uploads\/IMG-20240810-WA0008-225x300.jpg 225w, https:\/\/lfv-oberholz.de\/cms\/wp-content\/uploads\/IMG-20240810-WA0008-768x1024.jpg 768w, https:\/\/lfv-oberholz.de\/cms\/wp-content\/uploads\/IMG-20240810-WA0008-1152x1536.jpg 1152w, https:\/\/lfv-oberholz.de\/cms\/wp-content\/uploads\/IMG-20240810-WA0008.jpg 1536w\" sizes=\"auto, (max-width: 124px) 100vw, 124px\" \/><\/a> <a href=\"https:\/\/lfv-oberholz.de\/cms\/wp-content\/uploads\/IMG-20240809-WA0017.jpg\"><img loading=\"lazy\" decoding=\"async\" class=\"alignnone wp-image-19642\" src=\"https:\/\/lfv-oberholz.de\/cms\/wp-content\/uploads\/IMG-20240809-WA0017-300x139.jpg\" alt=\"\" width=\"357\" height=\"165\" srcset=\"https:\/\/lfv-oberholz.de\/cms\/wp-content\/uploads\/IMG-20240809-WA0017-300x139.jpg 300w, https:\/\/lfv-oberholz.de\/cms\/wp-content\/uploads\/IMG-20240809-WA0017-1024x473.jpg 1024w, https:\/\/lfv-oberholz.de\/cms\/wp-content\/uploads\/IMG-20240809-WA0017-768x355.jpg 768w, https:\/\/lfv-oberholz.de\/cms\/wp-content\/uploads\/IMG-20240809-WA0017-1536x709.jpg 1536w, https:\/\/lfv-oberholz.de\/cms\/wp-content\/uploads\/IMG-20240809-WA0017.jpg 1600w\" sizes=\"auto, (max-width: 357px) 100vw, 357px\" \/><\/a> <a href=\"https:\/\/lfv-oberholz.de\/cms\/wp-content\/uploads\/20240809_212943.jpg\"><img loading=\"lazy\" decoding=\"async\" class=\"alignnone wp-image-19640\" src=\"https:\/\/lfv-oberholz.de\/cms\/wp-content\/uploads\/20240809_212943-194x300.jpg\" alt=\"\" width=\"107\" height=\"165\" srcset=\"https:\/\/lfv-oberholz.de\/cms\/wp-content\/uploads\/20240809_212943-194x300.jpg 194w, https:\/\/lfv-oberholz.de\/cms\/wp-content\/uploads\/20240809_212943-661x1024.jpg 661w, https:\/\/lfv-oberholz.de\/cms\/wp-content\/uploads\/20240809_212943-768x1189.jpg 768w, https:\/\/lfv-oberholz.de\/cms\/wp-content\/uploads\/20240809_212943-992x1536.jpg 992w, https:\/\/lfv-oberholz.de\/cms\/wp-content\/uploads\/20240809_212943-1323x2048.jpg 1323w, https:\/\/lfv-oberholz.de\/cms\/wp-content\/uploads\/20240809_212943.jpg 1472w\" sizes=\"auto, (max-width: 107px) 100vw, 107px\" \/><\/a><\/p>\n\n\n","protected":false},"excerpt":{"rendered":"<p>\u00a0&#8211; von Maria Schneider &#8211; Inzwischen ist es schon Tradition geworden, dass die &#8222;Donnerstags-Sportgruppe&#8220; des LFV-Oberholz ein Sommerfest zelebriert. Jedes Jahr l\u00e4dt ein anderes Mitglied in seinen Garten ein und es werden bei lauen Sommerabenden die liebevoll zubereiteten Speisen &amp; &hellip; <a href=\"https:\/\/lfv-oberholz.de\/cms\/nachtrag-sommer-sonne-sportmaedels-und-ein-hahn-im-korb\/\">Weiterlesen <span class=\"meta-nav\">&rarr;<\/span><\/a><\/p>\n","protected":false},"author":6,"featured_media":0,"comment_status":"closed","ping_status":"closed","sticky":false,"template":"","format":"standard","meta":{"pgc_sgb_lightbox_settings":"","footnotes":""},"categories":[1,11,4],"tags":[],"class_list":["post-19638","post","type-post","status-publish","format-standard","hentry","category-allgemein","category-allgemeinsport","category-frauengymnastik"],"_links":{"self":[{"href":"https:\/\/lfv-oberholz.de\/cms\/wp-json\/wp\/v2\/posts\/19638","targetHints":{"allow":["GET"]}}],"collection":[{"href":"https:\/\/lfv-oberholz.de\/cms\/wp-json\/wp\/v2\/posts"}],"about":[{"href":"https:\/\/lfv-oberholz.de\/cms\/wp-json\/wp\/v2\/types\/post"}],"author":[{"embeddable":true,"href":"https:\/\/lfv-oberholz.de\/cms\/wp-json\/wp\/v2\/users\/6"}],"replies":[{"embeddable":true,"href":"https:\/\/lfv-oberholz.de\/cms\/wp-json\/wp\/v2\/comments?post=19638"}],"version-history":[{"count":2,"href":"https:\/\/lfv-oberholz.de\/cms\/wp-json\/wp\/v2\/posts\/19638\/revisions"}],"predecessor-version":[{"id":19713,"href":"https:\/\/lfv-oberholz.de\/cms\/wp-json\/wp\/v2\/posts\/19638\/revisions\/19713"}],"wp:attachment":[{"href":"https:\/\/lfv-oberholz.de\/cms\/wp-json\/wp\/v2\/media?parent=19638"}],"wp:term":[{"taxonomy":"category","embeddable":true,"href":"https:\/\/lfv-oberholz.de\/cms\/wp-json\/wp\/v2\/categories?post=19638"},{"taxonomy":"post_tag","embeddable":true,"href":"https:\/\/lfv-oberholz.de\/cms\/wp-json\/wp\/v2\/tags?post=19638"}],"curies":[{"name":"wp","href":"https:\/\/api.w.org\/{rel}","templated":true}]}}