{"id":2155,"date":"2016-10-15T22:30:58","date_gmt":"2016-10-15T20:30:58","guid":{"rendered":"http:\/\/lfv-oberholz.de\/cms\/?p=2155"},"modified":"2016-10-21T21:06:50","modified_gmt":"2016-10-21T19:06:50","slug":"40-kernberglauf-in-jena-am-15-10-2016","status":"publish","type":"post","link":"https:\/\/lfv-oberholz.de\/cms\/40-kernberglauf-in-jena-am-15-10-2016\/","title":{"rendered":"40. Kernberglauf in Jena am 15.10.2016"},"content":{"rendered":"<p>&#8211; von Ina Uebersch\u00e4r &#8211;<\/p>\n<p>Schon zum 40. Mal fand dieser sch\u00f6ne bergige Gel\u00e4ndelauf statt. Neben Kinderl\u00e4ufen werden ein 5 km Jedermann-Lauf sowie zwei Hauptl\u00e4ufe \u00fcber 15 und 27 km angeboten. Da sich wegen 5 km die Anreise nach Jena nicht lohnen w\u00fcrde, bin ich \u00fcber 15 km gestartet.<\/p>\n<p>Das H\u00f6henprofil hat es schon in sich. Nach 6 km ist man endlich auf dem Berg und dann geht es auf einer reizvollen Trailstrecke durch das Kernberggebiet oberhalb von Jena, teilweise mit wunderbaren Ausblicken auf die im Tal liegende Stadt. Das sch\u00f6ne Wetter <!--more-->und die wunderbare Laubf\u00e4rbung machten den Lauf zu einem echten Genusslauf, zumindest f\u00fcr mich, da bei mir Laufgenuss vor Laufzeit kommt.<br \/>\nDie Streckenausschilderung und Verpflegung sowie die Organisation beim Start und Ziel waren perfekt. Hier merkt man die 40-j\u00e4hrige Erfahrung \ud83d\ude42<\/p>\n<p>Auch andere Leipziger L\u00e4ufer waren heute in Jena am Start, von unserem Verein habe ich Antje M\u00fcller getroffen. Sie gewann \u00fcber die lange 27 km-Distanz ihre Altersklasse, Gratulation und Anerkennung f\u00fcr diese tolle Leistung. Zudem war Michael Loth auf gleicher Strecke erfolgreich dabei.<\/p>\n<p><a href=\"http:\/\/www.davengo.com\/event\/result\/40-jenaer-kernberglauf-2016\/\">Ergebnislink<\/a><\/p>\n<p><strong>Ergebnisauszug LFV Oberholz<\/strong><\/p>\n<p>\u00fcber 27 km<br \/>\n108. Platz gesamt, 1. Platz W45, Antje M\u00fcller, 2:26:05 h<br \/>\n146. Platz gesamt, 19. Platz M50, Michael Loth, 2:31:32 h<\/p>\n<p>\u00fcber 15 km<br \/>\n639. Platz gesamt, 8. Platz W60, Ina Uebersch\u00e4r, 1:58:34 h<\/p>\n","protected":false},"excerpt":{"rendered":"<p>&#8211; von Ina Uebersch\u00e4r &#8211; Schon zum 40. Mal fand dieser sch\u00f6ne bergige Gel\u00e4ndelauf statt. Neben Kinderl\u00e4ufen werden ein 5 km Jedermann-Lauf sowie zwei Hauptl\u00e4ufe \u00fcber 15 und 27 km angeboten. Da sich wegen 5 km die Anreise nach Jena &hellip; <a href=\"https:\/\/lfv-oberholz.de\/cms\/40-kernberglauf-in-jena-am-15-10-2016\/\">Weiterlesen <span class=\"meta-nav\">&rarr;<\/span><\/a><\/p>\n","protected":false},"author":6,"featured_media":0,"comment_status":"closed","ping_status":"closed","sticky":false,"template":"","format":"standard","meta":{"pgc_sgb_lightbox_settings":"","footnotes":""},"categories":[5],"tags":[],"class_list":["post-2155","post","type-post","status-publish","format-standard","hentry","category-leichtathletik"],"_links":{"self":[{"href":"https:\/\/lfv-oberholz.de\/cms\/wp-json\/wp\/v2\/posts\/2155","targetHints":{"allow":["GET"]}}],"collection":[{"href":"https:\/\/lfv-oberholz.de\/cms\/wp-json\/wp\/v2\/posts"}],"about":[{"href":"https:\/\/lfv-oberholz.de\/cms\/wp-json\/wp\/v2\/types\/post"}],"author":[{"embeddable":true,"href":"https:\/\/lfv-oberholz.de\/cms\/wp-json\/wp\/v2\/users\/6"}],"replies":[{"embeddable":true,"href":"https:\/\/lfv-oberholz.de\/cms\/wp-json\/wp\/v2\/comments?post=2155"}],"version-history":[{"count":0,"href":"https:\/\/lfv-oberholz.de\/cms\/wp-json\/wp\/v2\/posts\/2155\/revisions"}],"wp:attachment":[{"href":"https:\/\/lfv-oberholz.de\/cms\/wp-json\/wp\/v2\/media?parent=2155"}],"wp:term":[{"taxonomy":"category","embeddable":true,"href":"https:\/\/lfv-oberholz.de\/cms\/wp-json\/wp\/v2\/categories?post=2155"},{"taxonomy":"post_tag","embeddable":true,"href":"https:\/\/lfv-oberholz.de\/cms\/wp-json\/wp\/v2\/tags?post=2155"}],"curies":[{"name":"wp","href":"https:\/\/api.w.org\/{rel}","templated":true}]}}