{"id":2183,"date":"2016-11-06T21:09:51","date_gmt":"2016-11-06T20:09:51","guid":{"rendered":"http:\/\/lfv-oberholz.de\/cms\/?p=2183"},"modified":"2016-11-06T22:54:04","modified_gmt":"2016-11-06T21:54:04","slug":"herbstcrosslauf-des-leipziger-skiclub-am-5-november","status":"publish","type":"post","link":"https:\/\/lfv-oberholz.de\/cms\/herbstcrosslauf-des-leipziger-skiclub-am-5-november\/","title":{"rendered":"Herbstcrosslauf des Leipziger Skiclub am 5. November"},"content":{"rendered":"<p>Schon sehr zeitig begann der Herbstcrosslauf der regionalen Skifaher am frischen Sonnabendmorgen. Bereits 9.00 Uhr starteten erstmals die Kleinsten, bis 6 Jahre jung, auf eine 500 m.Wendestrecke. Vom LFV mit dabei waren Elisa Menzel und Pascal Bauer. Wenige Minuten sp\u00e4ter folgten die Kinder- und Jugendl\u00e4ufe 1 oder auch 2x auf der traditionellen 1,5 km Runde. Die Junioren-, Fauen- und M\u00e4nnerklassen <!--more-->starteten in den letzten zwei Wellen \u00fcber 4,5 bzw. 7,5 km auf gleichem Rundkurs. Bianca und Rico Bogen gewannen souver\u00e4n den 4,5 km Lauf. Auf der 7,5 km Distanz lief Marco Sander als 3. \u00fcber die Ziellinie und Henri Leuschner schaffte es auf den 7. Rang insgesamt.<\/p>\n<p><a href=\"https:\/\/lfv-oberholz.de\/cms\/wp-content\/uploads\/Herbstwaldlauf-2016_Ergebnisliste_AK.pdf\">PDF Altersklassenwertung<\/a><br \/>\n<a href=\"https:\/\/lfv-oberholz.de\/cms\/wp-content\/uploads\/Herbstwaldlauf-2016_Ergebnisliste_Strecke.pdf\">PDF Streckenwertung<\/a><\/p>\n<p>Detaillierte Ergebnisse unserer Teilnehmer:<\/p>\n<p>7,5 km<br \/>\n32:56,6 min, Marco Sander, 3. Platz ges., 2. Platz Herren<br \/>\n34:41,5 min, Henri Leuschner, 7. Platz ges., 1. Platz Herren 41<\/p>\n<p>4,5 km<br \/>\n18:26,2 min, Rico Bogen, 1. Platz ges. m, 1. Platz Jugend 16 m<br \/>\n19:49,1 min, Bianca Bogen, 1. Platz ges. w, 1. Platz Jugend 17\/18 w<\/p>\n<p>1,5 km<br \/>\n07:10,2 min, Nele Ra\u00dfmann, 5. Platz ges. w, 3. Platz AK w S11<br \/>\n07:32,1 min, Lucia Menzel, 8. Platz ges. w, 4. Platz AK w S11<br \/>\n08:02,8 min, Tara Liedtke, 16. Platz ges. w, 3. Platz AK w S9<br \/>\n09:13,3 min, Felicitas Herrmann, 26. Platz ges. w, 8. Platz AK w S11<\/p>\n<p>0,5 km<br \/>\n02:23,0 min, Elise Menzel, 3. Platz Bambini weiblich<br \/>\n03:02,1 min, Pascal Bauer, 4. Platz Bambini m\u00e4nnlich<\/p>\n","protected":false},"excerpt":{"rendered":"<p>Schon sehr zeitig begann der Herbstcrosslauf der regionalen Skifaher am frischen Sonnabendmorgen. Bereits 9.00 Uhr starteten erstmals die Kleinsten, bis 6 Jahre jung, auf eine 500 m.Wendestrecke. Vom LFV mit dabei waren Elisa Menzel und Pascal Bauer. Wenige Minuten sp\u00e4ter &hellip; <a href=\"https:\/\/lfv-oberholz.de\/cms\/herbstcrosslauf-des-leipziger-skiclub-am-5-november\/\">Weiterlesen <span class=\"meta-nav\">&rarr;<\/span><\/a><\/p>\n","protected":false},"author":6,"featured_media":0,"comment_status":"closed","ping_status":"closed","sticky":false,"template":"","format":"standard","meta":{"pgc_sgb_lightbox_settings":"","footnotes":""},"categories":[5,8],"tags":[],"class_list":["post-2183","post","type-post","status-publish","format-standard","hentry","category-leichtathletik","category-skilanglauf"],"_links":{"self":[{"href":"https:\/\/lfv-oberholz.de\/cms\/wp-json\/wp\/v2\/posts\/2183","targetHints":{"allow":["GET"]}}],"collection":[{"href":"https:\/\/lfv-oberholz.de\/cms\/wp-json\/wp\/v2\/posts"}],"about":[{"href":"https:\/\/lfv-oberholz.de\/cms\/wp-json\/wp\/v2\/types\/post"}],"author":[{"embeddable":true,"href":"https:\/\/lfv-oberholz.de\/cms\/wp-json\/wp\/v2\/users\/6"}],"replies":[{"embeddable":true,"href":"https:\/\/lfv-oberholz.de\/cms\/wp-json\/wp\/v2\/comments?post=2183"}],"version-history":[{"count":0,"href":"https:\/\/lfv-oberholz.de\/cms\/wp-json\/wp\/v2\/posts\/2183\/revisions"}],"wp:attachment":[{"href":"https:\/\/lfv-oberholz.de\/cms\/wp-json\/wp\/v2\/media?parent=2183"}],"wp:term":[{"taxonomy":"category","embeddable":true,"href":"https:\/\/lfv-oberholz.de\/cms\/wp-json\/wp\/v2\/categories?post=2183"},{"taxonomy":"post_tag","embeddable":true,"href":"https:\/\/lfv-oberholz.de\/cms\/wp-json\/wp\/v2\/tags?post=2183"}],"curies":[{"name":"wp","href":"https:\/\/api.w.org\/{rel}","templated":true}]}}