{"id":22941,"date":"2025-06-19T08:54:43","date_gmt":"2025-06-19T06:54:43","guid":{"rendered":"https:\/\/lfv-oberholz.de\/cms\/?p=22941"},"modified":"2025-07-02T11:47:35","modified_gmt":"2025-07-02T09:47:35","slug":"torgauer-nachtlauf-freitag-der-13-juni-2025","status":"publish","type":"post","link":"https:\/\/lfv-oberholz.de\/cms\/torgauer-nachtlauf-freitag-der-13-juni-2025\/","title":{"rendered":"Torgauer Nachtlauf &#8211; Freitag der 13. &#8230; Juni 2025"},"content":{"rendered":"\n<p>&#8230; Und dennoch kein Ungl\u00fcckstag &#8230;<\/p>\n<p>Und so sollte der 13. Torgauer Nachtlauf f\u00fcr einige Oberholzer zur Pokal-Jagd avancieren.<\/p>\n<p><a href=\"https:\/\/lfv-oberholz.de\/cms\/wp-content\/uploads\/IMG_20250613_212241-scaled.jpg\"><img loading=\"lazy\" decoding=\"async\" class=\"alignleft wp-image-22942\" src=\"https:\/\/lfv-oberholz.de\/cms\/wp-content\/uploads\/IMG_20250613_212241-300x225.jpg\" alt=\"\" width=\"133\" height=\"100\" srcset=\"https:\/\/lfv-oberholz.de\/cms\/wp-content\/uploads\/IMG_20250613_212241-300x225.jpg 300w, https:\/\/lfv-oberholz.de\/cms\/wp-content\/uploads\/IMG_20250613_212241-1024x768.jpg 1024w, https:\/\/lfv-oberholz.de\/cms\/wp-content\/uploads\/IMG_20250613_212241-768x576.jpg 768w, https:\/\/lfv-oberholz.de\/cms\/wp-content\/uploads\/IMG_20250613_212241-1536x1152.jpg 1536w, https:\/\/lfv-oberholz.de\/cms\/wp-content\/uploads\/IMG_20250613_212241-2048x1536.jpg 2048w\" sizes=\"auto, (max-width: 133px) 100vw, 133px\" \/><\/a><a href=\"https:\/\/lfv-oberholz.de\/cms\/wp-content\/uploads\/IMG_20250613_212859-scaled.jpg\"><img loading=\"lazy\" decoding=\"async\" class=\"alignright wp-image-22944\" src=\"https:\/\/lfv-oberholz.de\/cms\/wp-content\/uploads\/IMG_20250613_212859-300x225.jpg\" alt=\"\" width=\"133\" height=\"100\" srcset=\"https:\/\/lfv-oberholz.de\/cms\/wp-content\/uploads\/IMG_20250613_212859-300x225.jpg 300w, https:\/\/lfv-oberholz.de\/cms\/wp-content\/uploads\/IMG_20250613_212859-1024x768.jpg 1024w, https:\/\/lfv-oberholz.de\/cms\/wp-content\/uploads\/IMG_20250613_212859-768x576.jpg 768w, https:\/\/lfv-oberholz.de\/cms\/wp-content\/uploads\/IMG_20250613_212859-1536x1152.jpg 1536w, https:\/\/lfv-oberholz.de\/cms\/wp-content\/uploads\/IMG_20250613_212859-2048x1536.jpg 2048w\" sizes=\"auto, (max-width: 133px) 100vw, 133px\" \/><\/a>Den Anfang machte Paul Luca \u00fcber die 2 km (1 Runde) als gesamt 3. Junge und 1. in seiner AK.<\/p>\n<p>Kira lie\u00df nichts anbrennen und belegte \u00fcber die 6 km (3 Runden) den gesamt 1. Platz sowie logischerweise auch den 1. Platz in der AK. Fabrice flog mit einer 3:59 min Pace auf Platz 5, gefolgt von Peter und Benjamin auf den Pl\u00e4tzen 6 und 7.<\/p>\n<p><a href=\"https:\/\/lfv-oberholz.de\/cms\/wp-content\/uploads\/IMG-20250613-WA0032.jpg\"><img loading=\"lazy\" decoding=\"async\" class=\"alignleft wp-image-22945\" src=\"https:\/\/lfv-oberholz.de\/cms\/wp-content\/uploads\/IMG-20250613-WA0032-300x140.jpg\" alt=\"\" width=\"214\" height=\"100\" srcset=\"https:\/\/lfv-oberholz.de\/cms\/wp-content\/uploads\/IMG-20250613-WA0032-300x140.jpg 300w, https:\/\/lfv-oberholz.de\/cms\/wp-content\/uploads\/IMG-20250613-WA0032-1024x478.jpg 1024w, https:\/\/lfv-oberholz.de\/cms\/wp-content\/uploads\/IMG-20250613-WA0032-768x359.jpg 768w, https:\/\/lfv-oberholz.de\/cms\/wp-content\/uploads\/IMG-20250613-WA0032-1536x717.jpg 1536w, https:\/\/lfv-oberholz.de\/cms\/wp-content\/uploads\/IMG-20250613-WA0032.jpg 2000w\" sizes=\"auto, (max-width: 214px) 100vw, 214px\" \/><\/a><a href=\"https:\/\/lfv-oberholz.de\/cms\/wp-content\/uploads\/IMG-20250613-WA0037.jpg\"><img loading=\"lazy\" decoding=\"async\" class=\"alignright wp-image-22946\" src=\"https:\/\/lfv-oberholz.de\/cms\/wp-content\/uploads\/IMG-20250613-WA0037-140x300.jpg\" alt=\"\" width=\"47\" height=\"100\" srcset=\"https:\/\/lfv-oberholz.de\/cms\/wp-content\/uploads\/IMG-20250613-WA0037-140x300.jpg 140w, https:\/\/lfv-oberholz.de\/cms\/wp-content\/uploads\/IMG-20250613-WA0037-478x1024.jpg 478w, https:\/\/lfv-oberholz.de\/cms\/wp-content\/uploads\/IMG-20250613-WA0037-768x1645.jpg 768w, https:\/\/lfv-oberholz.de\/cms\/wp-content\/uploads\/IMG-20250613-WA0037-717x1536.jpg 717w, https:\/\/lfv-oberholz.de\/cms\/wp-content\/uploads\/IMG-20250613-WA0037.jpg 926w\" sizes=\"auto, (max-width: 47px) 100vw, 47px\" \/><\/a>Auf den 10 km (ergo 5 Runden) lie\u00df Christiane alle anderen Damen stehen und belegte gesamt Platz 1. Ihr Partner Alexander konnte sich souver\u00e4n den 3. Platz \u00fcber alle M\u00e4nner sichern.<\/p>\n<p>Bei jeder Siegerehrung war also wieder namentlich unser \u00dcberflieger-Verein vertreten.<\/p>\n<p>Und da soll noch einmal einer was zum Freitag dem 13. sagen &#8230;<\/p>\n","protected":false},"excerpt":{"rendered":"<p>&#8230; Und dennoch kein Ungl\u00fcckstag &#8230; Und so sollte der 13. Torgauer Nachtlauf f\u00fcr einige Oberholzer zur Pokal-Jagd avancieren. Den Anfang machte Paul Luca \u00fcber die 2 km (1 Runde) als gesamt 3. Junge und 1. in seiner AK. Kira &hellip; <a href=\"https:\/\/lfv-oberholz.de\/cms\/torgauer-nachtlauf-freitag-der-13-juni-2025\/\">Weiterlesen <span class=\"meta-nav\">&rarr;<\/span><\/a><\/p>\n","protected":false},"author":13,"featured_media":0,"comment_status":"closed","ping_status":"closed","sticky":false,"template":"","format":"standard","meta":{"pgc_sgb_lightbox_settings":"","footnotes":""},"categories":[1,5],"tags":[],"class_list":["post-22941","post","type-post","status-publish","format-standard","hentry","category-allgemein","category-leichtathletik"],"_links":{"self":[{"href":"https:\/\/lfv-oberholz.de\/cms\/wp-json\/wp\/v2\/posts\/22941","targetHints":{"allow":["GET"]}}],"collection":[{"href":"https:\/\/lfv-oberholz.de\/cms\/wp-json\/wp\/v2\/posts"}],"about":[{"href":"https:\/\/lfv-oberholz.de\/cms\/wp-json\/wp\/v2\/types\/post"}],"author":[{"embeddable":true,"href":"https:\/\/lfv-oberholz.de\/cms\/wp-json\/wp\/v2\/users\/13"}],"replies":[{"embeddable":true,"href":"https:\/\/lfv-oberholz.de\/cms\/wp-json\/wp\/v2\/comments?post=22941"}],"version-history":[{"count":1,"href":"https:\/\/lfv-oberholz.de\/cms\/wp-json\/wp\/v2\/posts\/22941\/revisions"}],"predecessor-version":[{"id":22947,"href":"https:\/\/lfv-oberholz.de\/cms\/wp-json\/wp\/v2\/posts\/22941\/revisions\/22947"}],"wp:attachment":[{"href":"https:\/\/lfv-oberholz.de\/cms\/wp-json\/wp\/v2\/media?parent=22941"}],"wp:term":[{"taxonomy":"category","embeddable":true,"href":"https:\/\/lfv-oberholz.de\/cms\/wp-json\/wp\/v2\/categories?post=22941"},{"taxonomy":"post_tag","embeddable":true,"href":"https:\/\/lfv-oberholz.de\/cms\/wp-json\/wp\/v2\/tags?post=22941"}],"curies":[{"name":"wp","href":"https:\/\/api.w.org\/{rel}","templated":true}]}}