{"id":23153,"date":"2025-08-25T11:16:53","date_gmt":"2025-08-25T09:16:53","guid":{"rendered":"https:\/\/lfv-oberholz.de\/cms\/?p=23153"},"modified":"2025-10-01T11:53:45","modified_gmt":"2025-10-01T09:53:45","slug":"12-ringelnatzlauf-wurzen-24-08-2025","status":"publish","type":"post","link":"https:\/\/lfv-oberholz.de\/cms\/12-ringelnatzlauf-wurzen-24-08-2025\/","title":{"rendered":"12. Ringelnatzlauf Wurzen &#8211; 24.08.2025"},"content":{"rendered":"\n<p><a href=\"https:\/\/lfv-oberholz.de\/cms\/wp-content\/uploads\/IMG-20250824-WA0080.jpg\"><img loading=\"lazy\" decoding=\"async\" class=\" wp-image-23161 alignleft\" src=\"https:\/\/lfv-oberholz.de\/cms\/wp-content\/uploads\/IMG-20250824-WA0080-300x226.jpg\" alt=\"\" width=\"212\" height=\"160\" srcset=\"https:\/\/lfv-oberholz.de\/cms\/wp-content\/uploads\/IMG-20250824-WA0080-300x226.jpg 300w, https:\/\/lfv-oberholz.de\/cms\/wp-content\/uploads\/IMG-20250824-WA0080-1024x771.jpg 1024w, https:\/\/lfv-oberholz.de\/cms\/wp-content\/uploads\/IMG-20250824-WA0080-768x578.jpg 768w, https:\/\/lfv-oberholz.de\/cms\/wp-content\/uploads\/IMG-20250824-WA0080-1536x1156.jpg 1536w, https:\/\/lfv-oberholz.de\/cms\/wp-content\/uploads\/IMG-20250824-WA0080.jpg 1600w\" sizes=\"auto, (max-width: 212px) 100vw, 212px\" \/><\/a><a href=\"https:\/\/lfv-oberholz.de\/cms\/wp-content\/uploads\/IMG-20250825-WA0005-scaled-e1756122577693.jpg\"><img loading=\"lazy\" decoding=\"async\" class=\"wp-image-23171  alignright\" src=\"https:\/\/lfv-oberholz.de\/cms\/wp-content\/uploads\/IMG-20250825-WA0005-scaled-e1756122577693-216x300.jpg\" alt=\"\" width=\"143\" height=\"198\" srcset=\"https:\/\/lfv-oberholz.de\/cms\/wp-content\/uploads\/IMG-20250825-WA0005-scaled-e1756122577693-216x300.jpg 216w, https:\/\/lfv-oberholz.de\/cms\/wp-content\/uploads\/IMG-20250825-WA0005-scaled-e1756122577693-737x1024.jpg 737w, https:\/\/lfv-oberholz.de\/cms\/wp-content\/uploads\/IMG-20250825-WA0005-scaled-e1756122577693-768x1068.jpg 768w, https:\/\/lfv-oberholz.de\/cms\/wp-content\/uploads\/IMG-20250825-WA0005-scaled-e1756122577693-1105x1536.jpg 1105w, https:\/\/lfv-oberholz.de\/cms\/wp-content\/uploads\/IMG-20250825-WA0005-scaled-e1756122577693.jpg 1246w\" sizes=\"auto, (max-width: 143px) 100vw, 143px\" \/><\/a>Einen Tag nach dem Beuchaer Triathlon, bei einigen LFVlern zwickte es noch in den Beinen, folgten 15 Sportler der Einladung zum 12. Ringelnatzlauf um und durch die sch\u00f6ne Altstadt Wurzen. Das Wetter war diesmal perfekt f\u00fcrs Laufen, sowie f\u00fcr die Zuschauer am Rand, ohne gratis G\u00e4nsehaut. Und so zeigte der LFV mal wieder geh\u00f6rig Flagge:<\/p>\n<p><a href=\"https:\/\/lfv-oberholz.de\/cms\/wp-content\/uploads\/IMG-20250825-WA0007-scaled.jpg\"><img loading=\"lazy\" decoding=\"async\" class=\" wp-image-23172 alignleft\" src=\"https:\/\/lfv-oberholz.de\/cms\/wp-content\/uploads\/IMG-20250825-WA0007-300x225.jpg\" alt=\"\" width=\"213\" height=\"160\" srcset=\"https:\/\/lfv-oberholz.de\/cms\/wp-content\/uploads\/IMG-20250825-WA0007-300x225.jpg 300w, https:\/\/lfv-oberholz.de\/cms\/wp-content\/uploads\/IMG-20250825-WA0007-1024x768.jpg 1024w, https:\/\/lfv-oberholz.de\/cms\/wp-content\/uploads\/IMG-20250825-WA0007-768x576.jpg 768w, https:\/\/lfv-oberholz.de\/cms\/wp-content\/uploads\/IMG-20250825-WA0007-1536x1152.jpg 1536w, https:\/\/lfv-oberholz.de\/cms\/wp-content\/uploads\/IMG-20250825-WA0007-2048x1536.jpg 2048w\" sizes=\"auto, (max-width: 213px) 100vw, 213px\" \/><\/a><a href=\"https:\/\/lfv-oberholz.de\/cms\/wp-content\/uploads\/IMG-20250825-WA0003-scaled.jpg\"><img loading=\"lazy\" decoding=\"async\" class=\" wp-image-23170 alignright\" src=\"https:\/\/lfv-oberholz.de\/cms\/wp-content\/uploads\/IMG-20250825-WA0003-225x300.jpg\" alt=\"\" width=\"110\" height=\"146\" srcset=\"https:\/\/lfv-oberholz.de\/cms\/wp-content\/uploads\/IMG-20250825-WA0003-225x300.jpg 225w, https:\/\/lfv-oberholz.de\/cms\/wp-content\/uploads\/IMG-20250825-WA0003-768x1024.jpg 768w, https:\/\/lfv-oberholz.de\/cms\/wp-content\/uploads\/IMG-20250825-WA0003-1152x1536.jpg 1152w, https:\/\/lfv-oberholz.de\/cms\/wp-content\/uploads\/IMG-20250825-WA0003-1536x2048.jpg 1536w, https:\/\/lfv-oberholz.de\/cms\/wp-content\/uploads\/IMG-20250825-WA0003-scaled.jpg 1920w\" sizes=\"auto, (max-width: 110px) 100vw, 110px\" \/><\/a>Den Anfang machte Wim Sander mit einem Vizetitel auf den 1,8 km in der M9-10. Prima gemacht! Seine Schwester Amanda holte sich \u00fcberragend den Sieg beim Handicap-Lauf \u00fcber 600 m. Absolut spitze! Sein Bruder John Maarten pulverisierte seinen Vorjahres-Streckenrekord \u00fcber die 5k und holte sich ganz knapp den Gesamtsieg. Familie Reipricht at its best! Gro\u00dfes Kino!<!--more--><\/p>\n<p><a href=\"https:\/\/lfv-oberholz.de\/cms\/wp-content\/uploads\/IMG-20250824-WA0086-e1756112423838.jpg\"><img loading=\"lazy\" decoding=\"async\" class=\"wp-image-23162  alignright\" src=\"https:\/\/lfv-oberholz.de\/cms\/wp-content\/uploads\/IMG-20250824-WA0086-e1756112423838-199x300.jpg\" alt=\"\" width=\"129\" height=\"194\" srcset=\"https:\/\/lfv-oberholz.de\/cms\/wp-content\/uploads\/IMG-20250824-WA0086-e1756112423838-199x300.jpg 199w, https:\/\/lfv-oberholz.de\/cms\/wp-content\/uploads\/IMG-20250824-WA0086-e1756112423838-681x1024.jpg 681w, https:\/\/lfv-oberholz.de\/cms\/wp-content\/uploads\/IMG-20250824-WA0086-e1756112423838-768x1155.jpg 768w, https:\/\/lfv-oberholz.de\/cms\/wp-content\/uploads\/IMG-20250824-WA0086-e1756112423838.jpg 980w\" sizes=\"auto, (max-width: 129px) 100vw, 129px\" \/><\/a><a href=\"https:\/\/lfv-oberholz.de\/cms\/wp-content\/uploads\/IMG-20250825-WA0023.jpg\"><img loading=\"lazy\" decoding=\"async\" class=\"wp-image-23183 alignleft\" src=\"https:\/\/lfv-oberholz.de\/cms\/wp-content\/uploads\/IMG-20250825-WA0023-225x300.jpg\" alt=\"\" width=\"141\" height=\"188\" srcset=\"https:\/\/lfv-oberholz.de\/cms\/wp-content\/uploads\/IMG-20250825-WA0023-225x300.jpg 225w, https:\/\/lfv-oberholz.de\/cms\/wp-content\/uploads\/IMG-20250825-WA0023-768x1024.jpg 768w, https:\/\/lfv-oberholz.de\/cms\/wp-content\/uploads\/IMG-20250825-WA0023-1152x1536.jpg 1152w, https:\/\/lfv-oberholz.de\/cms\/wp-content\/uploads\/IMG-20250825-WA0023.jpg 1200w\" sizes=\"auto, (max-width: 141px) 100vw, 141px\" \/><\/a>Ebenfalls \u00fcber 5k ging noch unser Neuzugang Anja Fengler an den Start, die sich gleich einmal den Vizetitel gesamt (PAK 1) sicherte. Begleitet wurde sie von Dirk Weber, der sich Platz 25 (PAK 1) einheimste. Herzlichen Gl\u00fcckwunsch an euch beiden!<\/p>\n<p><a href=\"https:\/\/lfv-oberholz.de\/cms\/wp-content\/uploads\/Bildschirmfoto_25-8-2025_111053_www.instagram.com_.jpeg\"><img loading=\"lazy\" decoding=\"async\" class=\"wp-image-23165 aligncenter\" src=\"https:\/\/lfv-oberholz.de\/cms\/wp-content\/uploads\/Bildschirmfoto_25-8-2025_111053_www.instagram.com_-254x300.jpeg\" alt=\"\" width=\"155\" height=\"183\" srcset=\"https:\/\/lfv-oberholz.de\/cms\/wp-content\/uploads\/Bildschirmfoto_25-8-2025_111053_www.instagram.com_-254x300.jpeg 254w, https:\/\/lfv-oberholz.de\/cms\/wp-content\/uploads\/Bildschirmfoto_25-8-2025_111053_www.instagram.com_-867x1024.jpeg 867w, https:\/\/lfv-oberholz.de\/cms\/wp-content\/uploads\/Bildschirmfoto_25-8-2025_111053_www.instagram.com_-768x907.jpeg 768w, https:\/\/lfv-oberholz.de\/cms\/wp-content\/uploads\/Bildschirmfoto_25-8-2025_111053_www.instagram.com_.jpeg 1063w\" sizes=\"auto, (max-width: 155px) 100vw, 155px\" \/><\/a>Den Hauptlauf \u00fcber 10k bestritten Jessica, Antje und Beate, sowie Olaf, Manuel, Jens und Alexander. Jessica konnte sich mit dem Vizetitel (PAK 1) \u00fcber alle Frauen kr\u00f6nen. Antje folgte auf Platz 7 (PAK 1). Beate k\u00e4mpfte sich \u00fcber die Kopfsteinpflasterberge in unter 1 h und platzierte sich gesamt auf Rang 27 (PAK 5). Klasse Leistung von euch! Olaf, nach Verletzungspause fast wieder der Alte, mischte vorne kr\u00e4ftig mit und musste sich nur der &#8222;Jugend&#8220; geschlagen geben. Platz 5 (PAK 1) \u00fcber Alle. Welcome back! Manuel ganz stark mit knapp 40 Minuten ebenfalls Top 10 (PAK 1). Jens und Alexander, jeweils auf Platz 14 und 29, komplettierten die PAK 1-Serie in ihren AKs. Herzlichen Gl\u00fcckwunsch!<\/p>\n<p data-wp-editing=\"1\"><a href=\"https:\/\/lfv-oberholz.de\/cms\/wp-content\/uploads\/IMG-20250824-WA0061-scaled-e1756113352465.jpg\"><img loading=\"lazy\" decoding=\"async\" class=\"wp-image-23167  alignleft\" src=\"https:\/\/lfv-oberholz.de\/cms\/wp-content\/uploads\/IMG-20250824-WA0061-scaled-e1756113352465-300x180.jpg\" alt=\"\" width=\"217\" height=\"130\" srcset=\"https:\/\/lfv-oberholz.de\/cms\/wp-content\/uploads\/IMG-20250824-WA0061-scaled-e1756113352465-300x180.jpg 300w, https:\/\/lfv-oberholz.de\/cms\/wp-content\/uploads\/IMG-20250824-WA0061-scaled-e1756113352465-1024x613.jpg 1024w, https:\/\/lfv-oberholz.de\/cms\/wp-content\/uploads\/IMG-20250824-WA0061-scaled-e1756113352465-768x460.jpg 768w, https:\/\/lfv-oberholz.de\/cms\/wp-content\/uploads\/IMG-20250824-WA0061-scaled-e1756113352465-1536x919.jpg 1536w, https:\/\/lfv-oberholz.de\/cms\/wp-content\/uploads\/IMG-20250824-WA0061-scaled-e1756113352465.jpg 1783w\" sizes=\"auto, (max-width: 217px) 100vw, 217px\" \/><\/a><a href=\"https:\/\/lfv-oberholz.de\/cms\/wp-content\/uploads\/IMG-20250824-WA0079.jpg\"><img loading=\"lazy\" decoding=\"async\" class=\"size-medium wp-image-23160 alignright\" src=\"https:\/\/lfv-oberholz.de\/cms\/wp-content\/uploads\/IMG-20250824-WA0079-300x226.jpg\" alt=\"\" width=\"300\" height=\"226\" srcset=\"https:\/\/lfv-oberholz.de\/cms\/wp-content\/uploads\/IMG-20250824-WA0079-300x226.jpg 300w, https:\/\/lfv-oberholz.de\/cms\/wp-content\/uploads\/IMG-20250824-WA0079-1024x771.jpg 1024w, https:\/\/lfv-oberholz.de\/cms\/wp-content\/uploads\/IMG-20250824-WA0079-768x578.jpg 768w, https:\/\/lfv-oberholz.de\/cms\/wp-content\/uploads\/IMG-20250824-WA0079-1536x1156.jpg 1536w, https:\/\/lfv-oberholz.de\/cms\/wp-content\/uploads\/IMG-20250824-WA0079.jpg 1600w\" sizes=\"auto, (max-width: 300px) 100vw, 300px\" \/><\/a>Zeitgleich mit dem Hauptlauf \u00fcber 10k starteten \u00fcber 30 Staffeln zum 4 x 2,5k Lauf. F\u00fcr das Team &#8222;LFV Oberholz&#8220; gingen Fabrice als Startl\u00e4ufer, Torsten als 2., Kira als 3. und nochmals Fabrice als Schlussl\u00e4ufer auf den Rundkurs. Alexander als erster und Henri als zweiter L\u00e4ufer starteten zusammen mit Anna und Patrick f\u00fcr das Team &#8222;Sportpark Nischwitz&#8220;. Beide Staffeln\/Teams, gewertet in der Mixed-Kategorie zeigten den anderen Staffeln nur den R\u00fccken und legten einen sprichw\u00f6rtlichen &#8222;Start-Ziel-Sieg&#8220; (LFV Oberholz) und &#8222;Start-Ziel-Vizesieg&#8220; (Sportpark Nischwitz) hin. Hier m\u00f6chte ich als Schreiberling pers\u00f6nlich mit den Worten abschlie\u00dfen: &#8222;Geiler Ritt. Einmal der Gejagte sein, hat was. Emotionen pur, bleibt f\u00fcr immer h\u00e4ngen. Danke f\u00fcr den klasse Fight an Alex, Henri und ihr Team. Gerne n\u00e4chstes Jahr wieder!&#8220;<\/p>\n","protected":false},"excerpt":{"rendered":"<p>Einen Tag nach dem Beuchaer Triathlon, bei einigen LFVlern zwickte es noch in den Beinen, folgten 15 Sportler der Einladung zum 12. Ringelnatzlauf um und durch die sch\u00f6ne Altstadt Wurzen. Das Wetter war diesmal perfekt f\u00fcrs Laufen, sowie f\u00fcr die &hellip; <a href=\"https:\/\/lfv-oberholz.de\/cms\/12-ringelnatzlauf-wurzen-24-08-2025\/\">Weiterlesen <span class=\"meta-nav\">&rarr;<\/span><\/a><\/p>\n","protected":false},"author":13,"featured_media":0,"comment_status":"closed","ping_status":"closed","sticky":false,"template":"","format":"standard","meta":{"pgc_sgb_lightbox_settings":"","footnotes":""},"categories":[1,5],"tags":[],"class_list":["post-23153","post","type-post","status-publish","format-standard","hentry","category-allgemein","category-leichtathletik"],"_links":{"self":[{"href":"https:\/\/lfv-oberholz.de\/cms\/wp-json\/wp\/v2\/posts\/23153","targetHints":{"allow":["GET"]}}],"collection":[{"href":"https:\/\/lfv-oberholz.de\/cms\/wp-json\/wp\/v2\/posts"}],"about":[{"href":"https:\/\/lfv-oberholz.de\/cms\/wp-json\/wp\/v2\/types\/post"}],"author":[{"embeddable":true,"href":"https:\/\/lfv-oberholz.de\/cms\/wp-json\/wp\/v2\/users\/13"}],"replies":[{"embeddable":true,"href":"https:\/\/lfv-oberholz.de\/cms\/wp-json\/wp\/v2\/comments?post=23153"}],"version-history":[{"count":2,"href":"https:\/\/lfv-oberholz.de\/cms\/wp-json\/wp\/v2\/posts\/23153\/revisions"}],"predecessor-version":[{"id":23187,"href":"https:\/\/lfv-oberholz.de\/cms\/wp-json\/wp\/v2\/posts\/23153\/revisions\/23187"}],"wp:attachment":[{"href":"https:\/\/lfv-oberholz.de\/cms\/wp-json\/wp\/v2\/media?parent=23153"}],"wp:term":[{"taxonomy":"category","embeddable":true,"href":"https:\/\/lfv-oberholz.de\/cms\/wp-json\/wp\/v2\/categories?post=23153"},{"taxonomy":"post_tag","embeddable":true,"href":"https:\/\/lfv-oberholz.de\/cms\/wp-json\/wp\/v2\/tags?post=23153"}],"curies":[{"name":"wp","href":"https:\/\/api.w.org\/{rel}","templated":true}]}}