{"id":25250,"date":"2026-04-02T11:37:58","date_gmt":"2026-04-02T09:37:58","guid":{"rendered":"https:\/\/lfv-oberholz.de\/cms\/?p=25250"},"modified":"2026-04-04T21:40:28","modified_gmt":"2026-04-04T19:40:28","slug":"generali-berlin-halbmarathon","status":"publish","type":"post","link":"https:\/\/lfv-oberholz.de\/cms\/generali-berlin-halbmarathon\/","title":{"rendered":"GENERALI BERLIN HALBMARATHON"},"content":{"rendered":"\n<p>\u00a0&#8211; von <a href=\"https:\/\/lfv-oberholz.de\/cms\/athleten\/schindler-thorsten\/\">Thorsten Schindler<\/a> &#8211;<\/p>\n<p><a href=\"https:\/\/lfv-oberholz.de\/cms\/wp-content\/uploads\/Screenshot_20260402_112312_Gallery.jpg\"><img loading=\"lazy\" decoding=\"async\" class=\"alignright wp-image-25260\" src=\"https:\/\/lfv-oberholz.de\/cms\/wp-content\/uploads\/Screenshot_20260402_112312_Gallery-190x300.jpg\" alt=\"\" width=\"63\" height=\"100\" srcset=\"https:\/\/lfv-oberholz.de\/cms\/wp-content\/uploads\/Screenshot_20260402_112312_Gallery-190x300.jpg 190w, https:\/\/lfv-oberholz.de\/cms\/wp-content\/uploads\/Screenshot_20260402_112312_Gallery-648x1024.jpg 648w, https:\/\/lfv-oberholz.de\/cms\/wp-content\/uploads\/Screenshot_20260402_112312_Gallery-768x1214.jpg 768w, https:\/\/lfv-oberholz.de\/cms\/wp-content\/uploads\/Screenshot_20260402_112312_Gallery-972x1536.jpg 972w, https:\/\/lfv-oberholz.de\/cms\/wp-content\/uploads\/Screenshot_20260402_112312_Gallery.jpg 1080w\" sizes=\"auto, (max-width: 63px) 100vw, 63px\" \/><\/a> <a href=\"https:\/\/lfv-oberholz.de\/cms\/wp-content\/uploads\/IMG-20260328-WA0030.jpg\"><img loading=\"lazy\" decoding=\"async\" class=\"alignleft wp-image-25253\" src=\"https:\/\/lfv-oberholz.de\/cms\/wp-content\/uploads\/IMG-20260328-WA0030-300x300.jpg\" alt=\"\" width=\"150\" height=\"150\" srcset=\"https:\/\/lfv-oberholz.de\/cms\/wp-content\/uploads\/IMG-20260328-WA0030-300x300.jpg 300w, https:\/\/lfv-oberholz.de\/cms\/wp-content\/uploads\/IMG-20260328-WA0030-1024x1024.jpg 1024w, https:\/\/lfv-oberholz.de\/cms\/wp-content\/uploads\/IMG-20260328-WA0030-150x150.jpg 150w, https:\/\/lfv-oberholz.de\/cms\/wp-content\/uploads\/IMG-20260328-WA0030-768x768.jpg 768w, https:\/\/lfv-oberholz.de\/cms\/wp-content\/uploads\/IMG-20260328-WA0030-1536x1536.jpg 1536w, https:\/\/lfv-oberholz.de\/cms\/wp-content\/uploads\/IMG-20260328-WA0030.jpg 2048w\" sizes=\"auto, (max-width: 150px) 100vw, 150px\" \/><\/a>Am 29. M\u00e4rz waren wir zu dritt f\u00fcr unseren Verein am Start: Vlatka Bekker, <a href=\"https:\/\/lfv-oberholz.de\/cms\/athleten\/kuehnapfel-beate\/\">Beate K\u00fchnapfel<\/a> und ich.<\/p>\n<p>F\u00fcr uns alle war es gleichzeitig der erste \u201eSuper Run\u201c in der SuperHalfs-Serie auf dem Weg durch diese internationale Halbmarathon-Reihe.<\/p>\n<p>Die Bedingungen in Berlin waren nahezu perfekt und haben f\u00fcr starke Leistungen gesorgt: Beate konnte sich mit einer neuen pers\u00f6nlichen Bestleistung belohnen.<\/p>\n<p><a href=\"https:\/\/lfv-oberholz.de\/cms\/wp-content\/uploads\/IMG-20260329-WA0004.jpg\"><img loading=\"lazy\" decoding=\"async\" class=\"alignleft wp-image-25254\" src=\"https:\/\/lfv-oberholz.de\/cms\/wp-content\/uploads\/IMG-20260329-WA0004-169x300.jpg\" alt=\"\" width=\"84\" height=\"150\" srcset=\"https:\/\/lfv-oberholz.de\/cms\/wp-content\/uploads\/IMG-20260329-WA0004-169x300.jpg 169w, https:\/\/lfv-oberholz.de\/cms\/wp-content\/uploads\/IMG-20260329-WA0004-576x1024.jpg 576w, https:\/\/lfv-oberholz.de\/cms\/wp-content\/uploads\/IMG-20260329-WA0004-768x1365.jpg 768w, https:\/\/lfv-oberholz.de\/cms\/wp-content\/uploads\/IMG-20260329-WA0004-864x1536.jpg 864w, https:\/\/lfv-oberholz.de\/cms\/wp-content\/uploads\/IMG-20260329-WA0004.jpg 900w\" sizes=\"auto, (max-width: 84px) 100vw, 84px\" \/><\/a>Vladka hat den Lauf bewusst genutzt, <a href=\"https:\/\/lfv-oberholz.de\/cms\/wp-content\/uploads\/IMG-20260329-WA0105.jpg\"><img loading=\"lazy\" decoding=\"async\" class=\"alignright wp-image-25255\" src=\"https:\/\/lfv-oberholz.de\/cms\/wp-content\/uploads\/IMG-20260329-WA0105-300x270.jpg\" alt=\"\" width=\"167\" height=\"150\" srcset=\"https:\/\/lfv-oberholz.de\/cms\/wp-content\/uploads\/IMG-20260329-WA0105-300x270.jpg 300w, https:\/\/lfv-oberholz.de\/cms\/wp-content\/uploads\/IMG-20260329-WA0105-1024x922.jpg 1024w, https:\/\/lfv-oberholz.de\/cms\/wp-content\/uploads\/IMG-20260329-WA0105-768x692.jpg 768w, https:\/\/lfv-oberholz.de\/cms\/wp-content\/uploads\/IMG-20260329-WA0105-1536x1383.jpg 1536w, https:\/\/lfv-oberholz.de\/cms\/wp-content\/uploads\/IMG-20260329-WA0105.jpg 2048w\" sizes=\"auto, (max-width: 167px) 100vw, 167px\" \/><\/a> <a href=\"https:\/\/lfv-oberholz.de\/cms\/wp-content\/uploads\/IMG-20260329-WA0106.jpg\"><img loading=\"lazy\" decoding=\"async\" class=\"alignright wp-image-25256\" src=\"https:\/\/lfv-oberholz.de\/cms\/wp-content\/uploads\/IMG-20260329-WA0106-169x300.jpg\" alt=\"\" width=\"84\" height=\"150\" srcset=\"https:\/\/lfv-oberholz.de\/cms\/wp-content\/uploads\/IMG-20260329-WA0106-169x300.jpg 169w, https:\/\/lfv-oberholz.de\/cms\/wp-content\/uploads\/IMG-20260329-WA0106-576x1024.jpg 576w, https:\/\/lfv-oberholz.de\/cms\/wp-content\/uploads\/IMG-20260329-WA0106-768x1365.jpg 768w, https:\/\/lfv-oberholz.de\/cms\/wp-content\/uploads\/IMG-20260329-WA0106-864x1536.jpg 864w, https:\/\/lfv-oberholz.de\/cms\/wp-content\/uploads\/IMG-20260329-WA0106.jpg 900w\" sizes=\"auto, (max-width: 84px) 100vw, 84px\" \/><\/a>\u00a0um weiter stabil ihren Trainingsaufbau f\u00fcr ihren ersten Marathon im September in Berlin voranzubringen. <a href=\"https:\/\/lfv-oberholz.de\/cms\/athleten\/schindler-thorsten\/\">Ich<\/a> durfte sie dabei \u00fcber die gesamte Strecke begleiten und unterst\u00fctzen.<\/p>\n<p>Ein rundum gelungenes Wochenende f\u00fcr unser Team<\/p>\n","protected":false},"excerpt":{"rendered":"<p>\u00a0&#8211; von Thorsten Schindler &#8211; Am 29. M\u00e4rz waren wir zu dritt f\u00fcr unseren Verein am Start: Vlatka Bekker, Beate K\u00fchnapfel und ich. F\u00fcr uns alle war es gleichzeitig der erste \u201eSuper Run\u201c in der SuperHalfs-Serie auf dem Weg durch &hellip; <a href=\"https:\/\/lfv-oberholz.de\/cms\/generali-berlin-halbmarathon\/\">Weiterlesen <span class=\"meta-nav\">&rarr;<\/span><\/a><\/p>\n","protected":false},"author":6,"featured_media":0,"comment_status":"closed","ping_status":"closed","sticky":false,"template":"","format":"standard","meta":{"pgc_sgb_lightbox_settings":"","footnotes":""},"categories":[1,5],"tags":[],"class_list":["post-25250","post","type-post","status-publish","format-standard","hentry","category-allgemein","category-leichtathletik"],"_links":{"self":[{"href":"https:\/\/lfv-oberholz.de\/cms\/wp-json\/wp\/v2\/posts\/25250","targetHints":{"allow":["GET"]}}],"collection":[{"href":"https:\/\/lfv-oberholz.de\/cms\/wp-json\/wp\/v2\/posts"}],"about":[{"href":"https:\/\/lfv-oberholz.de\/cms\/wp-json\/wp\/v2\/types\/post"}],"author":[{"embeddable":true,"href":"https:\/\/lfv-oberholz.de\/cms\/wp-json\/wp\/v2\/users\/6"}],"replies":[{"embeddable":true,"href":"https:\/\/lfv-oberholz.de\/cms\/wp-json\/wp\/v2\/comments?post=25250"}],"version-history":[{"count":2,"href":"https:\/\/lfv-oberholz.de\/cms\/wp-json\/wp\/v2\/posts\/25250\/revisions"}],"predecessor-version":[{"id":25274,"href":"https:\/\/lfv-oberholz.de\/cms\/wp-json\/wp\/v2\/posts\/25250\/revisions\/25274"}],"wp:attachment":[{"href":"https:\/\/lfv-oberholz.de\/cms\/wp-json\/wp\/v2\/media?parent=25250"}],"wp:term":[{"taxonomy":"category","embeddable":true,"href":"https:\/\/lfv-oberholz.de\/cms\/wp-json\/wp\/v2\/categories?post=25250"},{"taxonomy":"post_tag","embeddable":true,"href":"https:\/\/lfv-oberholz.de\/cms\/wp-json\/wp\/v2\/tags?post=25250"}],"curies":[{"name":"wp","href":"https:\/\/api.w.org\/{rel}","templated":true}]}}