{"id":25262,"date":"2026-04-04T12:38:21","date_gmt":"2026-04-04T10:38:21","guid":{"rendered":"https:\/\/lfv-oberholz.de\/cms\/?p=25262"},"modified":"2026-04-04T21:47:06","modified_gmt":"2026-04-04T19:47:06","slug":"29-03-2026-muldelauf","status":"publish","type":"post","link":"https:\/\/lfv-oberholz.de\/cms\/29-03-2026-muldelauf\/","title":{"rendered":"29.03.2026 \u2013 Muldelauf"},"content":{"rendered":"\n<p>\u00a0&#8211; von Maik Reichel &#8211;<\/p>\n<p><a href=\"https:\/\/lfv-oberholz.de\/cms\/wp-content\/uploads\/IMG-20260329-WA0008.jpg\"><img loading=\"lazy\" decoding=\"async\" class=\"alignnone wp-image-25264\" src=\"https:\/\/lfv-oberholz.de\/cms\/wp-content\/uploads\/IMG-20260329-WA0008-300x225.jpg\" alt=\"\" width=\"147\" height=\"110\" srcset=\"https:\/\/lfv-oberholz.de\/cms\/wp-content\/uploads\/IMG-20260329-WA0008-300x225.jpg 300w, https:\/\/lfv-oberholz.de\/cms\/wp-content\/uploads\/IMG-20260329-WA0008-1024x768.jpg 1024w, https:\/\/lfv-oberholz.de\/cms\/wp-content\/uploads\/IMG-20260329-WA0008-768x576.jpg 768w, https:\/\/lfv-oberholz.de\/cms\/wp-content\/uploads\/IMG-20260329-WA0008-1536x1152.jpg 1536w, https:\/\/lfv-oberholz.de\/cms\/wp-content\/uploads\/IMG-20260329-WA0008.jpg 1600w\" sizes=\"auto, (max-width: 147px) 100vw, 147px\" \/><\/a> <a href=\"https:\/\/lfv-oberholz.de\/cms\/wp-content\/uploads\/20260329_105139-scaled.jpg\"><img loading=\"lazy\" decoding=\"async\" class=\"alignnone wp-image-25265\" src=\"https:\/\/lfv-oberholz.de\/cms\/wp-content\/uploads\/20260329_105139-300x225.jpg\" alt=\"\" width=\"147\" height=\"110\" srcset=\"https:\/\/lfv-oberholz.de\/cms\/wp-content\/uploads\/20260329_105139-300x225.jpg 300w, https:\/\/lfv-oberholz.de\/cms\/wp-content\/uploads\/20260329_105139-1024x768.jpg 1024w, https:\/\/lfv-oberholz.de\/cms\/wp-content\/uploads\/20260329_105139-768x576.jpg 768w, https:\/\/lfv-oberholz.de\/cms\/wp-content\/uploads\/20260329_105139-1536x1152.jpg 1536w, https:\/\/lfv-oberholz.de\/cms\/wp-content\/uploads\/20260329_105139-2048x1536.jpg 2048w\" sizes=\"auto, (max-width: 147px) 100vw, 147px\" \/><\/a> <a href=\"https:\/\/lfv-oberholz.de\/cms\/wp-content\/uploads\/IMG-20260329-WA0045.jpg\"><img loading=\"lazy\" decoding=\"async\" class=\"alignnone wp-image-25267\" src=\"https:\/\/lfv-oberholz.de\/cms\/wp-content\/uploads\/IMG-20260329-WA0045-300x225.jpg\" alt=\"\" width=\"147\" height=\"110\" srcset=\"https:\/\/lfv-oberholz.de\/cms\/wp-content\/uploads\/IMG-20260329-WA0045-300x225.jpg 300w, https:\/\/lfv-oberholz.de\/cms\/wp-content\/uploads\/IMG-20260329-WA0045-1024x768.jpg 1024w, https:\/\/lfv-oberholz.de\/cms\/wp-content\/uploads\/IMG-20260329-WA0045-768x576.jpg 768w, https:\/\/lfv-oberholz.de\/cms\/wp-content\/uploads\/IMG-20260329-WA0045-1536x1152.jpg 1536w, https:\/\/lfv-oberholz.de\/cms\/wp-content\/uploads\/IMG-20260329-WA0045.jpg 2016w\" sizes=\"auto, (max-width: 147px) 100vw, 147px\" \/><\/a> <a href=\"https:\/\/lfv-oberholz.de\/cms\/wp-content\/uploads\/Screenshot_20260329_210644_WhatsApp-scaled.jpg\"><img loading=\"lazy\" decoding=\"async\" class=\"alignnone wp-image-25266\" src=\"https:\/\/lfv-oberholz.de\/cms\/wp-content\/uploads\/Screenshot_20260329_210644_WhatsApp-300x289.jpg\" alt=\"\" width=\"114\" height=\"110\" srcset=\"https:\/\/lfv-oberholz.de\/cms\/wp-content\/uploads\/Screenshot_20260329_210644_WhatsApp-300x289.jpg 300w, https:\/\/lfv-oberholz.de\/cms\/wp-content\/uploads\/Screenshot_20260329_210644_WhatsApp-1024x986.jpg 1024w, https:\/\/lfv-oberholz.de\/cms\/wp-content\/uploads\/Screenshot_20260329_210644_WhatsApp-768x739.jpg 768w, https:\/\/lfv-oberholz.de\/cms\/wp-content\/uploads\/Screenshot_20260329_210644_WhatsApp-1536x1479.jpg 1536w, https:\/\/lfv-oberholz.de\/cms\/wp-content\/uploads\/Screenshot_20260329_210644_WhatsApp-2048x1972.jpg 2048w\" sizes=\"auto, (max-width: 114px) 100vw, 114px\" \/><\/a><\/p>\n<p>Der Muldelauf bot am letzten M\u00e4rzwochenende beste Bedingungen f\u00fcr schnelle Zeiten und viele pers\u00f6nliche Erfolgserlebnisse. Bei angenehmen Temperaturen und auf einigen Streckenabschnitten sogar leichtem R\u00fcckenwind gingen zahlreiche L\u00e4uferinnen und L\u00e4ufer des LFV Oberholz hochmotiviert an den Start. Der Lauf begann auf dem Marktplatz in Wurzen. Von dort f\u00fchrte die Strecke viele Kilometer entlang des Mulderadwegs, \u00fcber die P\u00f6ppelmannbr\u00fccke bis hin zum stimmungsvollen Zieleinlauf auf dem Marktplatz in Grimma. Der neue Ausrichter der Veranstaltung sorgte dabei f\u00fcr eine rundum gelungene Organisation und einen reibungslosen Ablauf.<\/p>\n<p>Besonders beeindruckend war der Auftritt von <a href=\"https:\/\/lfv-oberholz.de\/cms\/athleten\/bogen-bianca\/\">Bianca Bogen<\/a>, die nicht nur ihre Altersklasse gewann, sondern als erste Frau die Ziellinie \u00fcberquerte und sich damit souver\u00e4n den Gesamtsieg sicherte. Bruder <a href=\"https:\/\/lfv-oberholz.de\/cms\/athleten\/bogen-rico\/\">Rico Bogen<\/a> war als Pacemaker f\u00fcr Emily Bogen im Einsatz und gestaltete das Rennen mit einem gleichm\u00e4\u00dfigen Tempo. Auch Liane Gr\u00e4tsch und Nicole Moritz unterst\u00fctzten als Tempomacherinnen und trugen dazu bei, dass viele L\u00e4uferinnen und L\u00e4ufer ihre individuellen Ziele erreichen konnten.<\/p>\n<p><a href=\"https:\/\/lfv-oberholz.de\/cms\/wp-content\/uploads\/IMG-20260329-WA0044.jpg\"><img loading=\"lazy\" decoding=\"async\" class=\"alignleft wp-image-25268\" src=\"https:\/\/lfv-oberholz.de\/cms\/wp-content\/uploads\/IMG-20260329-WA0044-225x300.jpg\" alt=\"\" width=\"83\" height=\"110\" srcset=\"https:\/\/lfv-oberholz.de\/cms\/wp-content\/uploads\/IMG-20260329-WA0044-225x300.jpg 225w, https:\/\/lfv-oberholz.de\/cms\/wp-content\/uploads\/IMG-20260329-WA0044-768x1024.jpg 768w, https:\/\/lfv-oberholz.de\/cms\/wp-content\/uploads\/IMG-20260329-WA0044-1152x1536.jpg 1152w, https:\/\/lfv-oberholz.de\/cms\/wp-content\/uploads\/IMG-20260329-WA0044.jpg 1200w\" sizes=\"auto, (max-width: 83px) 100vw, 83px\" \/><\/a>Im M\u00e4nnerfeld \u00fcberzeugte Marc Werner mit einem starken Rennen: Platz 4 in der Gesamtwertung. Der Sieg in der Altersklasse M45 und eine neue pers\u00f6nliche Bestzeit sprechen f\u00fcr sich. Ebenfalls in hervorragender Form <!--more-->pr\u00e4sentierte sich <a href=\"_wp_link_placeholder\" data-wplink-edit=\"true\">Manuel Neudeck<\/a>, der seine pers\u00f6nliche Bestleistung um gleich f\u00fcnf Minuten verbessern konnte. Auch aus pers\u00f6nlicher Sicht war der Lauf ein voller Erfolg: Ich konnte meine Halbmarathon-Bestzeit um ganze drei Minuten unterbieten und den Wettkampf rundum genie\u00dfen.<\/p>\n<p>Ein besonderes Highlight war auch das Halbmarathon-Deb\u00fct von Leon Weiler, der seine Premiere souver\u00e4n meisterte und mit einer sehr starken Zeit die Ziellinie \u00fcberquerte. Erfreulich aus Sicht des Frauenteams: Mit Doreen Kasper und Diana Werner blieben gleich zwei L\u00e4uferinnen unter der magischen Zwei-Stunden-Marke und rundeten das starke Vereinsergebnis ab.<\/p>\n<p>Detailergebnisse im \u00dcberblick:<br \/><br \/>01:12:05 h \u2013 Marc Werner: 4. Platz (Platz 1 AK M45)<br \/>01:17:48 h \u2013 <a href=\"https:\/\/lfv-oberholz.de\/cms\/athleten\/reichel-maik\/\">Maik Reichel<\/a>: 13. Platz (Platz 2 AK M45)<br \/>01:21:29 h \u2013 <a href=\"https:\/\/lfv-oberholz.de\/cms\/athleten\/neudeck-manuel\/\">Manuel Neudeck<\/a>: 24. Platz (Platz 3 AK M30)<br \/>01:22:35 h \u2013 <a href=\"https:\/\/lfv-oberholz.de\/cms\/athleten\/bogen-rico\/\">Rico Bogen<\/a>: 29. Platz (Platz 5 AK M)<br \/>01:29:07 h \u2013 <a href=\"https:\/\/lfv-oberholz.de\/cms\/athleten\/bogen-gregor\/\">Gregor Bogen<\/a>: 65. Platz (Platz 2 AK M55)<br \/>01:36:17 h \u2013 Leon Weiler: 125. Platz (Platz 16 AK M)<br \/>01:36:59 h \u2013 Peter Weiler: 131. Platz (Platz 9 AK M55)<br \/>01:44:51 h \u2013 Thomas Schr\u00f6der: 223. Platz (Platz 14 AK M55)<br \/>01:47:28 h \u2013 J\u00f6rg Starke: 243. Platz (Platz 15 AK M55)<br \/>01:47:44 h \u2013 <a href=\"https:\/\/lfv-oberholz.de\/cms\/athleten\/teufel-benjamin\/\">Benjamin Teufel<\/a>: 248. Platz (Platz 52 AK M35)<br \/>01:53:56 h \u2013 Kay Fietkau: 336. Platz (Platz 58 AK M45)<br \/>01:54:51 h \u2013 Dirk Weber: 347. Platz (Platz 25 AK M55)<br \/>01:55:58 h \u2013 <a href=\"https:\/\/lfv-oberholz.de\/cms\/athleten\/haeusler-heiko\/\">Heiko H\u00e4usler<\/a>: 370. Platz (Platz 46 AK M50)<br \/>01:56:18 h \u2013 Sven Weisbrich: 377. Platz (Platz 78 AK M40)<br \/>02:12:41 h \u2013 <a href=\"https:\/\/lfv-oberholz.de\/cms\/athleten\/behrends-joerg\/\">J\u00f6rg Behrends<\/a>: 517. Platz (Platz 24 AK M60)<br \/>02:17:31 h \u2013 Ulf Winkler: 538. Platz (Platz 67 AK M50)<\/p>\n<p>01:19:19 h \u2013 <a href=\"https:\/\/lfv-oberholz.de\/cms\/athleten\/bogen-bianca\/\">Bianca Bogen<\/a>: 1. Platz (Platz 1 AK W)<br \/>01:39:22 h \u2013 Antje M\u00fcller: 18. Platz (Platz 1 AK W55)<br \/>01:42:41 h \u2013 Liane Gr\u00e4tsch: 27. Platz (Platz 4 AK W40)<br \/>01:43:22 h \u2013 Conny Blumert: 28. Platz (Platz 5 AK W45)<br \/>01:43:25 h \u2013 Jessica Kottas: 29. Platz (Platz 9 AK W)<br \/>01:46:34 h \u2013 Carmen Merseburger: 37. Platz (Platz 6 AK W35)<br \/>01:50:40 h \u2013 Lisa L\u00fcth: 58. Platz (Platz 10 AK W35)<br \/>01:58:19 h \u2013 Doreen Kasper: 100. Platz (Platz 26 AK W40)<br \/>01:59:12 h \u2013 Diana Werner: 105. Platz (Platz 19 AK W45)<br \/>02:06:09 h \u2013 <a href=\"https:\/\/lfv-oberholz.de\/cms\/athleten\/reichel-nancy\/\">Nancy Reichel<\/a>: 145. Platz (Platz 36 AK W40)<br \/>02:09:17 h \u2013 <a href=\"https:\/\/lfv-oberholz.de\/cms\/athleten\/plewe-birgit\/\">Birgit Plewe<\/a>: 159. Platz (Platz 6 AK W60)<br \/>02:24:41 h \u2013 Gabriele Schulz: 226. Platz (Platz 1 AK W70)<\/p>\n","protected":false},"excerpt":{"rendered":"<p>\u00a0&#8211; von Maik Reichel &#8211; Der Muldelauf bot am letzten M\u00e4rzwochenende beste Bedingungen f\u00fcr schnelle Zeiten und viele pers\u00f6nliche Erfolgserlebnisse. Bei angenehmen Temperaturen und auf einigen Streckenabschnitten sogar leichtem R\u00fcckenwind gingen zahlreiche L\u00e4uferinnen und L\u00e4ufer des LFV Oberholz hochmotiviert an &hellip; <a href=\"https:\/\/lfv-oberholz.de\/cms\/29-03-2026-muldelauf\/\">Weiterlesen <span class=\"meta-nav\">&rarr;<\/span><\/a><\/p>\n","protected":false},"author":6,"featured_media":0,"comment_status":"closed","ping_status":"closed","sticky":false,"template":"","format":"standard","meta":{"pgc_sgb_lightbox_settings":"","footnotes":""},"categories":[1,5],"tags":[],"class_list":["post-25262","post","type-post","status-publish","format-standard","hentry","category-allgemein","category-leichtathletik"],"_links":{"self":[{"href":"https:\/\/lfv-oberholz.de\/cms\/wp-json\/wp\/v2\/posts\/25262","targetHints":{"allow":["GET"]}}],"collection":[{"href":"https:\/\/lfv-oberholz.de\/cms\/wp-json\/wp\/v2\/posts"}],"about":[{"href":"https:\/\/lfv-oberholz.de\/cms\/wp-json\/wp\/v2\/types\/post"}],"author":[{"embeddable":true,"href":"https:\/\/lfv-oberholz.de\/cms\/wp-json\/wp\/v2\/users\/6"}],"replies":[{"embeddable":true,"href":"https:\/\/lfv-oberholz.de\/cms\/wp-json\/wp\/v2\/comments?post=25262"}],"version-history":[{"count":2,"href":"https:\/\/lfv-oberholz.de\/cms\/wp-json\/wp\/v2\/posts\/25262\/revisions"}],"predecessor-version":[{"id":25273,"href":"https:\/\/lfv-oberholz.de\/cms\/wp-json\/wp\/v2\/posts\/25262\/revisions\/25273"}],"wp:attachment":[{"href":"https:\/\/lfv-oberholz.de\/cms\/wp-json\/wp\/v2\/media?parent=25262"}],"wp:term":[{"taxonomy":"category","embeddable":true,"href":"https:\/\/lfv-oberholz.de\/cms\/wp-json\/wp\/v2\/categories?post=25262"},{"taxonomy":"post_tag","embeddable":true,"href":"https:\/\/lfv-oberholz.de\/cms\/wp-json\/wp\/v2\/tags?post=25262"}],"curies":[{"name":"wp","href":"https:\/\/api.w.org\/{rel}","templated":true}]}}