{"id":25472,"date":"2026-04-26T14:57:34","date_gmt":"2026-04-26T12:57:34","guid":{"rendered":"https:\/\/lfv-oberholz.de\/cms\/?p=25472"},"modified":"2026-04-26T14:57:50","modified_gmt":"2026-04-26T12:57:50","slug":"47-werdauer-waldlauf-19-april-2026-%f0%9f%8c%b2","status":"publish","type":"post","link":"https:\/\/lfv-oberholz.de\/cms\/47-werdauer-waldlauf-19-april-2026-%f0%9f%8c%b2\/","title":{"rendered":"47. Werdauer Waldlauf \u2013 19. April 2026 \ud83c\udf32"},"content":{"rendered":"\n<p>\u00a0&#8211; von Maik Reichel &#8211;<\/p>\n<p><a href=\"https:\/\/lfv-oberholz.de\/cms\/wp-content\/uploads\/20260419_092437.jpg\"><img loading=\"lazy\" decoding=\"async\" class=\"alignright wp-image-25473\" src=\"https:\/\/lfv-oberholz.de\/cms\/wp-content\/uploads\/20260419_092437-187x300.jpg\" alt=\"\" width=\"100\" height=\"160\" srcset=\"https:\/\/lfv-oberholz.de\/cms\/wp-content\/uploads\/20260419_092437-187x300.jpg 187w, https:\/\/lfv-oberholz.de\/cms\/wp-content\/uploads\/20260419_092437-639x1024.jpg 639w, https:\/\/lfv-oberholz.de\/cms\/wp-content\/uploads\/20260419_092437-768x1231.jpg 768w, https:\/\/lfv-oberholz.de\/cms\/wp-content\/uploads\/20260419_092437-958x1536.jpg 958w, https:\/\/lfv-oberholz.de\/cms\/wp-content\/uploads\/20260419_092437.jpg 1114w\" sizes=\"auto, (max-width: 100px) 100vw, 100px\" \/><\/a>Beim 47. Werdauer Waldlauf gingen in diesem Jahr \u00fcber 600 L\u00e4uferinnen und L\u00e4ufer an den Start &#8211; ein stark besetztes Teilnehmerfeld inmitten der Natur. Nachdem ich hier bereits 2025 die Halbmarathon-Distanz f\u00fcr mich entscheiden konnte, stand diesmal eine neue Herausforderung auf dem Plan: die 31 Kilometer.<\/p>\n<p><a href=\"https:\/\/lfv-oberholz.de\/cms\/wp-content\/uploads\/20260419_094508.jpg\"><img loading=\"lazy\" decoding=\"async\" class=\"alignleft wp-image-25474\" src=\"https:\/\/lfv-oberholz.de\/cms\/wp-content\/uploads\/20260419_094508-300x169.jpg\" alt=\"\" width=\"178\" height=\"100\" srcset=\"https:\/\/lfv-oberholz.de\/cms\/wp-content\/uploads\/20260419_094508-300x169.jpg 300w, https:\/\/lfv-oberholz.de\/cms\/wp-content\/uploads\/20260419_094508-1024x576.jpg 1024w, https:\/\/lfv-oberholz.de\/cms\/wp-content\/uploads\/20260419_094508-768x432.jpg 768w, https:\/\/lfv-oberholz.de\/cms\/wp-content\/uploads\/20260419_094508-1536x864.jpg 1536w, https:\/\/lfv-oberholz.de\/cms\/wp-content\/uploads\/20260419_094508.jpg 1980w\" sizes=\"auto, (max-width: 178px) 100vw, 178px\" \/><\/a>Gemeinsam als Familie waren wir f\u00fcr den LFV am Start: Lion \u00fcber die 3 km, Nancy \u00fcber die 7 km und ich auf der langen Strecke. Auch unser Lauffreund aus Werdau, Thomas Grahlmann, ein erfahrener Langdistanzl\u00e4ufer und Wanderer, war wieder dabei. Ein sch\u00f6nes Zeichen daf\u00fcr, dass laufen verbindet. Mein Ziel war klar gesteckt: der Sieg \u00fcber die l\u00e4ngste Distanz, eine Pace unter 4:00 min\/km und vielleicht sogar die Sub-2-Stunden-Marke. Bereits <!--more-->nach dem ersten 2 Kilometern konnte ich mich an die Spitze setzen und diese F\u00fchrung gab ich bis zum Ziel nicht mehr aus der Hand.<\/p>\n<p>Die Strecke f\u00fchrte durch den wundersch\u00f6nen Werdauer Wald. Ein Wechsel aus Asphalt und gut befestigten Forstwegen, mit insgesamt rund 370 H\u00f6henmetern ein durchaus anspruchsvolles Profil. Kilometerlange Waldpassagen, viel Einsamkeit an der Spitze und kein F\u00fchrungsfahrzeug \u2013 nur ich und die Natur. \ud83d\udc9a<\/p>\n<p><a href=\"https:\/\/lfv-oberholz.de\/cms\/wp-content\/uploads\/20260419_134735.jpg\"><img loading=\"lazy\" decoding=\"async\" class=\"alignright wp-image-25480\" src=\"https:\/\/lfv-oberholz.de\/cms\/wp-content\/uploads\/20260419_134735-191x300.jpg\" alt=\"\" width=\"86\" height=\"135\" srcset=\"https:\/\/lfv-oberholz.de\/cms\/wp-content\/uploads\/20260419_134735-191x300.jpg 191w, https:\/\/lfv-oberholz.de\/cms\/wp-content\/uploads\/20260419_134735-651x1024.jpg 651w, https:\/\/lfv-oberholz.de\/cms\/wp-content\/uploads\/20260419_134735-768x1208.jpg 768w, https:\/\/lfv-oberholz.de\/cms\/wp-content\/uploads\/20260419_134735-977x1536.jpg 977w, https:\/\/lfv-oberholz.de\/cms\/wp-content\/uploads\/20260419_134735.jpg 1114w\" sizes=\"auto, (max-width: 86px) 100vw, 86px\" \/><\/a>Im weiteren Verlauf setzte Starkregen ein, der die Bedingungen deutlich erschwerte. Es wurde z\u00e4her, doch ich blieb stabil. Mit etwas mehr Risiko w\u00e4re vielleicht sogar die 2-Stunden-Marke gefallen. Aber ich entschied mich bewusst dagegen: nichts erzwingen, nicht um jeden Preis. Stattdessen nahm ich wertvolle Erfahrungen mit und konnte das Rennen trotz allem genie\u00dfen &#8211; und genau das z\u00e4hlt. Am Ende stand ein souver\u00e4ner Sieg mit rund acht Minuten Vorsprung.<\/p>\n<p><a href=\"https:\/\/lfv-oberholz.de\/cms\/wp-content\/uploads\/20260419_094449.jpg\"><img loading=\"lazy\" decoding=\"async\" class=\"alignnone wp-image-25476\" src=\"https:\/\/lfv-oberholz.de\/cms\/wp-content\/uploads\/20260419_094449-284x300.jpg\" alt=\"\" width=\"80\" height=\"85\" srcset=\"https:\/\/lfv-oberholz.de\/cms\/wp-content\/uploads\/20260419_094449-284x300.jpg 284w, https:\/\/lfv-oberholz.de\/cms\/wp-content\/uploads\/20260419_094449-968x1024.jpg 968w, https:\/\/lfv-oberholz.de\/cms\/wp-content\/uploads\/20260419_094449-768x812.jpg 768w, https:\/\/lfv-oberholz.de\/cms\/wp-content\/uploads\/20260419_094449-1452x1536.jpg 1452w, https:\/\/lfv-oberholz.de\/cms\/wp-content\/uploads\/20260419_094449.jpg 1872w\" sizes=\"auto, (max-width: 80px) 100vw, 80px\" \/><\/a> <a href=\"https:\/\/lfv-oberholz.de\/cms\/wp-content\/uploads\/20260419_095435.jpg\"><img loading=\"lazy\" decoding=\"async\" class=\"alignnone wp-image-25477\" src=\"https:\/\/lfv-oberholz.de\/cms\/wp-content\/uploads\/20260419_095435-194x300.jpg\" alt=\"\" width=\"55\" height=\"85\" srcset=\"https:\/\/lfv-oberholz.de\/cms\/wp-content\/uploads\/20260419_095435-194x300.jpg 194w, https:\/\/lfv-oberholz.de\/cms\/wp-content\/uploads\/20260419_095435-664x1024.jpg 664w, https:\/\/lfv-oberholz.de\/cms\/wp-content\/uploads\/20260419_095435-768x1185.jpg 768w, https:\/\/lfv-oberholz.de\/cms\/wp-content\/uploads\/20260419_095435-995x1536.jpg 995w, https:\/\/lfv-oberholz.de\/cms\/wp-content\/uploads\/20260419_095435.jpg 1283w\" sizes=\"auto, (max-width: 55px) 100vw, 55px\" \/><\/a> <a href=\"https:\/\/lfv-oberholz.de\/cms\/wp-content\/uploads\/20260419_110559.jpg\"><img loading=\"lazy\" decoding=\"async\" class=\"alignnone wp-image-25478\" src=\"https:\/\/lfv-oberholz.de\/cms\/wp-content\/uploads\/20260419_110559-300x221.jpg\" alt=\"\" width=\"115\" height=\"85\" srcset=\"https:\/\/lfv-oberholz.de\/cms\/wp-content\/uploads\/20260419_110559-300x221.jpg 300w, https:\/\/lfv-oberholz.de\/cms\/wp-content\/uploads\/20260419_110559-1024x756.jpg 1024w, https:\/\/lfv-oberholz.de\/cms\/wp-content\/uploads\/20260419_110559-768x567.jpg 768w, https:\/\/lfv-oberholz.de\/cms\/wp-content\/uploads\/20260419_110559.jpg 1366w\" sizes=\"auto, (max-width: 115px) 100vw, 115px\" \/><\/a> <a href=\"https:\/\/lfv-oberholz.de\/cms\/wp-content\/uploads\/20260419_133906.jpg\"><img loading=\"lazy\" decoding=\"async\" class=\"alignnone wp-image-25479\" src=\"https:\/\/lfv-oberholz.de\/cms\/wp-content\/uploads\/20260419_133906-300x209.jpg\" alt=\"\" width=\"122\" height=\"85\" srcset=\"https:\/\/lfv-oberholz.de\/cms\/wp-content\/uploads\/20260419_133906-300x209.jpg 300w, https:\/\/lfv-oberholz.de\/cms\/wp-content\/uploads\/20260419_133906-1024x715.jpg 1024w, https:\/\/lfv-oberholz.de\/cms\/wp-content\/uploads\/20260419_133906-768x536.jpg 768w, https:\/\/lfv-oberholz.de\/cms\/wp-content\/uploads\/20260419_133906.jpg 1253w\" sizes=\"auto, (max-width: 122px) 100vw, 122px\" \/><\/a> <a href=\"https:\/\/lfv-oberholz.de\/cms\/wp-content\/uploads\/20260419_135632.jpg\"><img loading=\"lazy\" decoding=\"async\" class=\"alignnone wp-image-25481\" src=\"https:\/\/lfv-oberholz.de\/cms\/wp-content\/uploads\/20260419_135632-300x203.jpg\" alt=\"\" width=\"126\" height=\"85\" srcset=\"https:\/\/lfv-oberholz.de\/cms\/wp-content\/uploads\/20260419_135632-300x203.jpg 300w, https:\/\/lfv-oberholz.de\/cms\/wp-content\/uploads\/20260419_135632-1024x692.jpg 1024w, https:\/\/lfv-oberholz.de\/cms\/wp-content\/uploads\/20260419_135632-768x519.jpg 768w, https:\/\/lfv-oberholz.de\/cms\/wp-content\/uploads\/20260419_135632-1536x1037.jpg 1536w, https:\/\/lfv-oberholz.de\/cms\/wp-content\/uploads\/20260419_135632.jpg 1562w\" sizes=\"auto, (max-width: 126px) 100vw, 126px\" \/><\/a><\/p>\n<p>Auch meine Familie war erfolgreich unterwegs:<br \/>Nancy erreichte \u00fcber 7 km den 2. Platz in ihrer Altersklasse, und Lion lief \u00fcber 3 km sogar auf den 1. Platz seiner Altersklasse und wurde Dritter gesamt, wir sind stolz auf unsere Leistung!<br \/>Ergebnisse im Detail:<br \/>Maik Reichel: 31 km \u2013 2:01:30 h \u2013 Platz 1 gesamt \/ Platz 1 AK M45 <br \/>Nancy Reichel: 7 km \u2013 0:38:41 h \u2013 Platz 2 AK W40 <br \/>Lion Lucien Reichel: 3 km \u2013 0:10:57 h \u2013 Platz 1 AK \/ Platz 3 gesamt<\/p>\n<p>Danke Werdau f\u00fcr diesen besonderen Tag! \ud83e\udef6 Wir sehen uns wieder.<\/p>\n","protected":false},"excerpt":{"rendered":"<p>\u00a0&#8211; von Maik Reichel &#8211; Beim 47. Werdauer Waldlauf gingen in diesem Jahr \u00fcber 600 L\u00e4uferinnen und L\u00e4ufer an den Start &#8211; ein stark besetztes Teilnehmerfeld inmitten der Natur. Nachdem ich hier bereits 2025 die Halbmarathon-Distanz f\u00fcr mich entscheiden konnte, &hellip; <a href=\"https:\/\/lfv-oberholz.de\/cms\/47-werdauer-waldlauf-19-april-2026-%f0%9f%8c%b2\/\">Weiterlesen <span class=\"meta-nav\">&rarr;<\/span><\/a><\/p>\n","protected":false},"author":8,"featured_media":0,"comment_status":"closed","ping_status":"closed","sticky":false,"template":"","format":"standard","meta":{"pgc_sgb_lightbox_settings":"","footnotes":""},"categories":[1,5],"tags":[],"class_list":["post-25472","post","type-post","status-publish","format-standard","hentry","category-allgemein","category-leichtathletik"],"_links":{"self":[{"href":"https:\/\/lfv-oberholz.de\/cms\/wp-json\/wp\/v2\/posts\/25472","targetHints":{"allow":["GET"]}}],"collection":[{"href":"https:\/\/lfv-oberholz.de\/cms\/wp-json\/wp\/v2\/posts"}],"about":[{"href":"https:\/\/lfv-oberholz.de\/cms\/wp-json\/wp\/v2\/types\/post"}],"author":[{"embeddable":true,"href":"https:\/\/lfv-oberholz.de\/cms\/wp-json\/wp\/v2\/users\/8"}],"replies":[{"embeddable":true,"href":"https:\/\/lfv-oberholz.de\/cms\/wp-json\/wp\/v2\/comments?post=25472"}],"version-history":[{"count":2,"href":"https:\/\/lfv-oberholz.de\/cms\/wp-json\/wp\/v2\/posts\/25472\/revisions"}],"predecessor-version":[{"id":25482,"href":"https:\/\/lfv-oberholz.de\/cms\/wp-json\/wp\/v2\/posts\/25472\/revisions\/25482"}],"wp:attachment":[{"href":"https:\/\/lfv-oberholz.de\/cms\/wp-json\/wp\/v2\/media?parent=25472"}],"wp:term":[{"taxonomy":"category","embeddable":true,"href":"https:\/\/lfv-oberholz.de\/cms\/wp-json\/wp\/v2\/categories?post=25472"},{"taxonomy":"post_tag","embeddable":true,"href":"https:\/\/lfv-oberholz.de\/cms\/wp-json\/wp\/v2\/tags?post=25472"}],"curies":[{"name":"wp","href":"https:\/\/api.w.org\/{rel}","templated":true}]}}