{"id":25547,"date":"2026-04-30T20:36:42","date_gmt":"2026-04-30T18:36:42","guid":{"rendered":"https:\/\/lfv-oberholz.de\/cms\/?p=25547"},"modified":"2026-04-30T21:44:25","modified_gmt":"2026-04-30T19:44:25","slug":"lfv-oberholz-beim-organspendelauf-leipzig-laufen-fuer-ein-wichtiges-thema","status":"publish","type":"post","link":"https:\/\/lfv-oberholz.de\/cms\/lfv-oberholz-beim-organspendelauf-leipzig-laufen-fuer-ein-wichtiges-thema\/","title":{"rendered":"LFV Oberholz beim Organspendelauf Leipzig \u2013 Laufen f\u00fcr ein wichtiges Thema"},"content":{"rendered":"\n<p>\u00a0&#8211; von <a href=\"https:\/\/lfv-oberholz.de\/cms\/athleten\/schindler-thorsten\/\">Thorsten Schindler<\/a> &#8211;<\/p>\n<p><a href=\"https:\/\/lfv-oberholz.de\/cms\/wp-content\/uploads\/image0-11-scaled.jpeg\"><img loading=\"lazy\" decoding=\"async\" class=\"alignleft wp-image-25550\" src=\"https:\/\/lfv-oberholz.de\/cms\/wp-content\/uploads\/image0-11-169x300.jpeg\" alt=\"\" width=\"84\" height=\"150\" srcset=\"https:\/\/lfv-oberholz.de\/cms\/wp-content\/uploads\/image0-11-169x300.jpeg 169w, https:\/\/lfv-oberholz.de\/cms\/wp-content\/uploads\/image0-11-576x1024.jpeg 576w, https:\/\/lfv-oberholz.de\/cms\/wp-content\/uploads\/image0-11-768x1365.jpeg 768w, https:\/\/lfv-oberholz.de\/cms\/wp-content\/uploads\/image0-11-864x1536.jpeg 864w, https:\/\/lfv-oberholz.de\/cms\/wp-content\/uploads\/image0-11-1152x2048.jpeg 1152w, https:\/\/lfv-oberholz.de\/cms\/wp-content\/uploads\/image0-11-scaled.jpeg 1440w\" sizes=\"auto, (max-width: 84px) 100vw, 84px\" \/><\/a>Am vergangenen Donnerstag, dem 23. April, stand f\u00fcr Vladka Bekker, Carina Steyer und mich ein ganz besonderer Lauf auf dem Programm, der Organspendelauf in Leipzig.<br \/><br \/>An diesem Abend r\u00fcckte der sportliche Gedanke bewusst in den Hintergrund. Zeiten, Platzierungen oder pers\u00f6nliche Bestleistungen spielten keine Rolle. Vielmehr ging es um ein Thema, das uns alle betrifft: Organspende. Der Lauf bot eine wichtige Plattform, um Aufmerksamkeit zu schaffen, zum Nachdenken anzuregen und ein klares Zeichen f\u00fcr mehr Sensibilit\u00e4t und Aufkl\u00e4rung zu setzen.<\/p>\n<p><a href=\"https:\/\/lfv-oberholz.de\/cms\/wp-content\/uploads\/image1-10-scaled.jpeg\"><img loading=\"lazy\" decoding=\"async\" class=\"alignleft wp-image-25551\" src=\"https:\/\/lfv-oberholz.de\/cms\/wp-content\/uploads\/image1-10-169x300.jpeg\" alt=\"\" width=\"84\" height=\"150\" srcset=\"https:\/\/lfv-oberholz.de\/cms\/wp-content\/uploads\/image1-10-169x300.jpeg 169w, https:\/\/lfv-oberholz.de\/cms\/wp-content\/uploads\/image1-10-576x1024.jpeg 576w, https:\/\/lfv-oberholz.de\/cms\/wp-content\/uploads\/image1-10-768x1365.jpeg 768w, https:\/\/lfv-oberholz.de\/cms\/wp-content\/uploads\/image1-10-864x1536.jpeg 864w, https:\/\/lfv-oberholz.de\/cms\/wp-content\/uploads\/image1-10-1152x2048.jpeg 1152w, https:\/\/lfv-oberholz.de\/cms\/wp-content\/uploads\/image1-10-scaled.jpeg 1440w\" sizes=\"auto, (max-width: 84px) 100vw, 84px\" \/><\/a> <a href=\"https:\/\/lfv-oberholz.de\/cms\/wp-content\/uploads\/image2-9-scaled.jpeg\"><img loading=\"lazy\" decoding=\"async\" class=\"alignright wp-image-25552\" src=\"https:\/\/lfv-oberholz.de\/cms\/wp-content\/uploads\/image2-9-169x300.jpeg\" alt=\"\" width=\"84\" height=\"150\" srcset=\"https:\/\/lfv-oberholz.de\/cms\/wp-content\/uploads\/image2-9-169x300.jpeg 169w, https:\/\/lfv-oberholz.de\/cms\/wp-content\/uploads\/image2-9-576x1024.jpeg 576w, https:\/\/lfv-oberholz.de\/cms\/wp-content\/uploads\/image2-9-768x1365.jpeg 768w, https:\/\/lfv-oberholz.de\/cms\/wp-content\/uploads\/image2-9-864x1536.jpeg 864w, https:\/\/lfv-oberholz.de\/cms\/wp-content\/uploads\/image2-9-1152x2048.jpeg 1152w, https:\/\/lfv-oberholz.de\/cms\/wp-content\/uploads\/image2-9-scaled.jpeg 1440w\" sizes=\"auto, (max-width: 84px) 100vw, 84px\" \/><\/a>Gemeinsam mit zahlreichen Teilnehmerinnen und Teilnehmern aus verschiedensten Leipziger Vereinen und Laufgruppen der entstand eine beeindruckende Atmosph\u00e4re. \u00dcberall war sp\u00fcrbar, dass hier nicht gegeneinander, sondern miteinander gelaufen wurde.<\/p>\n<p>Auch f\u00fcr uns war es selbstverst\u00e4ndlich, Teil dieses Events zu sein.\u00a0<\/p>\n","protected":false},"excerpt":{"rendered":"<p>\u00a0&#8211; von Thorsten Schindler &#8211; Am vergangenen Donnerstag, dem 23. April, stand f\u00fcr Vladka Bekker, Carina Steyer und mich ein ganz besonderer Lauf auf dem Programm, der Organspendelauf in Leipzig. An diesem Abend r\u00fcckte der sportliche Gedanke bewusst in den &hellip; <a href=\"https:\/\/lfv-oberholz.de\/cms\/lfv-oberholz-beim-organspendelauf-leipzig-laufen-fuer-ein-wichtiges-thema\/\">Weiterlesen <span class=\"meta-nav\">&rarr;<\/span><\/a><\/p>\n","protected":false},"author":6,"featured_media":0,"comment_status":"closed","ping_status":"closed","sticky":false,"template":"","format":"standard","meta":{"pgc_sgb_lightbox_settings":"","footnotes":""},"categories":[1],"tags":[],"class_list":["post-25547","post","type-post","status-publish","format-standard","hentry","category-allgemein"],"_links":{"self":[{"href":"https:\/\/lfv-oberholz.de\/cms\/wp-json\/wp\/v2\/posts\/25547","targetHints":{"allow":["GET"]}}],"collection":[{"href":"https:\/\/lfv-oberholz.de\/cms\/wp-json\/wp\/v2\/posts"}],"about":[{"href":"https:\/\/lfv-oberholz.de\/cms\/wp-json\/wp\/v2\/types\/post"}],"author":[{"embeddable":true,"href":"https:\/\/lfv-oberholz.de\/cms\/wp-json\/wp\/v2\/users\/6"}],"replies":[{"embeddable":true,"href":"https:\/\/lfv-oberholz.de\/cms\/wp-json\/wp\/v2\/comments?post=25547"}],"version-history":[{"count":2,"href":"https:\/\/lfv-oberholz.de\/cms\/wp-json\/wp\/v2\/posts\/25547\/revisions"}],"predecessor-version":[{"id":25572,"href":"https:\/\/lfv-oberholz.de\/cms\/wp-json\/wp\/v2\/posts\/25547\/revisions\/25572"}],"wp:attachment":[{"href":"https:\/\/lfv-oberholz.de\/cms\/wp-json\/wp\/v2\/media?parent=25547"}],"wp:term":[{"taxonomy":"category","embeddable":true,"href":"https:\/\/lfv-oberholz.de\/cms\/wp-json\/wp\/v2\/categories?post=25547"},{"taxonomy":"post_tag","embeddable":true,"href":"https:\/\/lfv-oberholz.de\/cms\/wp-json\/wp\/v2\/tags?post=25547"}],"curies":[{"name":"wp","href":"https:\/\/api.w.org\/{rel}","templated":true}]}}