{"id":2948,"date":"2017-06-11T23:04:14","date_gmt":"2017-06-11T21:04:14","guid":{"rendered":"http:\/\/lfv-oberholz.de\/cms\/?p=2948"},"modified":"2017-06-18T23:04:53","modified_gmt":"2017-06-18T21:04:53","slug":"marc-werner-und-rico-bogen-ganz-stark-beim-markkleeberger-seelauf","status":"publish","type":"post","link":"https:\/\/lfv-oberholz.de\/cms\/marc-werner-und-rico-bogen-ganz-stark-beim-markkleeberger-seelauf\/","title":{"rendered":"Marc Werner und Rico Bogen ganz stark beim Markkleeberger Seelauf"},"content":{"rendered":"<p><img loading=\"lazy\" decoding=\"async\" class=\"alignnone size-medium wp-image-2987\" src=\"https:\/\/lfv-oberholz.de\/cms\/wp-content\/uploads\/FB_IMG_1497386553809-225x300.jpg\" alt=\"FB_IMG_1497386553809\" width=\"225\" height=\"300\" srcset=\"https:\/\/lfv-oberholz.de\/cms\/wp-content\/uploads\/FB_IMG_1497386553809-225x300.jpg 225w, https:\/\/lfv-oberholz.de\/cms\/wp-content\/uploads\/FB_IMG_1497386553809.jpg 720w\" sizes=\"auto, (max-width: 225px) 100vw, 225px\" \/> <img loading=\"lazy\" decoding=\"async\" class=\"alignnone size-medium wp-image-2983\" src=\"https:\/\/lfv-oberholz.de\/cms\/wp-content\/uploads\/facebook_1497206801145-300x225.jpg\" alt=\".facebook_1497206801145\" width=\"300\" height=\"225\" srcset=\"https:\/\/lfv-oberholz.de\/cms\/wp-content\/uploads\/facebook_1497206801145-300x225.jpg 300w, https:\/\/lfv-oberholz.de\/cms\/wp-content\/uploads\/facebook_1497206801145.jpg 960w\" sizes=\"auto, (max-width: 300px) 100vw, 300px\" \/><br \/>\nDie Fortsetzung der Sparkassen-Challenge am 11. Juni am Kanupark des Markkleeberger See.<br \/>\nKnapp nur unterlag Marc Werner Chris Gertel aus Leipzig. Aber noch enger ging es hinter ihm zu. Zw\u00f6lf Sekunden nach Marc liefen Alexander Martin (RSV Speiche Leipzig) und, nur um eine Sekunde versetzt, Rico Bogen auf Rang drei und vier. Echt stark von beiden. Aber auch Ina Uebersch\u00e4r, Henri Leuschner und Lutz K\u00f6hler traten trotz der hei\u00dfen Temperaturen beim Mkb. Seelauf an. <!--more--><\/p>\n<p>Wir teilen die Worte von Henri Leuschner:<br \/>\n&#8222;Gl\u00fcckwunsch an alle die bei der Hitze gestartet sind, sch\u00f6ner Lauf, &#8230; &#8220;<\/p>\n<p>Die LFV Ergebnisse:<\/p>\n<p>9 km<br \/>\n0:31:39 h, Marc Werner, 1. Platz M40, 2. Platz total<br \/>\n0:31:52 h, Rico Bogen, 1. Platz MJ U18, 4. Platz total<br \/>\n0:37:16 h, Henri Leuschner, 5. Platz M40, 25. Platz ges. m<br \/>\n0:48:26 h, Lutz K\u00f6hler, 7. Platz M55, 140. Platz ges. m<br \/>\n1:11:55 h, Dr. Ina Uebersch\u00e4r, 1. Platz W65, 164. Platz ges. w<\/p>\n<p>400 m<br \/>\nElias Marc Werner (ohne Auswertung)<\/p>\n<p><img loading=\"lazy\" decoding=\"async\" class=\"alignnone size-medium wp-image-2984\" src=\"https:\/\/lfv-oberholz.de\/cms\/wp-content\/uploads\/facebook_1497206859165-225x300.jpg\" alt=\".facebook_1497206859165\" width=\"225\" height=\"300\" srcset=\"https:\/\/lfv-oberholz.de\/cms\/wp-content\/uploads\/facebook_1497206859165-225x300.jpg 225w, https:\/\/lfv-oberholz.de\/cms\/wp-content\/uploads\/facebook_1497206859165.jpg 720w\" sizes=\"auto, (max-width: 225px) 100vw, 225px\" \/> <img loading=\"lazy\" decoding=\"async\" class=\"alignnone size-medium wp-image-2985\" src=\"https:\/\/lfv-oberholz.de\/cms\/wp-content\/uploads\/facebook_1497206683785-300x225.jpg\" alt=\"facebook_1497206683785\" width=\"300\" height=\"225\" srcset=\"https:\/\/lfv-oberholz.de\/cms\/wp-content\/uploads\/facebook_1497206683785-300x225.jpg 300w, https:\/\/lfv-oberholz.de\/cms\/wp-content\/uploads\/facebook_1497206683785.jpg 960w\" sizes=\"auto, (max-width: 300px) 100vw, 300px\" \/> <img loading=\"lazy\" decoding=\"async\" class=\"alignnone size-medium wp-image-2982\" src=\"https:\/\/lfv-oberholz.de\/cms\/wp-content\/uploads\/facebook_1497206770956-225x300.jpg\" alt=\".facebook_1497206770956\" width=\"225\" height=\"300\" srcset=\"https:\/\/lfv-oberholz.de\/cms\/wp-content\/uploads\/facebook_1497206770956-225x300.jpg 225w, https:\/\/lfv-oberholz.de\/cms\/wp-content\/uploads\/facebook_1497206770956.jpg 720w\" sizes=\"auto, (max-width: 225px) 100vw, 225px\" \/> <img loading=\"lazy\" decoding=\"async\" class=\"alignnone size-medium wp-image-2981\" src=\"https:\/\/lfv-oberholz.de\/cms\/wp-content\/uploads\/facebook_1497206743942-225x300.jpg\" alt=\".facebook_1497206743942\" width=\"225\" height=\"300\" srcset=\"https:\/\/lfv-oberholz.de\/cms\/wp-content\/uploads\/facebook_1497206743942-225x300.jpg 225w, https:\/\/lfv-oberholz.de\/cms\/wp-content\/uploads\/facebook_1497206743942.jpg 720w\" sizes=\"auto, (max-width: 225px) 100vw, 225px\" \/><\/p>\n","protected":false},"excerpt":{"rendered":"<p>Die Fortsetzung der Sparkassen-Challenge am 11. Juni am Kanupark des Markkleeberger See. Knapp nur unterlag Marc Werner Chris Gertel aus Leipzig. Aber noch enger ging es hinter ihm zu. Zw\u00f6lf Sekunden nach Marc liefen Alexander Martin (RSV Speiche Leipzig) und, &hellip; <a href=\"https:\/\/lfv-oberholz.de\/cms\/marc-werner-und-rico-bogen-ganz-stark-beim-markkleeberger-seelauf\/\">Weiterlesen <span class=\"meta-nav\">&rarr;<\/span><\/a><\/p>\n","protected":false},"author":6,"featured_media":0,"comment_status":"closed","ping_status":"closed","sticky":false,"template":"","format":"standard","meta":{"pgc_sgb_lightbox_settings":"","footnotes":""},"categories":[5],"tags":[],"class_list":["post-2948","post","type-post","status-publish","format-standard","hentry","category-leichtathletik"],"_links":{"self":[{"href":"https:\/\/lfv-oberholz.de\/cms\/wp-json\/wp\/v2\/posts\/2948","targetHints":{"allow":["GET"]}}],"collection":[{"href":"https:\/\/lfv-oberholz.de\/cms\/wp-json\/wp\/v2\/posts"}],"about":[{"href":"https:\/\/lfv-oberholz.de\/cms\/wp-json\/wp\/v2\/types\/post"}],"author":[{"embeddable":true,"href":"https:\/\/lfv-oberholz.de\/cms\/wp-json\/wp\/v2\/users\/6"}],"replies":[{"embeddable":true,"href":"https:\/\/lfv-oberholz.de\/cms\/wp-json\/wp\/v2\/comments?post=2948"}],"version-history":[{"count":0,"href":"https:\/\/lfv-oberholz.de\/cms\/wp-json\/wp\/v2\/posts\/2948\/revisions"}],"wp:attachment":[{"href":"https:\/\/lfv-oberholz.de\/cms\/wp-json\/wp\/v2\/media?parent=2948"}],"wp:term":[{"taxonomy":"category","embeddable":true,"href":"https:\/\/lfv-oberholz.de\/cms\/wp-json\/wp\/v2\/categories?post=2948"},{"taxonomy":"post_tag","embeddable":true,"href":"https:\/\/lfv-oberholz.de\/cms\/wp-json\/wp\/v2\/tags?post=2948"}],"curies":[{"name":"wp","href":"https:\/\/api.w.org\/{rel}","templated":true}]}}