{"id":2952,"date":"2017-06-11T21:52:09","date_gmt":"2017-06-11T19:52:09","guid":{"rendered":"http:\/\/lfv-oberholz.de\/cms\/?p=2952"},"modified":"2017-06-13T23:24:17","modified_gmt":"2017-06-13T21:24:17","slug":"moritzburg-triathlon-10-und-11-juni","status":"publish","type":"post","link":"https:\/\/lfv-oberholz.de\/cms\/moritzburg-triathlon-10-und-11-juni\/","title":{"rendered":"Moritzburg Triathlon 10. und 11. Juni"},"content":{"rendered":"<p>(mehrere Beitr\u00e4ge, mehrere Autoren)<\/p>\n<p>&#8211; von Ronny Lehmann &#8211;<br \/>\n<img loading=\"lazy\" decoding=\"async\" class=\"alignnone size-medium wp-image-2959\" src=\"https:\/\/lfv-oberholz.de\/cms\/wp-content\/uploads\/FB_IMG_1497380703537-198x300.jpg\" alt=\"FB_IMG_1497380703537\" width=\"198\" height=\"300\" srcset=\"https:\/\/lfv-oberholz.de\/cms\/wp-content\/uploads\/FB_IMG_1497380703537-198x300.jpg 198w, https:\/\/lfv-oberholz.de\/cms\/wp-content\/uploads\/FB_IMG_1497380703537.jpg 636w\" sizes=\"auto, (max-width: 198px) 100vw, 198px\" \/> <img loading=\"lazy\" decoding=\"async\" class=\"alignnone  wp-image-2960\" src=\"https:\/\/lfv-oberholz.de\/cms\/wp-content\/uploads\/FB_IMG_1497380711654-300x198.jpg\" alt=\"FB_IMG_1497380711654\" width=\"300\" height=\"198\" srcset=\"https:\/\/lfv-oberholz.de\/cms\/wp-content\/uploads\/FB_IMG_1497380711654-300x198.jpg 300w, https:\/\/lfv-oberholz.de\/cms\/wp-content\/uploads\/FB_IMG_1497380711654.jpg 960w\" sizes=\"auto, (max-width: 300px) 100vw, 300px\" \/><\/p>\n<p><strong>10. Juni 2017, Schlo\u00dftriathlon Moritzburg &#8230; und der Tag danach.<\/strong><\/p>\n<p>Es war gestern ein Wettkampf mit Ecken und Kanten.<br \/>\nAber mit Happy End \ud83d\ude09 <!--more--><\/p>\n<p><img loading=\"lazy\" decoding=\"async\" class=\"alignnone size-medium wp-image-2958\" src=\"https:\/\/lfv-oberholz.de\/cms\/wp-content\/uploads\/FB_IMG_1497380692862-300x198.jpg\" alt=\"FB_IMG_1497380692862\" width=\"300\" height=\"198\" srcset=\"https:\/\/lfv-oberholz.de\/cms\/wp-content\/uploads\/FB_IMG_1497380692862-300x198.jpg 300w, https:\/\/lfv-oberholz.de\/cms\/wp-content\/uploads\/FB_IMG_1497380692862.jpg 960w\" sizes=\"auto, (max-width: 300px) 100vw, 300px\" \/>\u00a0<img loading=\"lazy\" decoding=\"async\" class=\"alignnone size-medium wp-image-2963\" src=\"https:\/\/lfv-oberholz.de\/cms\/wp-content\/uploads\/FB_IMG_1497382046016-300x198.jpg\" alt=\"FB_IMG_1497382046016\" width=\"300\" height=\"198\" srcset=\"https:\/\/lfv-oberholz.de\/cms\/wp-content\/uploads\/FB_IMG_1497382046016-300x198.jpg 300w, https:\/\/lfv-oberholz.de\/cms\/wp-content\/uploads\/FB_IMG_1497382046016-1024x678.jpg 1024w, https:\/\/lfv-oberholz.de\/cms\/wp-content\/uploads\/FB_IMG_1497382046016.jpg 1087w\" sizes=\"auto, (max-width: 300px) 100vw, 300px\" \/><br \/>\nDie 1,9 km Schwimmstrecke war irgendwie eine recht z\u00e4he Veranstaltung. Gleich nach dem Start lief mir etwas Wasser in die Schwimmbrille. Na toll, der erste Start mit Kontaktlinsen und dann so ein Quatsch. Egal&#8230; wird eben mehr rechts geatmet. Gekloppe \u00fcber fast die ganze Distanz und ein Teilnehmer welcher st\u00e4ndig meine Bahn kreuzte. Links &#8230; rechts &#8230; wie schnell w\u00e4re der denn, wenn er geradeaus schwimmen lernt? Mit der Zeit von irgendwas in die 29 Minuten bin ich aber ziemlich zufrieden.<\/p>\n<p>Der Wechsel aufs Rad verlief glatt. Doch dann &#8230; aber dann &#8230;\u00a0\u00a0\u00a0\u00a0\u00a0 Nach einem Schluck aus der &#8222;wichtigen&#8220; Gel-Flasche steckte ich diese nicht ordentlich weg und sie fiel mir aus dem Flaschenhalter. Ohne diese Flasche komme ich nicht weit!!<br \/>\nANHALTEN!!<br \/>\nDie Flasche wollte auch weiter mitfahren und rollte mir zum Gl\u00fcck mit Schwung wieder ans Vorderrad. Weiter gings aber nicht weit. Sowie ich auf das gro\u00dfe Kettenblatt schalten wollte, sprang die Kette ungl\u00fccklich runter so, dass sie sich zwischen Rahmen und Kettenblatt verkeilte.<br \/>\nANHALTEN!! zum 2.<br \/>\nJetzt hie\u00df es H\u00e4nde schmutzig machen. Mit gef\u00fchlvoller Kraft die Kette befreit ging es wieder aufs Rad. Ca 1 Minute, sagt meine Garmin am Ende des Tages, habe ich dort liegen lassen. Aber so kam ich in den Genuss, einen kleinen Plausch mit Jan Gutscher zu halten.<br \/>\nJetzt hie\u00df es aber konzentriert wieder den Rhythmus zu finden und wieder das Rennen aufzunehmen. So hielt ich mich an meine Vorgabe eines kontrollierten Radfahrens. Zumindest 2 der 3 Runden. Denn nach der 2. Runde machte ich die Schleusen auf. Jetzt hie\u00df es Kommando Tiefflug. Kopf runter, Kette rechts lie\u00df ich mal die Muskeln zucken.<br \/>\n<img loading=\"lazy\" decoding=\"async\" class=\"alignnone size-medium wp-image-2964\" src=\"https:\/\/lfv-oberholz.de\/cms\/wp-content\/uploads\/FB_IMG_1497382066848-300x198.jpg\" alt=\"FB_IMG_1497382066848\" width=\"300\" height=\"198\" srcset=\"https:\/\/lfv-oberholz.de\/cms\/wp-content\/uploads\/FB_IMG_1497382066848-300x198.jpg 300w, https:\/\/lfv-oberholz.de\/cms\/wp-content\/uploads\/FB_IMG_1497382066848-1024x678.jpg 1024w, https:\/\/lfv-oberholz.de\/cms\/wp-content\/uploads\/FB_IMG_1497382066848.jpg 1087w\" sizes=\"auto, (max-width: 300px) 100vw, 300px\" \/> <img loading=\"lazy\" decoding=\"async\" class=\"alignnone size-medium wp-image-2957\" src=\"https:\/\/lfv-oberholz.de\/cms\/wp-content\/uploads\/FB_IMG_1497380683772-300x198.jpg\" alt=\"FB_IMG_1497380683772\" width=\"300\" height=\"198\" srcset=\"https:\/\/lfv-oberholz.de\/cms\/wp-content\/uploads\/FB_IMG_1497380683772-300x198.jpg 300w, https:\/\/lfv-oberholz.de\/cms\/wp-content\/uploads\/FB_IMG_1497380683772.jpg 960w\" sizes=\"auto, (max-width: 300px) 100vw, 300px\" \/><br \/>\nEs war eine Runde wie im Rausch. Einfach geil&#8230;. Mit einem Grinsen im Gesicht b\u00fcgelte ich die letzten 28 km dem 2.Wechsel entgegen. Noch nie habe ich mich so stark auf dem Rad gef\u00fchlt.<br \/>\nAm Ende 2:19 auf\u00b4m Radl<\/p>\n<p>2. Wechsel&#8230;<br \/>\nAuf gehts zum abschlie\u00dfenden Dauerlauf \u00fcber nicht ganz die Halbmarathondistanz. Noch in km 1 bekam ich von Train-Smart Manu S\u00fc\u00df die Ansage locker zu machen. Den ersten km in 4:07 min ist nicht ganz locker&#8230; ruhig Brauner&#8230; mach mal halblang. Geschmeidig setzte ich den Lauf fort. Die zweite Runde sch\u00f6n weiter so &#8230; es l\u00e4uft. Doch da kam wieder eine kleine Panne. Beim 2. Rundenb\u00e4ndchen staute es sich irgendwie und ich riss mir einfach irgendein Band aus einer Hand. 50 Meter weiter merkte ich da\u00df es die selbe Farbe hatte wie das Band zuvor. Ich stoppte und lief zur\u00fcck. Als mir dann zugerufen wurde &#8222;Es ist egal, die Anzahl ist wichtig!&#8220; wieder Kehrtum und weiter, hat mich doch etwas aus der Ruhe gebracht. Erneut den Rhythmus finden. Anfang der letzten 7 km Runde h\u00f6rte ich, ich darf jetzt bisl Sport treiben und bisl schneller machen, wenn ich kann.<br \/>\nAuf mein L\u00e4cheln&#8230;kam &#8222;na wer noch lachen kann&#8220;!!<br \/>\n<img loading=\"lazy\" decoding=\"async\" class=\"alignnone size-medium wp-image-2956\" src=\"https:\/\/lfv-oberholz.de\/cms\/wp-content\/uploads\/FB_IMG_1497380665522-300x198.jpg\" alt=\"FB_IMG_1497380665522\" width=\"300\" height=\"198\" srcset=\"https:\/\/lfv-oberholz.de\/cms\/wp-content\/uploads\/FB_IMG_1497380665522-300x198.jpg 300w, https:\/\/lfv-oberholz.de\/cms\/wp-content\/uploads\/FB_IMG_1497380665522.jpg 960w\" sizes=\"auto, (max-width: 300px) 100vw, 300px\" \/> <img loading=\"lazy\" decoding=\"async\" class=\"alignnone size-medium wp-image-2965\" src=\"https:\/\/lfv-oberholz.de\/cms\/wp-content\/uploads\/FB_IMG_1497382086829-300x198.jpg\" alt=\"FB_IMG_1497382086829\" width=\"300\" height=\"198\" srcset=\"https:\/\/lfv-oberholz.de\/cms\/wp-content\/uploads\/FB_IMG_1497382086829-300x198.jpg 300w, https:\/\/lfv-oberholz.de\/cms\/wp-content\/uploads\/FB_IMG_1497382086829-1024x678.jpg 1024w, https:\/\/lfv-oberholz.de\/cms\/wp-content\/uploads\/FB_IMG_1497382086829.jpg 1087w\" sizes=\"auto, (max-width: 300px) 100vw, 300px\" \/><br \/>\nAlso, Turbo z\u00fcnden&#8230; auf gehts&#8230; vollen Schub voraus! 2 Kontrahenten konnte ich mir noch holen. Auf der etwas l\u00e4ngeren Bergaufpassage sammelte ich ein und \u00fcberdrehte etwas. Bis km 18 ging das noch gut. Dann merkte ich, ich bin nicht Superman. Der tank leerte sich..Die Beine wurden schwer. Einfach nur noch ankommen!! Da hinten .. da ist es.. gleich bist du zu Hause..<br \/>\nB\u00e4\u00e4\u00e4m : neue Bestzeit<br \/>\n4:21 und 3x neue Bestzeiten in den Einzeldisziplinen innerhalb eines Triathlon.<br \/>\nDie Duftmarke ist gesetzt&#8230;Frankfurt kann kommen.<br \/>\n<img loading=\"lazy\" decoding=\"async\" class=\"alignnone size-medium wp-image-2961\" src=\"https:\/\/lfv-oberholz.de\/cms\/wp-content\/uploads\/FB_IMG_1497380721162-300x225.jpg\" alt=\"FB_IMG_1497380721162\" width=\"300\" height=\"225\" srcset=\"https:\/\/lfv-oberholz.de\/cms\/wp-content\/uploads\/FB_IMG_1497380721162-300x225.jpg 300w, https:\/\/lfv-oberholz.de\/cms\/wp-content\/uploads\/FB_IMG_1497380721162.jpg 960w\" sizes=\"auto, (max-width: 300px) 100vw, 300px\" \/>\u00a0<img loading=\"lazy\" decoding=\"async\" class=\"alignnone size-medium wp-image-2962\" src=\"https:\/\/lfv-oberholz.de\/cms\/wp-content\/uploads\/FB_IMG_1497380733532-300x225.jpg\" alt=\"FB_IMG_1497380733532\" width=\"300\" height=\"225\" srcset=\"https:\/\/lfv-oberholz.de\/cms\/wp-content\/uploads\/FB_IMG_1497380733532-300x225.jpg 300w, https:\/\/lfv-oberholz.de\/cms\/wp-content\/uploads\/FB_IMG_1497380733532.jpg 960w\" sizes=\"auto, (max-width: 300px) 100vw, 300px\" \/><\/p>\n<p><strong>Der Tag danach.<\/strong><br \/>\nGestern noch ein wenig gejammert heute 100km auf dem Rad fahren zu m\u00fcssen, war ich heute aber erstaunlich frisch. Meine kleine Prinzessin hat mir einen Gefallen getan und hat mich ausschlafen lassen.<br \/>\nSp\u00e4ter stieg ich aufs Rad und die Beine wirbelten als h\u00e4tten sie gestern nix gemacht. Die geforderten 100km waren in nicht mal 3 Stunden abgespult so dass ich 122km draus machte.<\/p>\n<p>Und wisst ihr was ich mir nachher noch gebe. So ein kleines Schwimmerchen. So eins f\u00fcr die Seele! Eines, bei dem man mit einem Schmunzeln in der So\u00dfe liegt und sich denkt&#8230; ja ja, eigentlich kann ich das ein bi\u00dfchen, aber das verrate ich euch nicht.<\/p>\n<p>In diesem Sinne, sch\u00f6nes Restwochenende euch allen.<br \/>\nRonny<\/p>\n<p>.<\/p>\n<p>&#8211; von Henri Leuschner &#8211;<\/p>\n<p><strong>Ein Triple am Wochenende<\/strong><\/p>\n<p>(10. Juni)<br \/>\n<img loading=\"lazy\" decoding=\"async\" class=\"alignnone size-medium wp-image-2974\" src=\"https:\/\/lfv-oberholz.de\/cms\/wp-content\/uploads\/FB_IMG_1497384899542-300x225.jpg\" alt=\"FB_IMG_1497384899542\" width=\"300\" height=\"225\" srcset=\"https:\/\/lfv-oberholz.de\/cms\/wp-content\/uploads\/FB_IMG_1497384899542-300x225.jpg 300w, https:\/\/lfv-oberholz.de\/cms\/wp-content\/uploads\/FB_IMG_1497384899542.jpg 960w\" sizes=\"auto, (max-width: 300px) 100vw, 300px\" \/> <img loading=\"lazy\" decoding=\"async\" class=\"alignnone size-medium wp-image-2971\" src=\"https:\/\/lfv-oberholz.de\/cms\/wp-content\/uploads\/FB_IMG_1497384870705-300x225.jpg\" alt=\"FB_IMG_1497384870705\" width=\"300\" height=\"225\" srcset=\"https:\/\/lfv-oberholz.de\/cms\/wp-content\/uploads\/FB_IMG_1497384870705-300x225.jpg 300w, https:\/\/lfv-oberholz.de\/cms\/wp-content\/uploads\/FB_IMG_1497384870705.jpg 960w\" sizes=\"auto, (max-width: 300px) 100vw, 300px\" \/><br \/>\nHeute ist das &#8222;TalkPoint Team&#8220; beim Schlosstriathlon in Moritzburg bei der Halbdistanz Staffel (1.9 Kilometer Schwimmen , 90 Kilometer Rad und 21 Kilometern Laufen) knapp am 3. Platz vorbei. 4. Platz ist auch gut \ud83d\ude09<br \/>\n\u00dcber 3000 Starter auf den Distanzen.<br \/>\nMeine ersten 90 Kilometer auf dem Rad in 2:13 h, bin voll zufrieden.<br \/>\nDanke an das Team Moritz 14 Jahre Schwimmer als 5. aus dem Wasser und Devendra Langner L\u00e4ufer 1:20 h, super Zeit trotz Verletzung.<br \/>\nHat wieder spass gemacht , bei Top Wetter und sch\u00f6nen Sonnenbrand \ud83d\ude09<br \/>\n<img loading=\"lazy\" decoding=\"async\" class=\"alignnone size-medium wp-image-2972\" src=\"https:\/\/lfv-oberholz.de\/cms\/wp-content\/uploads\/FB_IMG_1497384881611-225x300.jpg\" alt=\"FB_IMG_1497384881611\" width=\"225\" height=\"300\" srcset=\"https:\/\/lfv-oberholz.de\/cms\/wp-content\/uploads\/FB_IMG_1497384881611-225x300.jpg 225w, https:\/\/lfv-oberholz.de\/cms\/wp-content\/uploads\/FB_IMG_1497384881611.jpg 720w\" sizes=\"auto, (max-width: 225px) 100vw, 225px\" \/> <img loading=\"lazy\" decoding=\"async\" class=\"alignnone size-medium wp-image-2975\" src=\"https:\/\/lfv-oberholz.de\/cms\/wp-content\/uploads\/FB_IMG_1497384908922-225x300.jpg\" alt=\"FB_IMG_1497384908922\" width=\"225\" height=\"300\" srcset=\"https:\/\/lfv-oberholz.de\/cms\/wp-content\/uploads\/FB_IMG_1497384908922-225x300.jpg 225w, https:\/\/lfv-oberholz.de\/cms\/wp-content\/uploads\/FB_IMG_1497384908922.jpg 720w\" sizes=\"auto, (max-width: 225px) 100vw, 225px\" \/> <img loading=\"lazy\" decoding=\"async\" class=\"alignnone size-medium wp-image-2973\" src=\"https:\/\/lfv-oberholz.de\/cms\/wp-content\/uploads\/FB_IMG_1497384892027-300x225.jpg\" alt=\"FB_IMG_1497384892027\" width=\"300\" height=\"225\" srcset=\"https:\/\/lfv-oberholz.de\/cms\/wp-content\/uploads\/FB_IMG_1497384892027-300x225.jpg 300w, https:\/\/lfv-oberholz.de\/cms\/wp-content\/uploads\/FB_IMG_1497384892027.jpg 960w\" sizes=\"auto, (max-width: 300px) 100vw, 300px\" \/> <img loading=\"lazy\" decoding=\"async\" class=\"alignnone size-medium wp-image-2976\" src=\"https:\/\/lfv-oberholz.de\/cms\/wp-content\/uploads\/FB_IMG_1497384918097-300x225.jpg\" alt=\"FB_IMG_1497384918097\" width=\"300\" height=\"225\" srcset=\"https:\/\/lfv-oberholz.de\/cms\/wp-content\/uploads\/FB_IMG_1497384918097-300x225.jpg 300w, https:\/\/lfv-oberholz.de\/cms\/wp-content\/uploads\/FB_IMG_1497384918097.jpg 960w\" sizes=\"auto, (max-width: 300px) 100vw, 300px\" \/> <img loading=\"lazy\" decoding=\"async\" class=\"alignnone  wp-image-2978\" src=\"https:\/\/lfv-oberholz.de\/cms\/wp-content\/uploads\/FB_IMG_1497385000930-225x300.jpg\" alt=\"FB_IMG_1497385000930\" width=\"165\" height=\"221\" srcset=\"https:\/\/lfv-oberholz.de\/cms\/wp-content\/uploads\/FB_IMG_1497385000930-225x300.jpg 225w, https:\/\/lfv-oberholz.de\/cms\/wp-content\/uploads\/FB_IMG_1497385000930.jpg 720w\" sizes=\"auto, (max-width: 165px) 100vw, 165px\" \/> <img loading=\"lazy\" decoding=\"async\" class=\"alignnone  wp-image-2979\" src=\"https:\/\/lfv-oberholz.de\/cms\/wp-content\/uploads\/FB_IMG_1497385009697-300x225.jpg\" alt=\"FB_IMG_1497385009697\" width=\"295\" height=\"221\" srcset=\"https:\/\/lfv-oberholz.de\/cms\/wp-content\/uploads\/FB_IMG_1497385009697-300x225.jpg 300w, https:\/\/lfv-oberholz.de\/cms\/wp-content\/uploads\/FB_IMG_1497385009697.jpg 960w\" sizes=\"auto, (max-width: 295px) 100vw, 295px\" \/> <img loading=\"lazy\" decoding=\"async\" class=\"alignnone  wp-image-2969\" src=\"https:\/\/lfv-oberholz.de\/cms\/wp-content\/uploads\/FB_IMG_1497207555756-225x300.jpg\" alt=\"FB_IMG_1497207555756\" width=\"166\" height=\"221\" srcset=\"https:\/\/lfv-oberholz.de\/cms\/wp-content\/uploads\/FB_IMG_1497207555756-225x300.jpg 225w, https:\/\/lfv-oberholz.de\/cms\/wp-content\/uploads\/FB_IMG_1497207555756.jpg 720w\" sizes=\"auto, (max-width: 166px) 100vw, 166px\" \/><\/p>\n<p>(11. Juni)<br \/>\nHeute mal alleine unterwegs, f\u00fcr TalkPoint am Start. Erste Stop war bei der Sparkassen Challenge, dem Seelauf Markkleberg. Etwas zu hei\u00df f\u00fcr Bestzeiten aber gutes Training \ud83d\ude09<br \/>\nGl\u00fcckwunsch an alle die bei der Hitze gestartet sind, sch\u00f6ner Lauf, direkt um den See.<br \/>\n<img loading=\"lazy\" decoding=\"async\" class=\"alignnone size-medium wp-image-2987\" src=\"https:\/\/lfv-oberholz.de\/cms\/wp-content\/uploads\/FB_IMG_1497386553809-225x300.jpg\" alt=\"FB_IMG_1497386553809\" width=\"225\" height=\"300\" srcset=\"https:\/\/lfv-oberholz.de\/cms\/wp-content\/uploads\/FB_IMG_1497386553809-225x300.jpg 225w, https:\/\/lfv-oberholz.de\/cms\/wp-content\/uploads\/FB_IMG_1497386553809.jpg 720w\" sizes=\"auto, (max-width: 225px) 100vw, 225px\" \/>\u00a0<img loading=\"lazy\" decoding=\"async\" class=\"alignnone  wp-image-2982\" src=\"https:\/\/lfv-oberholz.de\/cms\/wp-content\/uploads\/facebook_1497206770956-225x300.jpg\" alt=\".facebook_1497206770956\" width=\"205\" height=\"275\" \/> <img loading=\"lazy\" decoding=\"async\" class=\"alignnone  wp-image-2984\" src=\"https:\/\/lfv-oberholz.de\/cms\/wp-content\/uploads\/facebook_1497206859165-225x300.jpg\" alt=\".facebook_1497206859165\" width=\"185\" height=\"247\" srcset=\"https:\/\/lfv-oberholz.de\/cms\/wp-content\/uploads\/facebook_1497206859165-225x300.jpg 225w, https:\/\/lfv-oberholz.de\/cms\/wp-content\/uploads\/facebook_1497206859165.jpg 720w\" sizes=\"auto, (max-width: 185px) 100vw, 185px\" \/> <img loading=\"lazy\" decoding=\"async\" class=\"alignnone  wp-image-2985\" src=\"https:\/\/lfv-oberholz.de\/cms\/wp-content\/uploads\/facebook_1497206683785-300x225.jpg\" alt=\"facebook_1497206683785\" width=\"211\" height=\"159\" srcset=\"https:\/\/lfv-oberholz.de\/cms\/wp-content\/uploads\/facebook_1497206683785-300x225.jpg 300w, https:\/\/lfv-oberholz.de\/cms\/wp-content\/uploads\/facebook_1497206683785.jpg 960w\" sizes=\"auto, (max-width: 211px) 100vw, 211px\" \/> <img loading=\"lazy\" decoding=\"async\" class=\"alignnone  wp-image-2983\" src=\"https:\/\/lfv-oberholz.de\/cms\/wp-content\/uploads\/facebook_1497206801145-300x225.jpg\" alt=\".facebook_1497206801145\" width=\"253\" height=\"189\" srcset=\"https:\/\/lfv-oberholz.de\/cms\/wp-content\/uploads\/facebook_1497206801145-300x225.jpg 300w, https:\/\/lfv-oberholz.de\/cms\/wp-content\/uploads\/facebook_1497206801145.jpg 960w\" sizes=\"auto, (max-width: 253px) 100vw, 253px\" \/> <img loading=\"lazy\" decoding=\"async\" class=\"alignnone  wp-image-2981\" src=\"https:\/\/lfv-oberholz.de\/cms\/wp-content\/uploads\/facebook_1497206743942-225x300.jpg\" alt=\".facebook_1497206743942\" width=\"167\" height=\"223\" srcset=\"https:\/\/lfv-oberholz.de\/cms\/wp-content\/uploads\/facebook_1497206743942-225x300.jpg 225w, https:\/\/lfv-oberholz.de\/cms\/wp-content\/uploads\/facebook_1497206743942.jpg 720w\" sizes=\"auto, (max-width: 167px) 100vw, 167px\" \/><br \/>\nNach erfolgeiche Teilnahme schnellstens auf zum letzten Ereignis an diesem Wochenende.<\/p>\n<p>2. Runde TalkPoint geschafft, noch mal Moritzburg. Diesmal alles alleine. Hatte bei der Fahrt dahin Stau, 1 Stunde gestanden und bin 3 Minuten zu sp\u00e4t zum Start gekommen.\u00a0 Auch sch\u00f6n, konnte ich mal \u00fcberholen \ud83d\ude09 . Habe mich dann noch bis auf Platz 11 vorgek\u00e4mpft.<br \/>\n<img loading=\"lazy\" decoding=\"async\" class=\"alignnone size-medium wp-image-2999\" src=\"https:\/\/lfv-oberholz.de\/cms\/wp-content\/uploads\/FB_IMG_1497388539905-300x225.jpg\" alt=\"FB_IMG_1497388539905\" width=\"300\" height=\"225\" srcset=\"https:\/\/lfv-oberholz.de\/cms\/wp-content\/uploads\/FB_IMG_1497388539905-300x225.jpg 300w, https:\/\/lfv-oberholz.de\/cms\/wp-content\/uploads\/FB_IMG_1497388539905.jpg 960w\" sizes=\"auto, (max-width: 300px) 100vw, 300px\" \/> <img loading=\"lazy\" decoding=\"async\" class=\"alignnone size-medium wp-image-3000\" src=\"https:\/\/lfv-oberholz.de\/cms\/wp-content\/uploads\/FB_IMG_1497388547175-300x225.jpg\" alt=\"FB_IMG_1497388547175\" width=\"300\" height=\"225\" srcset=\"https:\/\/lfv-oberholz.de\/cms\/wp-content\/uploads\/FB_IMG_1497388547175-300x225.jpg 300w, https:\/\/lfv-oberholz.de\/cms\/wp-content\/uploads\/FB_IMG_1497388547175.jpg 960w\" sizes=\"auto, (max-width: 300px) 100vw, 300px\" \/> <img loading=\"lazy\" decoding=\"async\" class=\"alignnone size-medium wp-image-3001\" src=\"https:\/\/lfv-oberholz.de\/cms\/wp-content\/uploads\/FB_IMG_1497388571209-225x300.jpg\" alt=\"FB_IMG_1497388571209\" width=\"225\" height=\"300\" srcset=\"https:\/\/lfv-oberholz.de\/cms\/wp-content\/uploads\/FB_IMG_1497388571209-225x300.jpg 225w, https:\/\/lfv-oberholz.de\/cms\/wp-content\/uploads\/FB_IMG_1497388571209.jpg 720w\" sizes=\"auto, (max-width: 225px) 100vw, 225px\" \/><\/p>\n<p>.<\/p>\n<p>&#8211; Redaktion &#8211;<\/p>\n<p>Es waren noch weitere Oberholzer in Moritzburg am Start.<br \/>\nHier kommen in K\u00fcrze noch die Ergebnisse.<\/p>\n","protected":false},"excerpt":{"rendered":"<p>(mehrere Beitr\u00e4ge, mehrere Autoren) &#8211; von Ronny Lehmann &#8211; 10. Juni 2017, Schlo\u00dftriathlon Moritzburg &#8230; und der Tag danach. Es war gestern ein Wettkampf mit Ecken und Kanten. Aber mit Happy End \ud83d\ude09<\/p>\n","protected":false},"author":8,"featured_media":0,"comment_status":"closed","ping_status":"closed","sticky":false,"template":"","format":"standard","meta":{"pgc_sgb_lightbox_settings":"","footnotes":""},"categories":[5,9],"tags":[],"class_list":["post-2952","post","type-post","status-publish","format-standard","hentry","category-leichtathletik","category-triathlon"],"_links":{"self":[{"href":"https:\/\/lfv-oberholz.de\/cms\/wp-json\/wp\/v2\/posts\/2952","targetHints":{"allow":["GET"]}}],"collection":[{"href":"https:\/\/lfv-oberholz.de\/cms\/wp-json\/wp\/v2\/posts"}],"about":[{"href":"https:\/\/lfv-oberholz.de\/cms\/wp-json\/wp\/v2\/types\/post"}],"author":[{"embeddable":true,"href":"https:\/\/lfv-oberholz.de\/cms\/wp-json\/wp\/v2\/users\/8"}],"replies":[{"embeddable":true,"href":"https:\/\/lfv-oberholz.de\/cms\/wp-json\/wp\/v2\/comments?post=2952"}],"version-history":[{"count":0,"href":"https:\/\/lfv-oberholz.de\/cms\/wp-json\/wp\/v2\/posts\/2952\/revisions"}],"wp:attachment":[{"href":"https:\/\/lfv-oberholz.de\/cms\/wp-json\/wp\/v2\/media?parent=2952"}],"wp:term":[{"taxonomy":"category","embeddable":true,"href":"https:\/\/lfv-oberholz.de\/cms\/wp-json\/wp\/v2\/categories?post=2952"},{"taxonomy":"post_tag","embeddable":true,"href":"https:\/\/lfv-oberholz.de\/cms\/wp-json\/wp\/v2\/tags?post=2952"}],"curies":[{"name":"wp","href":"https:\/\/api.w.org\/{rel}","templated":true}]}}