{"id":3105,"date":"2017-06-19T00:29:17","date_gmt":"2017-06-18T22:29:17","guid":{"rendered":"http:\/\/lfv-oberholz.de\/cms\/?p=3105"},"modified":"2017-06-29T00:47:54","modified_gmt":"2017-06-28T22:47:54","slug":"bianca-holt-mit-der-mixed-staffel-jem-bronze-und-qualifiziert-sich-fuer-die-juniorenweltmeisterschaft","status":"publish","type":"post","link":"https:\/\/lfv-oberholz.de\/cms\/bianca-holt-mit-der-mixed-staffel-jem-bronze-und-qualifiziert-sich-fuer-die-juniorenweltmeisterschaft\/","title":{"rendered":"Bianca holt mit der Mixed-Staffel JEM Bronze und qualifiziert sich f\u00fcr die Juniorenweltmeisterschaft"},"content":{"rendered":"<p>&#8211; von Kathrin Bogen &#8211;<\/p>\n<p>Vom 16. bis 18. Juni 2017 fanden in Kitzb\u00fchel (\u00d6sterreich) sehr gut organisierte Europameisterschaften im Triathlon statt.<\/p>\n<p>\u00dcber die Sprint-Distanz (750m Schwimmen, 20 km Rad, 5 km Lauf) startete Bianca Bogen f\u00fcr Deutschland in der Juniorenwertung.<br \/>\n<img loading=\"lazy\" decoding=\"async\" class=\"alignnone  wp-image-3106\" src=\"https:\/\/lfv-oberholz.de\/cms\/wp-content\/uploads\/052-Bia-vor-Ziel-300x225.jpg\" alt=\"052-Bia-vor-Ziel\" width=\"335\" height=\"251\" srcset=\"https:\/\/lfv-oberholz.de\/cms\/wp-content\/uploads\/052-Bia-vor-Ziel-300x225.jpg 300w, https:\/\/lfv-oberholz.de\/cms\/wp-content\/uploads\/052-Bia-vor-Ziel-1024x768.jpg 1024w\" sizes=\"auto, (max-width: 335px) 100vw, 335px\" \/><br \/>\nIhre gute Schwimmleistung war die Grundlage f\u00fcr eine gute Position auf der Radstrecke. Auf der teils nassen Stra\u00dfe kam es nach einer rasanten Abfahrt auf vier Runden zu einigen St\u00fcrzen, welchen Bianca zum Gl\u00fcck ausweichen konnte. Nach 20 km bestand die f\u00fchrende Radgruppe aus 18 Juniorinnen und nach dem abschlie\u00dfenden 5 km Lauf konnte Bianca den Triathlon auf dem 8. Platz gesamt beenden. Mit diesem Top 10 Ergebnis und als beste deutsche Starterin qualifizierte sich Bianca f\u00fcr die Weltmeisterschaft <!--more-->im September in Rotterdam.<br \/>\nHerzlichen Gl\u00fcckwunsch!<br \/>\n<img loading=\"lazy\" decoding=\"async\" class=\"alignnone size-medium wp-image-3108\" src=\"https:\/\/lfv-oberholz.de\/cms\/wp-content\/uploads\/Bia-links-Start-Sw-Staffel-300x168.jpg\" alt=\"Bia-links-Start-Sw-Staffel\" width=\"300\" height=\"168\" srcset=\"https:\/\/lfv-oberholz.de\/cms\/wp-content\/uploads\/Bia-links-Start-Sw-Staffel-300x168.jpg 300w, https:\/\/lfv-oberholz.de\/cms\/wp-content\/uploads\/Bia-links-Start-Sw-Staffel-1024x576.jpg 1024w, https:\/\/lfv-oberholz.de\/cms\/wp-content\/uploads\/Bia-links-Start-Sw-Staffel.jpg 1280w\" sizes=\"auto, (max-width: 300px) 100vw, 300px\" \/> <img loading=\"lazy\" decoding=\"async\" class=\"alignnone size-medium wp-image-3107\" src=\"https:\/\/lfv-oberholz.de\/cms\/wp-content\/uploads\/110-Bi-3.Team_-e1498639901214-225x300.jpg\" alt=\"110-Bi-3.Team\" width=\"225\" height=\"300\" srcset=\"https:\/\/lfv-oberholz.de\/cms\/wp-content\/uploads\/110-Bi-3.Team_-e1498639901214-225x300.jpg 225w, https:\/\/lfv-oberholz.de\/cms\/wp-content\/uploads\/110-Bi-3.Team_-e1498639901214-768x1024.jpg 768w\" sizes=\"auto, (max-width: 225px) 100vw, 225px\" \/><br \/>\nBianca links am Start<\/p>\n<p>Nach den Einzelergebnissen der Junioreneuropameisterschaft vom Vortag wurde die Mannschaft f\u00fcr die Mixed-Team-Relay aufgestellt. In einem sehr zuschauerfreundlichen Format von 250m Schwimmen, 5 km Rad und 1,8 km Lauf mit Wendepunktstrecken kam es zu einem \u00e4u\u00dferst spannenden Wettbewerb, der 2020 in Tokio erstmals bei Olympia aufgenommen wurde.<\/p>\n<p>Bianca durfte das Quartett anf\u00fchren. Sie ging nach dem Schwimmen mit als Erste auf die Radstrecke, konnte sich mit der sehr starken \u00d6sterreicherin Therese Feuersinger absetzen und wechselte kurz hinter der F\u00fchrenden auf Moritz Horn. Er konnte das Deutsche Quartett in F\u00fchrung bringen, doch leider st\u00fcrzte Nina Eim als dritte Starterin auf der Radstrecke und die folgenden Mannschaften r\u00fcckten dicht auf. Die Entscheidung fiel erst auf der letzten Laufstrecke. Tim Siepmann konnte im Endspurt dem Deutschen Team die Bronzemedaille hinter Ungarn und Russland sichern.<br \/>\n<img loading=\"lazy\" decoding=\"async\" class=\"alignnone size-medium wp-image-3110\" src=\"https:\/\/lfv-oberholz.de\/cms\/wp-content\/uploads\/JEM-Team-3.Pl_.Siegerehrung-168x300.jpg\" alt=\"JEM-Team-3.Pl.Siegerehrung\" width=\"168\" height=\"300\" srcset=\"https:\/\/lfv-oberholz.de\/cms\/wp-content\/uploads\/JEM-Team-3.Pl_.Siegerehrung-168x300.jpg 168w, https:\/\/lfv-oberholz.de\/cms\/wp-content\/uploads\/JEM-Team-3.Pl_.Siegerehrung-576x1024.jpg 576w, https:\/\/lfv-oberholz.de\/cms\/wp-content\/uploads\/JEM-Team-3.Pl_.Siegerehrung.jpg 720w\" sizes=\"auto, (max-width: 168px) 100vw, 168px\" \/><\/p>\n<p>http:\/\/www.triathlon.org\/results\/result\/2017_kitzbuehel_etu_triathlon_european_championships<\/p>\n<p><img loading=\"lazy\" decoding=\"async\" class=\"alignnone  wp-image-3128\" src=\"https:\/\/lfv-oberholz.de\/cms\/wp-content\/uploads\/108-Tim-Bi-Nina-Moritz-300x225.jpg\" alt=\"108-Tim-Bi-Nina-Moritz\" width=\"647\" height=\"485\" srcset=\"https:\/\/lfv-oberholz.de\/cms\/wp-content\/uploads\/108-Tim-Bi-Nina-Moritz-300x225.jpg 300w, https:\/\/lfv-oberholz.de\/cms\/wp-content\/uploads\/108-Tim-Bi-Nina-Moritz-1024x768.jpg 1024w\" sizes=\"auto, (max-width: 647px) 100vw, 647px\" \/><br \/>\nBianca Bogen, Moritz Horn, Nina Eim und Tim Siepmann freuen sich \u00fcber Bronze bei der Junioren Mixed-Staffel zur ETU Triathlon-Europameisterschaft in Kitzb\u00fchel (\u00d6sterreich).<\/p>\n<p><img loading=\"lazy\" decoding=\"async\" class=\"alignnone size-medium wp-image-3109\" src=\"https:\/\/lfv-oberholz.de\/cms\/wp-content\/uploads\/Bia-nach-750m-Sw-300x168.jpg\" alt=\"Bia-nach-750m-Sw\" width=\"300\" height=\"168\" srcset=\"https:\/\/lfv-oberholz.de\/cms\/wp-content\/uploads\/Bia-nach-750m-Sw-300x168.jpg 300w, https:\/\/lfv-oberholz.de\/cms\/wp-content\/uploads\/Bia-nach-750m-Sw-1024x576.jpg 1024w, https:\/\/lfv-oberholz.de\/cms\/wp-content\/uploads\/Bia-nach-750m-Sw.jpg 1280w\" sizes=\"auto, (max-width: 300px) 100vw, 300px\" \/><br \/>\nMartin Schulz Sieger bei der EM 2017 in Kitzb\u00fchel<\/p>\n","protected":false},"excerpt":{"rendered":"<p>&#8211; von Kathrin Bogen &#8211; Vom 16. bis 18. Juni 2017 fanden in Kitzb\u00fchel (\u00d6sterreich) sehr gut organisierte Europameisterschaften im Triathlon statt. \u00dcber die Sprint-Distanz (750m Schwimmen, 20 km Rad, 5 km Lauf) startete Bianca Bogen f\u00fcr Deutschland in der &hellip; <a href=\"https:\/\/lfv-oberholz.de\/cms\/bianca-holt-mit-der-mixed-staffel-jem-bronze-und-qualifiziert-sich-fuer-die-juniorenweltmeisterschaft\/\">Weiterlesen <span class=\"meta-nav\">&rarr;<\/span><\/a><\/p>\n","protected":false},"author":6,"featured_media":0,"comment_status":"closed","ping_status":"closed","sticky":false,"template":"","format":"standard","meta":{"pgc_sgb_lightbox_settings":"","footnotes":""},"categories":[9],"tags":[],"class_list":["post-3105","post","type-post","status-publish","format-standard","hentry","category-triathlon"],"_links":{"self":[{"href":"https:\/\/lfv-oberholz.de\/cms\/wp-json\/wp\/v2\/posts\/3105","targetHints":{"allow":["GET"]}}],"collection":[{"href":"https:\/\/lfv-oberholz.de\/cms\/wp-json\/wp\/v2\/posts"}],"about":[{"href":"https:\/\/lfv-oberholz.de\/cms\/wp-json\/wp\/v2\/types\/post"}],"author":[{"embeddable":true,"href":"https:\/\/lfv-oberholz.de\/cms\/wp-json\/wp\/v2\/users\/6"}],"replies":[{"embeddable":true,"href":"https:\/\/lfv-oberholz.de\/cms\/wp-json\/wp\/v2\/comments?post=3105"}],"version-history":[{"count":0,"href":"https:\/\/lfv-oberholz.de\/cms\/wp-json\/wp\/v2\/posts\/3105\/revisions"}],"wp:attachment":[{"href":"https:\/\/lfv-oberholz.de\/cms\/wp-json\/wp\/v2\/media?parent=3105"}],"wp:term":[{"taxonomy":"category","embeddable":true,"href":"https:\/\/lfv-oberholz.de\/cms\/wp-json\/wp\/v2\/categories?post=3105"},{"taxonomy":"post_tag","embeddable":true,"href":"https:\/\/lfv-oberholz.de\/cms\/wp-json\/wp\/v2\/tags?post=3105"}],"curies":[{"name":"wp","href":"https:\/\/api.w.org\/{rel}","templated":true}]}}