{"id":3198,"date":"2017-07-17T14:46:49","date_gmt":"2017-07-17T12:46:49","guid":{"rendered":"http:\/\/lfv-oberholz.de\/cms\/?p=3198"},"modified":"2017-08-03T21:49:15","modified_gmt":"2017-08-03T19:49:15","slug":"olaf-ueber-gluecklich-sie-beim-schlaubetaltriathlon","status":"publish","type":"post","link":"https:\/\/lfv-oberholz.de\/cms\/olaf-ueber-gluecklich-sie-beim-schlaubetaltriathlon\/","title":{"rendered":"Olaf Ueber&#8230;-gl\u00fccklich, Sieg beim Schlaubetaltriathlon"},"content":{"rendered":"<p>&#8211; von Olaf Uebersch\u00e4r &#8211;<\/p>\n<p><img loading=\"lazy\" decoding=\"async\" class=\"alignnone size-medium wp-image-3200\" src=\"https:\/\/lfv-oberholz.de\/cms\/wp-content\/uploads\/facebook_1500297158923-166x300.jpg\" alt=\".facebook_1500297158923\" width=\"166\" height=\"300\" srcset=\"https:\/\/lfv-oberholz.de\/cms\/wp-content\/uploads\/facebook_1500297158923-166x300.jpg 166w, https:\/\/lfv-oberholz.de\/cms\/wp-content\/uploads\/facebook_1500297158923-568x1024.jpg 568w, https:\/\/lfv-oberholz.de\/cms\/wp-content\/uploads\/facebook_1500297158923.jpg 800w\" sizes=\"auto, (max-width: 166px) 100vw, 166px\" \/> Ein Bild sagt mehr als tausend Worte &#8230;<\/p>\n<p>16. Juli, Sieg beim 20. Schlaubetaltriathlon \u00fcber die olympische Distanz in 1h58. Das war echt ein emotionaler Moment f\u00fcr mich &#8211; vor einem Jahr h\u00e4tte ich nicht daran geglaubt, dass ich noch einmal zur\u00fcckkommen k\u00f6nnte nach meiner verletzungsbedingten Triathlon-Zwangspause 2016. Daher mein Fazit <!--more-->der vergangenen 12 Monate: Never give up! (Und das gilt \u00fcbrigens auch f\u00fcr Neoverbot, das mich heute zugegebenerma\u00dfen recht unerwartet und anfangs hart getroffen hatte, aber sogar &#8222;wirklich&#8220; schwimmen geht wieder). Danke an Thomas, Lars, Frank, Goetz f\u00fcr den tollen Fight und das gesamte Orga-Team des Tripoint FFO sowie Nic f\u00fcr die klasse Orga und Absicherung! Und danke, Coach Juli.<\/p>\n<p><img loading=\"lazy\" decoding=\"async\" class=\"alignnone size-medium wp-image-3199\" src=\"https:\/\/lfv-oberholz.de\/cms\/wp-content\/uploads\/facebook_1500297100688-300x175.jpg\" alt=\".facebook_1500297100688\" width=\"300\" height=\"175\" srcset=\"https:\/\/lfv-oberholz.de\/cms\/wp-content\/uploads\/facebook_1500297100688-300x175.jpg 300w, https:\/\/lfv-oberholz.de\/cms\/wp-content\/uploads\/facebook_1500297100688.jpg 960w\" sizes=\"auto, (max-width: 300px) 100vw, 300px\" \/><\/p>\n","protected":false},"excerpt":{"rendered":"<p>&#8211; von Olaf Uebersch\u00e4r &#8211; Ein Bild sagt mehr als tausend Worte &#8230; 16. Juli, Sieg beim 20. Schlaubetaltriathlon \u00fcber die olympische Distanz in 1h58. Das war echt ein emotionaler Moment f\u00fcr mich &#8211; vor einem Jahr h\u00e4tte ich nicht &hellip; <a href=\"https:\/\/lfv-oberholz.de\/cms\/olaf-ueber-gluecklich-sie-beim-schlaubetaltriathlon\/\">Weiterlesen <span class=\"meta-nav\">&rarr;<\/span><\/a><\/p>\n","protected":false},"author":6,"featured_media":0,"comment_status":"closed","ping_status":"closed","sticky":false,"template":"","format":"standard","meta":{"pgc_sgb_lightbox_settings":"","footnotes":""},"categories":[9],"tags":[],"class_list":["post-3198","post","type-post","status-publish","format-standard","hentry","category-triathlon"],"_links":{"self":[{"href":"https:\/\/lfv-oberholz.de\/cms\/wp-json\/wp\/v2\/posts\/3198","targetHints":{"allow":["GET"]}}],"collection":[{"href":"https:\/\/lfv-oberholz.de\/cms\/wp-json\/wp\/v2\/posts"}],"about":[{"href":"https:\/\/lfv-oberholz.de\/cms\/wp-json\/wp\/v2\/types\/post"}],"author":[{"embeddable":true,"href":"https:\/\/lfv-oberholz.de\/cms\/wp-json\/wp\/v2\/users\/6"}],"replies":[{"embeddable":true,"href":"https:\/\/lfv-oberholz.de\/cms\/wp-json\/wp\/v2\/comments?post=3198"}],"version-history":[{"count":0,"href":"https:\/\/lfv-oberholz.de\/cms\/wp-json\/wp\/v2\/posts\/3198\/revisions"}],"wp:attachment":[{"href":"https:\/\/lfv-oberholz.de\/cms\/wp-json\/wp\/v2\/media?parent=3198"}],"wp:term":[{"taxonomy":"category","embeddable":true,"href":"https:\/\/lfv-oberholz.de\/cms\/wp-json\/wp\/v2\/categories?post=3198"},{"taxonomy":"post_tag","embeddable":true,"href":"https:\/\/lfv-oberholz.de\/cms\/wp-json\/wp\/v2\/tags?post=3198"}],"curies":[{"name":"wp","href":"https:\/\/api.w.org\/{rel}","templated":true}]}}