{"id":3218,"date":"2017-07-17T14:15:00","date_gmt":"2017-07-17T12:15:00","guid":{"rendered":"http:\/\/lfv-oberholz.de\/cms\/?p=3218"},"modified":"2017-08-06T23:17:38","modified_gmt":"2017-08-06T21:17:38","slug":"erster-altersklassensieg-fuer-konni-mueller","status":"publish","type":"post","link":"https:\/\/lfv-oberholz.de\/cms\/erster-altersklassensieg-fuer-konni-mueller\/","title":{"rendered":"Erster Altersklassensieg f\u00fcr Konni M\u00fcller"},"content":{"rendered":"<p>Am 16. Juli, beim 18. Bismarckturm Crosslauf in Leipzig L\u00fctzschena,\u00a0 schaffte es unsere Konni erstmals in ihrer Altersklasse ganz nach oben auf&#8217;s Treppchen. Neben ihr nahmen Manfred Thomas und Lutz K\u00f6hler die Herausforderung des profilierten Crosslaufes im Leipziger Nordwesten auf sich. Dabei belegte auch Manfred einen Podestplatz. Lutz K\u00f6hler verfelte mit Platz vier nur knapp eine pers\u00f6nliche Ehrung. <!--more-->Gratulation.<\/p>\n<p>Hier die Ergebnisse:<\/p>\n<p>16,5 km<br \/>\n1:33:15 h, Lutz K\u00f6hler, 4. Platz AK M55<br \/>\n11 km<br \/>\n0:51:16 h, Manfred Thomas, 3.Platz AK M60<br \/>\n0:52:54 h, Kornelia M\u00fcller, 1. Platz AK W45<\/p>\n","protected":false},"excerpt":{"rendered":"<p>Am 16. Juli, beim 18. Bismarckturm Crosslauf in Leipzig L\u00fctzschena,\u00a0 schaffte es unsere Konni erstmals in ihrer Altersklasse ganz nach oben auf&#8217;s Treppchen. Neben ihr nahmen Manfred Thomas und Lutz K\u00f6hler die Herausforderung des profilierten Crosslaufes im Leipziger Nordwesten auf &hellip; <a href=\"https:\/\/lfv-oberholz.de\/cms\/erster-altersklassensieg-fuer-konni-mueller\/\">Weiterlesen <span class=\"meta-nav\">&rarr;<\/span><\/a><\/p>\n","protected":false},"author":8,"featured_media":0,"comment_status":"closed","ping_status":"closed","sticky":false,"template":"","format":"standard","meta":{"pgc_sgb_lightbox_settings":"","footnotes":""},"categories":[5],"tags":[],"class_list":["post-3218","post","type-post","status-publish","format-standard","hentry","category-leichtathletik"],"_links":{"self":[{"href":"https:\/\/lfv-oberholz.de\/cms\/wp-json\/wp\/v2\/posts\/3218","targetHints":{"allow":["GET"]}}],"collection":[{"href":"https:\/\/lfv-oberholz.de\/cms\/wp-json\/wp\/v2\/posts"}],"about":[{"href":"https:\/\/lfv-oberholz.de\/cms\/wp-json\/wp\/v2\/types\/post"}],"author":[{"embeddable":true,"href":"https:\/\/lfv-oberholz.de\/cms\/wp-json\/wp\/v2\/users\/8"}],"replies":[{"embeddable":true,"href":"https:\/\/lfv-oberholz.de\/cms\/wp-json\/wp\/v2\/comments?post=3218"}],"version-history":[{"count":0,"href":"https:\/\/lfv-oberholz.de\/cms\/wp-json\/wp\/v2\/posts\/3218\/revisions"}],"wp:attachment":[{"href":"https:\/\/lfv-oberholz.de\/cms\/wp-json\/wp\/v2\/media?parent=3218"}],"wp:term":[{"taxonomy":"category","embeddable":true,"href":"https:\/\/lfv-oberholz.de\/cms\/wp-json\/wp\/v2\/categories?post=3218"},{"taxonomy":"post_tag","embeddable":true,"href":"https:\/\/lfv-oberholz.de\/cms\/wp-json\/wp\/v2\/tags?post=3218"}],"curies":[{"name":"wp","href":"https:\/\/api.w.org\/{rel}","templated":true}]}}