{"id":3220,"date":"2017-07-10T15:15:47","date_gmt":"2017-07-10T13:15:47","guid":{"rendered":"http:\/\/lfv-oberholz.de\/cms\/?p=3220"},"modified":"2017-07-19T15:16:27","modified_gmt":"2017-07-19T13:16:27","slug":"challenge-roth-am-9-juli","status":"publish","type":"post","link":"https:\/\/lfv-oberholz.de\/cms\/challenge-roth-am-9-juli\/","title":{"rendered":"Challenge Roth am 9. Juli"},"content":{"rendered":"<p>mit Martin Wei\u00dfbach und Rene Schumann<\/p>\n<p>&#8211; von Martin Wei\u00dfbach &#8211; <img loading=\"lazy\" decoding=\"async\" class=\"alignnone size-medium wp-image-3232\" src=\"https:\/\/lfv-oberholz.de\/cms\/wp-content\/uploads\/FB_IMG_1500469641573-300x300.jpg\" alt=\"FB_IMG_1500469641573\" width=\"300\" height=\"300\" srcset=\"https:\/\/lfv-oberholz.de\/cms\/wp-content\/uploads\/FB_IMG_1500469641573-300x300.jpg 300w, https:\/\/lfv-oberholz.de\/cms\/wp-content\/uploads\/FB_IMG_1500469641573-150x150.jpg 150w, https:\/\/lfv-oberholz.de\/cms\/wp-content\/uploads\/FB_IMG_1500469641573-1024x1024.jpg 1024w, https:\/\/lfv-oberholz.de\/cms\/wp-content\/uploads\/FB_IMG_1500469641573.jpg 1080w\" sizes=\"auto, (max-width: 300px) 100vw, 300px\" \/><\/p>\n<p>Challenge Roth &#8211; 3,8km Schwimmen, 180km Radfahren, und 42,195km Laufen. Ich trat an, mit der Ambition durchzuhalten doch dann erreichte ich ein Finish mit neuer pers\u00f6nlicher Bestzeit und jeder Menge G\u00e4nsehaut. Es war &#8211; und es ist ein UNBESCHREIBLICHES GEF\u00dcHL. Es l\u00e4sst mein Herz noch jetzt &#8211; allein beim Gedanken an das Rennen &#8211; h\u00f6her und h\u00f6her schlagen. <!--more--><\/p>\n<p>Dieses Rennen war von Anfang bis Ende genau nach meinem Geschmack, das Wetter war Top, und die Menschen an der Strecke waren der Hammer. Es hatte Festival-Charakter. Und dabei f\u00fchlst du &#8211; es ist &#8222;dein Festival&#8220;. Beim laufen war der Ofen kurz aus &#8211; doch ich konnte das Feuer wieder entfachen und habe das Ding nachhause gebracht. Diesmal auch ohne irgendwelche Gehpausen &#8211; es war einer der geilsten Tage!!!<\/p>\n<p>Vielen Dank an alle Menschen, die mich in den letzten Tagen, Wochen und Monaten unterst\u00fctzt und ertragen haben.<\/p>\n<p>Dabei geht ein ganz besonders gro\u00dfer Dank an meine Nicky Trommont \ud83d\ude42<\/p>\n","protected":false},"excerpt":{"rendered":"<p>mit Martin Wei\u00dfbach und Rene Schumann &#8211; von Martin Wei\u00dfbach &#8211; Challenge Roth &#8211; 3,8km Schwimmen, 180km Radfahren, und 42,195km Laufen. Ich trat an, mit der Ambition durchzuhalten doch dann erreichte ich ein Finish mit neuer pers\u00f6nlicher Bestzeit und jeder &hellip; <a href=\"https:\/\/lfv-oberholz.de\/cms\/challenge-roth-am-9-juli\/\">Weiterlesen <span class=\"meta-nav\">&rarr;<\/span><\/a><\/p>\n","protected":false},"author":6,"featured_media":0,"comment_status":"closed","ping_status":"closed","sticky":false,"template":"","format":"standard","meta":{"pgc_sgb_lightbox_settings":"","footnotes":""},"categories":[9],"tags":[],"class_list":["post-3220","post","type-post","status-publish","format-standard","hentry","category-triathlon"],"_links":{"self":[{"href":"https:\/\/lfv-oberholz.de\/cms\/wp-json\/wp\/v2\/posts\/3220","targetHints":{"allow":["GET"]}}],"collection":[{"href":"https:\/\/lfv-oberholz.de\/cms\/wp-json\/wp\/v2\/posts"}],"about":[{"href":"https:\/\/lfv-oberholz.de\/cms\/wp-json\/wp\/v2\/types\/post"}],"author":[{"embeddable":true,"href":"https:\/\/lfv-oberholz.de\/cms\/wp-json\/wp\/v2\/users\/6"}],"replies":[{"embeddable":true,"href":"https:\/\/lfv-oberholz.de\/cms\/wp-json\/wp\/v2\/comments?post=3220"}],"version-history":[{"count":0,"href":"https:\/\/lfv-oberholz.de\/cms\/wp-json\/wp\/v2\/posts\/3220\/revisions"}],"wp:attachment":[{"href":"https:\/\/lfv-oberholz.de\/cms\/wp-json\/wp\/v2\/media?parent=3220"}],"wp:term":[{"taxonomy":"category","embeddable":true,"href":"https:\/\/lfv-oberholz.de\/cms\/wp-json\/wp\/v2\/categories?post=3220"},{"taxonomy":"post_tag","embeddable":true,"href":"https:\/\/lfv-oberholz.de\/cms\/wp-json\/wp\/v2\/tags?post=3220"}],"curies":[{"name":"wp","href":"https:\/\/api.w.org\/{rel}","templated":true}]}}