{"id":3228,"date":"2017-07-17T14:01:40","date_gmt":"2017-07-17T12:01:40","guid":{"rendered":"http:\/\/lfv-oberholz.de\/cms\/?p=3228"},"modified":"2017-08-07T00:02:54","modified_gmt":"2017-08-06T22:02:54","slug":"2-sparkassen-triday-am-stoermthaler-see","status":"publish","type":"post","link":"https:\/\/lfv-oberholz.de\/cms\/2-sparkassen-triday-am-stoermthaler-see\/","title":{"rendered":"2. Sparkassen TriDay am St\u00f6rmthaler See"},"content":{"rendered":"<p>Am 16. Juli fand der TriDay am &#8222;St\u00f6rmi&#8220; unter Top Triathlonbedingungen seine zweite Auflage. Die veranstaltenden Vereine konnten sich hier \u00fcber einen Teilnehmerzuwachs freuen. Insbesondere wird der Triathlon sehr gut von den Kindern angenommen. Hier war Elias Werner vom LFV Oberholz dabei und erk\u00e4mpfte sich einen Platz auf dem Siegerpodest. Beim Hauptwettkampf, Sprintdistanz f\u00fcr die Erwachsenen, holte sich Sebastian Pfl\u00fcger einen super zweiten Platz gesamt. Bianca und Rico Bogen <!--more-->(beide jetzt im Triathlon f\u00fcr SC DHfK startend) holen sich in den Jugendwettk\u00e4mpfen den ersten bzw. zweiten Platz in der Gesamtwertung.<\/p>\n<p>Wk 1 (0,05 km S &#8211; 1 km R &#8211; 0,2 km L)<br \/>\n0:07:28 h, Elias Werner, 4. Platz ges., 2. Platz AK MSD Jg.11<\/p>\n<p>Wk 5 (0,75 km S &#8211; 20 km R &#8211; 5 km L)<br \/>\n1:01:48 h, Rico Bogen, 2. Platz ges., 2. Platz AK MJA,<br \/>\n1:06:51 h, Bianca Bogen, 6. Platz ges., 1. Platz ges. w, 1. Platz AK WJu<\/p>\n<p>Wk 5 (0,75 km S &#8211; 20 km R &#8211; 5 km L)<br \/>\n1:03:35 h, Sebastian Pfl\u00fcger, 2. Platz ges., 1. Platz AK M25,<br \/>\n1:11:32 h, Marco Sander, 16. Platz ges., 3. Platz AK M30,<br \/>\n1:17:03 h, Gerrit Ryborz, 48. Platz ges., 47. Platz ges. m, 7. Platz AK M45<br \/>\n1:56:07 h, Ina Uebersch\u00e4r, 112. Platz ges., 19. Platz ges. w, 1. Platz AK W65<\/p>\n","protected":false},"excerpt":{"rendered":"<p>Am 16. Juli fand der TriDay am &#8222;St\u00f6rmi&#8220; unter Top Triathlonbedingungen seine zweite Auflage. Die veranstaltenden Vereine konnten sich hier \u00fcber einen Teilnehmerzuwachs freuen. Insbesondere wird der Triathlon sehr gut von den Kindern angenommen. Hier war Elias Werner vom LFV &hellip; <a href=\"https:\/\/lfv-oberholz.de\/cms\/2-sparkassen-triday-am-stoermthaler-see\/\">Weiterlesen <span class=\"meta-nav\">&rarr;<\/span><\/a><\/p>\n","protected":false},"author":8,"featured_media":0,"comment_status":"closed","ping_status":"closed","sticky":false,"template":"","format":"standard","meta":{"pgc_sgb_lightbox_settings":"","footnotes":""},"categories":[9],"tags":[],"class_list":["post-3228","post","type-post","status-publish","format-standard","hentry","category-triathlon"],"_links":{"self":[{"href":"https:\/\/lfv-oberholz.de\/cms\/wp-json\/wp\/v2\/posts\/3228","targetHints":{"allow":["GET"]}}],"collection":[{"href":"https:\/\/lfv-oberholz.de\/cms\/wp-json\/wp\/v2\/posts"}],"about":[{"href":"https:\/\/lfv-oberholz.de\/cms\/wp-json\/wp\/v2\/types\/post"}],"author":[{"embeddable":true,"href":"https:\/\/lfv-oberholz.de\/cms\/wp-json\/wp\/v2\/users\/8"}],"replies":[{"embeddable":true,"href":"https:\/\/lfv-oberholz.de\/cms\/wp-json\/wp\/v2\/comments?post=3228"}],"version-history":[{"count":0,"href":"https:\/\/lfv-oberholz.de\/cms\/wp-json\/wp\/v2\/posts\/3228\/revisions"}],"wp:attachment":[{"href":"https:\/\/lfv-oberholz.de\/cms\/wp-json\/wp\/v2\/media?parent=3228"}],"wp:term":[{"taxonomy":"category","embeddable":true,"href":"https:\/\/lfv-oberholz.de\/cms\/wp-json\/wp\/v2\/categories?post=3228"},{"taxonomy":"post_tag","embeddable":true,"href":"https:\/\/lfv-oberholz.de\/cms\/wp-json\/wp\/v2\/tags?post=3228"}],"curies":[{"name":"wp","href":"https:\/\/api.w.org\/{rel}","templated":true}]}}