{"id":3265,"date":"2017-08-02T23:05:12","date_gmt":"2017-08-02T21:05:12","guid":{"rendered":"http:\/\/lfv-oberholz.de\/cms\/?p=3265"},"modified":"2017-08-03T22:40:29","modified_gmt":"2017-08-03T20:40:29","slug":"2-salzland-sparkassen-triathlon-am-30-07-2017","status":"publish","type":"post","link":"https:\/\/lfv-oberholz.de\/cms\/2-salzland-sparkassen-triathlon-am-30-07-2017\/","title":{"rendered":"2. Salzland-Sparkassen-Triathlon am 30.07.2017"},"content":{"rendered":"<p>&#8211; von Ina Uebersch\u00e4r &#8211;<\/p>\n<p><img loading=\"lazy\" decoding=\"async\" class=\"alignnone  wp-image-3266\" src=\"https:\/\/lfv-oberholz.de\/cms\/wp-content\/uploads\/indexPZL7JH18-300x199.jpg\" alt=\"indexPZL7JH18\" width=\"395\" height=\"262\" srcset=\"https:\/\/lfv-oberholz.de\/cms\/wp-content\/uploads\/indexPZL7JH18-300x199.jpg 300w, https:\/\/lfv-oberholz.de\/cms\/wp-content\/uploads\/indexPZL7JH18.jpg 800w\" sizes=\"auto, (max-width: 395px) 100vw, 395px\" \/><br \/>\nFr\u00fcher fand in L\u00f6derburg bei Sta\u00dffurt j\u00e4hrlich der Gaensefurther-Triathlon statt. Es war ein sch\u00f6ner Wettkampf in der mitteldeutschen Region, so dass ich schon entt\u00e4uscht war, dass 2014 und 2015 am L\u00f6derburger See kein Triathlon mehr stattfand. Der <!--more-->Hauptsponsor hatte sich meines Wissens nach zur\u00fcckgezogen.<\/p>\n<p>Seit 2016 ist daf\u00fcr jetzt die Salzland-Sparkasse als Hauptsponsor eingetreten und so hei\u00dft der Triathlon jetzt Salzland-Sparkassen-Triathlon. In diesem fand er das zweite Mal statt. Die Fahrradstrecke und die Laufstrecke sind noch etwas sch\u00f6ner als fr\u00fcher, allerdings ist die Laufstrecke teilweise etwas crossig.<\/p>\n<p>Es wird eine Sprintdistanz und ein olympischer Triathon angeboten. Da die Athleten der olympischen Distanz 15 Minuten nach der Sprintwelle ins Wasser gehen, fiel gar nicht auf, dass ich in der Sprintwelle Letzte geworden bin ;-). Allerdings hat es f\u00fcr den AK-Sieg dennoch gereicht. Juliana kam bei der Gesamtwertung Sprint auf den 3. Platz (1. Platz in ihrer AK) und Beatrice konnte ebenfalls ihre AK im Sprint gewinnen.<\/p>\n<p>Auf der olympischen Distanz waren Olaf und Ren\u00e9 aktiv.<\/p>\n<p>Alle LFV-Triathleten haben die echte Hitzeschlacht (insbesondere beim Lauf) gut \u00fcberstanden. Olaf war in der Gesamtwertung sogar auf dem Treppchen (2. Platz). Olaf und Juliana sind jeweils mit einem sch\u00f6nen Pokal nach Leipzig zur\u00fcckgefahren und alle f\u00fcnf LFV`er Sportler mit einem zufriedenem Gef\u00fchl nach einem sch\u00f6nen Wettkampf.<\/p>\n<h3>Impressionen, weiterer Beitrag und Ergebnisse<\/h3>\n<p><img loading=\"lazy\" decoding=\"async\" class=\"alignnone size-medium wp-image-3267\" src=\"https:\/\/lfv-oberholz.de\/cms\/wp-content\/uploads\/P1030785-300x225.jpg\" alt=\"P1030785\" width=\"300\" height=\"225\" srcset=\"https:\/\/lfv-oberholz.de\/cms\/wp-content\/uploads\/P1030785-300x225.jpg 300w, https:\/\/lfv-oberholz.de\/cms\/wp-content\/uploads\/P1030785.jpg 1024w\" sizes=\"auto, (max-width: 300px) 100vw, 300px\" \/> <img loading=\"lazy\" decoding=\"async\" class=\"alignnone size-medium wp-image-3269\" src=\"https:\/\/lfv-oberholz.de\/cms\/wp-content\/uploads\/FB_IMG_1501779953327-220x300.jpg\" alt=\"FB_IMG_1501779953327\" width=\"220\" height=\"300\" srcset=\"https:\/\/lfv-oberholz.de\/cms\/wp-content\/uploads\/FB_IMG_1501779953327-220x300.jpg 220w, https:\/\/lfv-oberholz.de\/cms\/wp-content\/uploads\/FB_IMG_1501779953327.jpg 704w\" sizes=\"auto, (max-width: 220px) 100vw, 220px\" \/><\/p>\n<p>&#8211; von Olaf Uebersch\u00e4r &#8211;<\/p>\n<p>Triathlon olympisch in L\u00f6derburg &#8211; und endlich mal echtes Sommerwetter zum Wettkampf! Nur haben uns alle die 34 \u00b0C mit wahlweise Haarf\u00f6n-Wind bzw. gef\u00fchlt 90% Luftfeuchtigkeit dann doch etwas &#8222;klimatisch unvorbereitet&#8220; getroffen angesichts der zur\u00fcckliegenden Woche(n). Sei&#8217;s drum, es hat viel Spa\u00df gemacht und mehr als Platz 2 hinter Patrick Koburger war dann heute f\u00fcr mich wohl einfach nicht drin. Platz 3 geht an Eric M\u00fcller. Bei den Frauen gewinnt Manu S\u00fc\u00df. Beim Sprint war wieder Michael Wegricht eine Klasse f\u00fcr sich und gewinnt, Mario wird dort 4. Bei den Sprinterinnen gewinnt mit beeindruckender Vorgeschichte eine junge Dame vor Dr. Johanna Petzold und Juliana auf P3. Allen herzlichen Gl\u00fcckwunsch zur \u00fcberstandenen Hitzeschlacht, den &#8222;Hitzeopfern&#8220; gute Besserung und der Gaensefurther Sportbewegung herzlichen Dank f\u00fcr die sehr gelungene Wiederbelebung der Traditionsveranstaltung! Bis zum n\u00e4chsten Jahr! Wir kommen sehr gern wieder.<br \/>\n\ud83d\ude42<\/p>\n<p><img loading=\"lazy\" decoding=\"async\" class=\"alignnone  wp-image-3270\" src=\"https:\/\/lfv-oberholz.de\/cms\/wp-content\/uploads\/FB_IMG_1501779968199-300x205.jpg\" alt=\"FB_IMG_1501779968199\" width=\"331\" height=\"226\" srcset=\"https:\/\/lfv-oberholz.de\/cms\/wp-content\/uploads\/FB_IMG_1501779968199-300x205.jpg 300w, https:\/\/lfv-oberholz.de\/cms\/wp-content\/uploads\/FB_IMG_1501779968199.jpg 960w\" sizes=\"auto, (max-width: 331px) 100vw, 331px\" \/> <img loading=\"lazy\" decoding=\"async\" class=\"alignnone size-medium wp-image-3268\" src=\"https:\/\/lfv-oberholz.de\/cms\/wp-content\/uploads\/P1030795-300x225.jpg\" alt=\"P1030795\" width=\"300\" height=\"225\" srcset=\"https:\/\/lfv-oberholz.de\/cms\/wp-content\/uploads\/P1030795-300x225.jpg 300w, https:\/\/lfv-oberholz.de\/cms\/wp-content\/uploads\/P1030795.jpg 1024w\" sizes=\"auto, (max-width: 300px) 100vw, 300px\" \/><\/p>\n<h3>Die LFV-Ergebnisse<\/h3>\n<p>Olympische Distanz<\/p>\n<p>2. Platz ges., Dr. Olaf Uebersch\u00e4r, 1. Platz AK M30, 2:00:06 h,<br \/>\nswim 0:25:27 h (6.), bike 0:59:56 h (4.), run 0:34:33 h (1.)<\/p>\n<p>19. Platz ges.,\u00a0Ren\u00e9 Schumann, 18. Platz ges. m, 6. Platz AK M35, 2:20:31 h,<br \/>\nswim 0:29:29 h (28.), bike 1:04:25 h (21.), run 0:46:37 h (21.)<\/p>\n<p>Jedermann<\/p>\n<p>46. Platz ges., Juliana Kopplin Uebersch\u00e4r, 3. Platz ges. w, 1. Platz AK W30, 1:31:21 h,<br \/>\nswim 0:14:31 h (27.), bike 0:49:23 h (50.), run 0:27:27 h (37.)<\/p>\n<p>53. Platz ges., Beatrice Schumann, 6. Platz ges. w, 1. Platz AK W40, 1:39:24 h,<br \/>\nswim 0:18:05 h (52.), bike 0:48:35 h (48.), run 0:32:44 h (49.)<\/p>\n<p>55. Platz ges., Dr. Ina Uebersch\u00e4r, 7. Platz ges. w, 1. Platz AK W65, 1:59:06 h,<br \/>\nswim 0:19:46 h (55.), bike 0:59:37 h (54.), run 0:39:43 h (54.)<\/p>\n<h3>Alle Ergebnisse findet ihr <a href=\"http:\/\/www.gaensefurther-sportbewegung.de\/2141-0-Ergebnisse.html\">hier<\/a>.<\/h3>\n","protected":false},"excerpt":{"rendered":"<p>&#8211; von Ina Uebersch\u00e4r &#8211; Fr\u00fcher fand in L\u00f6derburg bei Sta\u00dffurt j\u00e4hrlich der Gaensefurther-Triathlon statt. Es war ein sch\u00f6ner Wettkampf in der mitteldeutschen Region, so dass ich schon entt\u00e4uscht war, dass 2014 und 2015 am L\u00f6derburger See kein Triathlon mehr &hellip; <a href=\"https:\/\/lfv-oberholz.de\/cms\/2-salzland-sparkassen-triathlon-am-30-07-2017\/\">Weiterlesen <span class=\"meta-nav\">&rarr;<\/span><\/a><\/p>\n","protected":false},"author":6,"featured_media":0,"comment_status":"closed","ping_status":"closed","sticky":false,"template":"","format":"standard","meta":{"pgc_sgb_lightbox_settings":"","footnotes":""},"categories":[9],"tags":[],"class_list":["post-3265","post","type-post","status-publish","format-standard","hentry","category-triathlon"],"_links":{"self":[{"href":"https:\/\/lfv-oberholz.de\/cms\/wp-json\/wp\/v2\/posts\/3265","targetHints":{"allow":["GET"]}}],"collection":[{"href":"https:\/\/lfv-oberholz.de\/cms\/wp-json\/wp\/v2\/posts"}],"about":[{"href":"https:\/\/lfv-oberholz.de\/cms\/wp-json\/wp\/v2\/types\/post"}],"author":[{"embeddable":true,"href":"https:\/\/lfv-oberholz.de\/cms\/wp-json\/wp\/v2\/users\/6"}],"replies":[{"embeddable":true,"href":"https:\/\/lfv-oberholz.de\/cms\/wp-json\/wp\/v2\/comments?post=3265"}],"version-history":[{"count":0,"href":"https:\/\/lfv-oberholz.de\/cms\/wp-json\/wp\/v2\/posts\/3265\/revisions"}],"wp:attachment":[{"href":"https:\/\/lfv-oberholz.de\/cms\/wp-json\/wp\/v2\/media?parent=3265"}],"wp:term":[{"taxonomy":"category","embeddable":true,"href":"https:\/\/lfv-oberholz.de\/cms\/wp-json\/wp\/v2\/categories?post=3265"},{"taxonomy":"post_tag","embeddable":true,"href":"https:\/\/lfv-oberholz.de\/cms\/wp-json\/wp\/v2\/tags?post=3265"}],"curies":[{"name":"wp","href":"https:\/\/api.w.org\/{rel}","templated":true}]}}