{"id":3275,"date":"2017-08-02T22:36:05","date_gmt":"2017-08-02T20:36:05","guid":{"rendered":"http:\/\/lfv-oberholz.de\/cms\/?p=3275"},"modified":"2017-08-04T00:22:51","modified_gmt":"2017-08-03T22:22:51","slug":"pannenhexe-beim-32-mueritz-triathlon-am-29-juli","status":"publish","type":"post","link":"https:\/\/lfv-oberholz.de\/cms\/pannenhexe-beim-32-mueritz-triathlon-am-29-juli\/","title":{"rendered":"Pannenhexe beim 32. M\u00fcritz Triathlon am 29. Juli"},"content":{"rendered":"<p>War wohl alles etwas aus der Spur geraten.<\/p>\n<p>Im Vorfeld wollten die Sportfreunde H\u00e4usler und Bauer mit Familien einen gemeinsamen Kurzurlaub auf dem Campingplatz Kamerun von Waren-M\u00fcritz machen. Da war doch der Wohnwagen von H\u00e4uslers, im wahrsten Sinne des Wortes, einfach verottet. Also traten Andrea, J\u00f6rg mit Pascal den Urlaub ohne sie an.<br \/>\n<img loading=\"lazy\" decoding=\"async\" class=\"alignnone size-medium wp-image-3281\" src=\"https:\/\/lfv-oberholz.de\/cms\/wp-content\/uploads\/FB_IMG_1501797517215-300x225.jpg\" alt=\"FB_IMG_1501797517215\" width=\"300\" height=\"225\" srcset=\"https:\/\/lfv-oberholz.de\/cms\/wp-content\/uploads\/FB_IMG_1501797517215-300x225.jpg 300w, https:\/\/lfv-oberholz.de\/cms\/wp-content\/uploads\/FB_IMG_1501797517215.jpg 960w\" sizes=\"auto, (max-width: 300px) 100vw, 300px\" \/> <img loading=\"lazy\" decoding=\"async\" class=\"alignnone size-medium wp-image-3282\" src=\"https:\/\/lfv-oberholz.de\/cms\/wp-content\/uploads\/FB_IMG_1501797531162-300x225.jpg\" alt=\"FB_IMG_1501797531162\" width=\"300\" height=\"225\" srcset=\"https:\/\/lfv-oberholz.de\/cms\/wp-content\/uploads\/FB_IMG_1501797531162-300x225.jpg 300w, https:\/\/lfv-oberholz.de\/cms\/wp-content\/uploads\/FB_IMG_1501797531162.jpg 960w\" sizes=\"auto, (max-width: 300px) 100vw, 300px\" \/><br \/>\nDann immer wieder reichlich Regen (\u00fcber ganz Deutschland) im Vorfeld und drei gro\u00dfe Fragezeichen, wird der Triathlon wie 2011 ins Wasser fallen??? <!--more-->2011 stand der ganze Wechselbereich unter Wasser.<br \/>\n<img loading=\"lazy\" decoding=\"async\" class=\"alignnone size-medium wp-image-3286\" src=\"https:\/\/lfv-oberholz.de\/cms\/wp-content\/uploads\/FB_IMG_1501797789282-300x225.jpg\" alt=\"FB_IMG_1501797789282\" width=\"300\" height=\"225\" srcset=\"https:\/\/lfv-oberholz.de\/cms\/wp-content\/uploads\/FB_IMG_1501797789282-300x225.jpg 300w, https:\/\/lfv-oberholz.de\/cms\/wp-content\/uploads\/FB_IMG_1501797789282.jpg 960w\" sizes=\"auto, (max-width: 300px) 100vw, 300px\" \/> <img loading=\"lazy\" decoding=\"async\" class=\"alignnone size-medium wp-image-3283\" src=\"https:\/\/lfv-oberholz.de\/cms\/wp-content\/uploads\/FB_IMG_1501797553328-300x225.jpg\" alt=\"FB_IMG_1501797553328\" width=\"300\" height=\"225\" srcset=\"https:\/\/lfv-oberholz.de\/cms\/wp-content\/uploads\/FB_IMG_1501797553328-300x225.jpg 300w, https:\/\/lfv-oberholz.de\/cms\/wp-content\/uploads\/FB_IMG_1501797553328.jpg 960w\" sizes=\"auto, (max-width: 300px) 100vw, 300px\" \/><br \/>\nDie Wetterprognose f\u00fcr&#8217;s Wochenende sah eigentlich ganz vielversprechend aus und der Veranstalter k\u00fcndigte die Durchf\u00fchrung des diesj\u00e4hrigen M\u00fcritz-Triathlons an. Also reisten Heiko H\u00e4usler (alleine) und\u00a0<img loading=\"lazy\" decoding=\"async\" class=\"alignnone size-medium wp-image-3284\" src=\"https:\/\/lfv-oberholz.de\/cms\/wp-content\/uploads\/FB_IMG_1501797771490-300x225.jpg\" alt=\"FB_IMG_1501797771490\" width=\"300\" height=\"225\" srcset=\"https:\/\/lfv-oberholz.de\/cms\/wp-content\/uploads\/FB_IMG_1501797771490-300x225.jpg 300w, https:\/\/lfv-oberholz.de\/cms\/wp-content\/uploads\/FB_IMG_1501797771490.jpg 960w\" sizes=\"auto, (max-width: 300px) 100vw, 300px\" \/> Marc Werner mit Sohnemann Elias dann doch am Freitag an. Auch Marc wollte urspr\u00fcnglich mit ganzer Familie kommen. Am Nachmittag lie\u00df der Regen wieder nicht lange auf sich warten. Gerade die Zelte waren aufgebaut, da zog der n\u00e4chste, zum Gl\u00fcck nur kurz anhaltende Schauer durch. Heiko und Marc holten in Begeitung von J\u00f6rg, Pascal und Elias ihre Startunterlagen bei der traditionellen Nudelparty ab. Ein Lob hier mal an den Veranstalter. Die Nudeln schmeckten gut und es wurden alle satt, kostenlos satt\u00a0 \ud83d\ude42<br \/>\n<img loading=\"lazy\" decoding=\"async\" class=\"alignnone size-medium wp-image-3285\" src=\"https:\/\/lfv-oberholz.de\/cms\/wp-content\/uploads\/FB_IMG_1501797780245-225x300.jpg\" alt=\"FB_IMG_1501797780245\" width=\"225\" height=\"300\" srcset=\"https:\/\/lfv-oberholz.de\/cms\/wp-content\/uploads\/FB_IMG_1501797780245-225x300.jpg 225w, https:\/\/lfv-oberholz.de\/cms\/wp-content\/uploads\/FB_IMG_1501797780245.jpg 720w\" sizes=\"auto, (max-width: 225px) 100vw, 225px\" \/><\/p>\n<p>Am Sonnabendmorgen startete der Jedermanntriathlon in zwei Wellen. Die von beiden angemeldete Mitteldistanz war erst f\u00fcr 12.00 Uhr angesetzt. Also konnten sich Heiko und Marc ganz in Ruhe f\u00fcr ihren bevorstehenden Wettkampf fertig machen. Heiko machte sich wirklich etwas fertig. Der Windwind des Vortages hatte gedreht und blies jetzt aus s\u00fcdlicher Richtung, offen von der M\u00fcritz in die Binnenm\u00fcritz hinein, genau auf die Schwimmstrecke hinzu. Die scheinbar kleinen Wellen bereiteten Heiko bereits beim Einschwimmen Schwierigkeiten. Er verschluckte scih mehrfach.. Aus Sicherheitsgr\u00fcnden und Vernunft verzichtete Heiko auf den Start. Als nicht so guter Schwimmer, tat er gut so. Die Wellen waren auf der See dann doch enorm h\u00f6her, so dass einige Triathleten sich mit Orientierung und Durchkommen schwer taten. Zu schwimmen waren immerhin 2 km auf einem 2x zu bew\u00e4ltigenden 1 km Rundkurs.<br \/>\n<img loading=\"lazy\" decoding=\"async\" class=\"alignnone size-medium wp-image-3276\" src=\"https:\/\/lfv-oberholz.de\/cms\/wp-content\/uploads\/FB_IMG_1501751432695-300x224.jpg\" alt=\"FB_IMG_1501751432695\" width=\"300\" height=\"224\" srcset=\"https:\/\/lfv-oberholz.de\/cms\/wp-content\/uploads\/FB_IMG_1501751432695-300x224.jpg 300w, https:\/\/lfv-oberholz.de\/cms\/wp-content\/uploads\/FB_IMG_1501751432695-1024x768.jpg 1024w, https:\/\/lfv-oberholz.de\/cms\/wp-content\/uploads\/FB_IMG_1501751432695.jpg 1040w\" sizes=\"auto, (max-width: 300px) 100vw, 300px\" \/>\u00a0Marc kam als 29. aus der esten Runde. Andrea, J\u00f6rg und die Kinder warteten vergebens auf Heiko. Unwissend von seinem Nichtantritt, dachten sie ihn verpasst zu haben. Als 21. kam Marc nach Runde zwei aus dem Wasser in den Wechselgarten. Dabei schweiften die Blicke doch auf die Gegenseite der kurzen Lauftrecke zum Wechsel hin und da stand doch einer der wie Heiko aussah, und auch Heiko war. Marc machte sich z\u00fcgig auf seine 80 km lange Radstrecke. Andrea und J\u00f6rg fuhren gemeinsam an den Wendepunkt des Zweirundenkurses und warteten auf die ersten Athleten. Den Europameister Michael Realert verpasst, m\u00fcsste dann ja bald Marc von Runde 1 zur\u00fcck sein. Dem war nicht so.<\/p>\n<p>&#8211; von Marc Werner &#8211;<br \/>\n&#8222;Die Mitteldistanz und meiner Einer vertragen sich einfach nicht \ud83d\ude41<br \/>\nDieses Mal war es ein Platten bei km 35. Nach kurzem Selbstbedauern, dann doch noch den Reifen in gef\u00fchlten Ewigkeiten gewechselt und mit schwammigen 2bar motivierende \u00dcberholorgie gestartet. Ins Laufen dann als 54. rein, &#8230;&#8220;<\/p>\n<p>Marc hatte auf der Radstrecke noch Zweifel, das Ding bis zum Ende durchzuziehen. Deshalb war es gut, dass J\u00f6rg mit Marc&#8217;s Sohnemann Elias und Pascal an der Strecke ausharte, um ihn anzufeuern. Nach letzter Durchfahrt begaben sie sich noch gemeinsam an die Laufstrecke in N\u00e4he des Warener Hafens. Heiko kam unterst\u00fctzend auch noch dazu. Somit konnten sie zu viert alle Triathleten und ins besondere Marc mit Rasseln und Zurufen motivieren.<\/p>\n<p>Kr\u00f6nend und beeindruckend war dann der Zieleinlauf von Marc. Gemeinsam mit Elias und Pascal im Schlepptau lief er durch das Zieltor.<\/p>\n<p>&#8211; von Marc Werner &#8211;<br \/>\n&#8222;&#8230; Ins Laufen dann als 54. rein, habe ich mich am Ende noch auf einen entt\u00e4uschenden 19. Platz geschoben. DNF ist nicht meine Art und so wird es unter hartem Training verbucht:). Danke an meine mentalen Unterst\u00fctzer an der Strecke ;). Danke auch an das Orgateam des M\u00fcritztriathlon f\u00fcr die sch\u00f6ne und top durchgef\u00fchrte Veranstaltung &#8211; Ich komme wieder!&#8220;<br \/>\n<img loading=\"lazy\" decoding=\"async\" class=\"alignnone size-medium wp-image-3277\" src=\"https:\/\/lfv-oberholz.de\/cms\/wp-content\/uploads\/FB_IMG_1501751450459-168x300.jpg\" alt=\"FB_IMG_1501751450459\" width=\"168\" height=\"300\" srcset=\"https:\/\/lfv-oberholz.de\/cms\/wp-content\/uploads\/FB_IMG_1501751450459-168x300.jpg 168w, https:\/\/lfv-oberholz.de\/cms\/wp-content\/uploads\/FB_IMG_1501751450459-576x1024.jpg 576w, https:\/\/lfv-oberholz.de\/cms\/wp-content\/uploads\/FB_IMG_1501751450459.jpg 720w\" sizes=\"auto, (max-width: 168px) 100vw, 168px\" \/> Elias begleitet Papa einige Meter auf der Laufstrecke<\/p>\n<p>Mehrfach holte die LFV-er das Pech ein. Aber wie Marc schon sagte, wir kommen wieder.!. Vielleicht schon im kommenden Jahr, &#8230; vielleicht mit Verst\u00e4rkung \ud83d\ude42<\/p>\n<p><img loading=\"lazy\" decoding=\"async\" class=\"alignnone size-medium wp-image-3278\" src=\"https:\/\/lfv-oberholz.de\/cms\/wp-content\/uploads\/FB_IMG_1501751459994-224x300.jpg\" alt=\"FB_IMG_1501751459994\" width=\"224\" height=\"300\" srcset=\"https:\/\/lfv-oberholz.de\/cms\/wp-content\/uploads\/FB_IMG_1501751459994-224x300.jpg 224w, https:\/\/lfv-oberholz.de\/cms\/wp-content\/uploads\/FB_IMG_1501751459994-768x1024.jpg 768w, https:\/\/lfv-oberholz.de\/cms\/wp-content\/uploads\/FB_IMG_1501751459994.jpg 780w\" sizes=\"auto, (max-width: 224px) 100vw, 224px\" \/> 4:06:14 h, Marc Werner, 19. Platz ges., 2, Platz TM 30,<br \/>\nswim 0:32:56 h (19.), bike 2:12:57 h (64.), run 1:18:00 h (6.)<\/p>\n","protected":false},"excerpt":{"rendered":"<p>War wohl alles etwas aus der Spur geraten. Im Vorfeld wollten die Sportfreunde H\u00e4usler und Bauer mit Familien einen gemeinsamen Kurzurlaub auf dem Campingplatz Kamerun von Waren-M\u00fcritz machen. Da war doch der Wohnwagen von H\u00e4uslers, im wahrsten Sinne des Wortes, &hellip; <a href=\"https:\/\/lfv-oberholz.de\/cms\/pannenhexe-beim-32-mueritz-triathlon-am-29-juli\/\">Weiterlesen <span class=\"meta-nav\">&rarr;<\/span><\/a><\/p>\n","protected":false},"author":6,"featured_media":0,"comment_status":"closed","ping_status":"closed","sticky":false,"template":"","format":"standard","meta":{"pgc_sgb_lightbox_settings":"","footnotes":""},"categories":[9],"tags":[],"class_list":["post-3275","post","type-post","status-publish","format-standard","hentry","category-triathlon"],"_links":{"self":[{"href":"https:\/\/lfv-oberholz.de\/cms\/wp-json\/wp\/v2\/posts\/3275","targetHints":{"allow":["GET"]}}],"collection":[{"href":"https:\/\/lfv-oberholz.de\/cms\/wp-json\/wp\/v2\/posts"}],"about":[{"href":"https:\/\/lfv-oberholz.de\/cms\/wp-json\/wp\/v2\/types\/post"}],"author":[{"embeddable":true,"href":"https:\/\/lfv-oberholz.de\/cms\/wp-json\/wp\/v2\/users\/6"}],"replies":[{"embeddable":true,"href":"https:\/\/lfv-oberholz.de\/cms\/wp-json\/wp\/v2\/comments?post=3275"}],"version-history":[{"count":0,"href":"https:\/\/lfv-oberholz.de\/cms\/wp-json\/wp\/v2\/posts\/3275\/revisions"}],"wp:attachment":[{"href":"https:\/\/lfv-oberholz.de\/cms\/wp-json\/wp\/v2\/media?parent=3275"}],"wp:term":[{"taxonomy":"category","embeddable":true,"href":"https:\/\/lfv-oberholz.de\/cms\/wp-json\/wp\/v2\/categories?post=3275"},{"taxonomy":"post_tag","embeddable":true,"href":"https:\/\/lfv-oberholz.de\/cms\/wp-json\/wp\/v2\/tags?post=3275"}],"curies":[{"name":"wp","href":"https:\/\/api.w.org\/{rel}","templated":true}]}}