{"id":3528,"date":"2017-11-06T19:50:14","date_gmt":"2017-11-06T18:50:14","guid":{"rendered":"http:\/\/lfv-oberholz.de\/cms\/?p=3528"},"modified":"2025-01-04T12:53:09","modified_gmt":"2025-01-04T11:53:09","slug":"herbstwaldlauf-im-leipziger-rosental-am-4-november","status":"publish","type":"post","link":"https:\/\/lfv-oberholz.de\/cms\/herbstwaldlauf-im-leipziger-rosental-am-4-november\/","title":{"rendered":"Herbstwaldlauf im Leipziger Rosental am 4. November"},"content":{"rendered":"<p>Klein aber oho &#8211; sehr gern starten unsere Kinder beim Herbstcrosslauf des Leipziger Ski-Club e.V.. Angenehmes Wetter, k\u00fchle Temperatur und trocken waren opzimale Bedingungen f\u00fcr einen sch\u00f6nen Lauf. Zehnmannstark trat der LFV hier an und konnte einige Podestpl\u00e4tze erklimmen. <!--more--><\/p>\n<p>Wir gratulieren zu folgenden Ergebnissen:<\/p>\n<p>7,5 km<br \/>\n1. Platz Herren \u00fc30 Marc Werner, 30:21,4 min, 1. Platz ges.<br \/>\n2. Platz Herren Marco Sander, 34:26,6 min, 4. Platz ges.<\/p>\n<p>4,5 km<br \/>\n3. Platz Damen \u00fc30 Diana Werner, 28:35,9 min<\/p>\n<p>3km<br \/>\n2. Platz AK 13 m Pe. Ni., 14:50,9 min<br \/>\n3. Platz AK 12w Lucia Menzel, 16:42,8 min<\/p>\n<p>1,5 km<br \/>\n3. Platz AK 7m Emil Kriemann, 7:54,0 min<br \/>\n4. Platz AK 8w Viviane Kempe, 8:12,6 min<br \/>\n4. Platz AK 7w Elise Menzel, 8:29,8 min<\/p>\n<p>0,5 km Bambinilauf<br \/>\n1. Platz m Elias Werner, 1:37,7 min<br \/>\n3. Platz m <a href=\"https:\/\/lfv-oberholz.de\/cms\/athleten\/bauer-pascal\/\">Pascal Bauer<\/a>, 1:55,9 min<\/p>\n","protected":false},"excerpt":{"rendered":"<p>Klein aber oho &#8211; sehr gern starten unsere Kinder beim Herbstcrosslauf des Leipziger Ski-Club e.V.. Angenehmes Wetter, k\u00fchle Temperatur und trocken waren opzimale Bedingungen f\u00fcr einen sch\u00f6nen Lauf. Zehnmannstark trat der LFV hier an und konnte einige Podestpl\u00e4tze erklimmen.<\/p>\n","protected":false},"author":8,"featured_media":0,"comment_status":"closed","ping_status":"closed","sticky":false,"template":"","format":"standard","meta":{"pgc_sgb_lightbox_settings":"","footnotes":""},"categories":[5],"tags":[],"class_list":["post-3528","post","type-post","status-publish","format-standard","hentry","category-leichtathletik"],"_links":{"self":[{"href":"https:\/\/lfv-oberholz.de\/cms\/wp-json\/wp\/v2\/posts\/3528","targetHints":{"allow":["GET"]}}],"collection":[{"href":"https:\/\/lfv-oberholz.de\/cms\/wp-json\/wp\/v2\/posts"}],"about":[{"href":"https:\/\/lfv-oberholz.de\/cms\/wp-json\/wp\/v2\/types\/post"}],"author":[{"embeddable":true,"href":"https:\/\/lfv-oberholz.de\/cms\/wp-json\/wp\/v2\/users\/8"}],"replies":[{"embeddable":true,"href":"https:\/\/lfv-oberholz.de\/cms\/wp-json\/wp\/v2\/comments?post=3528"}],"version-history":[{"count":1,"href":"https:\/\/lfv-oberholz.de\/cms\/wp-json\/wp\/v2\/posts\/3528\/revisions"}],"predecessor-version":[{"id":20478,"href":"https:\/\/lfv-oberholz.de\/cms\/wp-json\/wp\/v2\/posts\/3528\/revisions\/20478"}],"wp:attachment":[{"href":"https:\/\/lfv-oberholz.de\/cms\/wp-json\/wp\/v2\/media?parent=3528"}],"wp:term":[{"taxonomy":"category","embeddable":true,"href":"https:\/\/lfv-oberholz.de\/cms\/wp-json\/wp\/v2\/categories?post=3528"},{"taxonomy":"post_tag","embeddable":true,"href":"https:\/\/lfv-oberholz.de\/cms\/wp-json\/wp\/v2\/tags?post=3528"}],"curies":[{"name":"wp","href":"https:\/\/api.w.org\/{rel}","templated":true}]}}