{"id":398,"date":"2014-11-07T23:03:36","date_gmt":"2014-11-07T22:03:36","guid":{"rendered":"http:\/\/lfv-oberholz.de\/cms\/?p=398"},"modified":"2014-11-09T22:40:41","modified_gmt":"2014-11-09T21:40:41","slug":"herbert-gessner-lauf-am-2-november-in-bad-duerrenberg","status":"publish","type":"post","link":"https:\/\/lfv-oberholz.de\/cms\/herbert-gessner-lauf-am-2-november-in-bad-duerrenberg\/","title":{"rendered":"Herbert-Ge\u00dfner-Lauf am 2. November in Bad D\u00fcrrenberg"},"content":{"rendered":"<p>Am Folgetag des Fockeberglaufes fuhr ich gemeinsam mit Julien \u00fcber die Landesgrenze nach Sachen Anhalt. Die Wintersportler der SG Bad D\u00fcrrenberg luden zu ihrem Herbstcrosslauf ein.<br \/>\nDer Herbert Ge\u00dfner-Lauf war eine fast famili\u00e4re Veranstaltung. Neben uns zwei G\u00e4sten aus Sachsen, nutzten die Skil\u00e4ufer der gastgebenden Gemeinde Bad D\u00fcrrenberg, von Hasselfelde, K\u00f6then, Leuna, Naumburg und Wernigerode den Cross als Saisonvorbereitung und Leistungsvergleich.<!--more--><br \/>\nDie Strecke von 0,8, 1,5, 2,5, 5,2 und 10,4 km f\u00fchrten zum Teil durch Obstplantagen am Flussbett der Saale entlang. Als Rahmenveranstaltung zum Lauf gab es noch eine 5,2 km lange Walkingrunde. Damit war f\u00fcr jedes Leistungsspektrum was geboten.<br \/>\nIch mit \u201eHackeweh\u201c und schweren Beinen von gestern, Julien au\u00dfer Fu\u00dfballtraining ohne Laufeinheiten, nicht die beste Voraussetzung f\u00fcr einen tollen Lauf. Meine ersten Meter waren echt schwer. Nach einem halben Kilometer,\u00a0 kam ich gut in Tritt. Die profilierte erste 5 km-Runde fast geschafft, verlie\u00dfen mich dann allm\u00e4hlich die Kr\u00e4fte. Die zweite Runde war fast 3 Minuten langsamer. Ersch\u00f6pft, bis ins Ziel gek\u00e4mpft, hatte ich zumindest dieses Wochenende zwei harte Trainingseinheiten absolviert. Julien konnte entspannt in seiner Startgruppe mitgehen. Ohne Konkurrenz in seiner Klasse lief er auf den ersten Platz.<br \/>\nLetztlich schafften wir es zu folgenden Platzierungen:<\/p>\n<p>Julien, 1. Platz AK U16m, auf 5,2 km in 0:25:02,3 h,<br \/>\nJ\u00f6rg, 4. Platz AK Herren ab 41, auf 10,4 km in 0:49:39,6 h<\/p>\n<p>&#8211; von J\u00f6rg Bauer &#8211;<\/p>\n","protected":false},"excerpt":{"rendered":"<p>Am Folgetag des Fockeberglaufes fuhr ich gemeinsam mit Julien \u00fcber die Landesgrenze nach Sachen Anhalt. Die Wintersportler der SG Bad D\u00fcrrenberg luden zu ihrem Herbstcrosslauf ein. Der Herbert Ge\u00dfner-Lauf war eine fast famili\u00e4re Veranstaltung. Neben uns zwei G\u00e4sten aus Sachsen, &hellip; <a href=\"https:\/\/lfv-oberholz.de\/cms\/herbert-gessner-lauf-am-2-november-in-bad-duerrenberg\/\">Weiterlesen <span class=\"meta-nav\">&rarr;<\/span><\/a><\/p>\n","protected":false},"author":6,"featured_media":0,"comment_status":"closed","ping_status":"closed","sticky":false,"template":"","format":"standard","meta":{"pgc_sgb_lightbox_settings":"","footnotes":""},"categories":[1,5],"tags":[],"class_list":["post-398","post","type-post","status-publish","format-standard","hentry","category-allgemein","category-leichtathletik"],"_links":{"self":[{"href":"https:\/\/lfv-oberholz.de\/cms\/wp-json\/wp\/v2\/posts\/398","targetHints":{"allow":["GET"]}}],"collection":[{"href":"https:\/\/lfv-oberholz.de\/cms\/wp-json\/wp\/v2\/posts"}],"about":[{"href":"https:\/\/lfv-oberholz.de\/cms\/wp-json\/wp\/v2\/types\/post"}],"author":[{"embeddable":true,"href":"https:\/\/lfv-oberholz.de\/cms\/wp-json\/wp\/v2\/users\/6"}],"replies":[{"embeddable":true,"href":"https:\/\/lfv-oberholz.de\/cms\/wp-json\/wp\/v2\/comments?post=398"}],"version-history":[{"count":0,"href":"https:\/\/lfv-oberholz.de\/cms\/wp-json\/wp\/v2\/posts\/398\/revisions"}],"wp:attachment":[{"href":"https:\/\/lfv-oberholz.de\/cms\/wp-json\/wp\/v2\/media?parent=398"}],"wp:term":[{"taxonomy":"category","embeddable":true,"href":"https:\/\/lfv-oberholz.de\/cms\/wp-json\/wp\/v2\/categories?post=398"},{"taxonomy":"post_tag","embeddable":true,"href":"https:\/\/lfv-oberholz.de\/cms\/wp-json\/wp\/v2\/tags?post=398"}],"curies":[{"name":"wp","href":"https:\/\/api.w.org\/{rel}","templated":true}]}}