{"id":4514,"date":"2018-03-03T23:53:44","date_gmt":"2018-03-03T22:53:44","guid":{"rendered":"http:\/\/lfv-oberholz.de\/cms\/?p=4514"},"modified":"2018-03-15T22:53:38","modified_gmt":"2018-03-15T21:53:38","slug":"bei-frost-am-fockeberg-3-maerz-2018","status":"publish","type":"post","link":"https:\/\/lfv-oberholz.de\/cms\/bei-frost-am-fockeberg-3-maerz-2018\/","title":{"rendered":"Bei Frost am Fockeberg \/ 3. M\u00e4rz 2018"},"content":{"rendered":"<p>&#8211; von J\u00f6rg Bauer &#8211;<\/p>\n<p><a href=\"https:\/\/lfv-oberholz.de\/cms\/wp-content\/uploads\/FB_IMG_1520105246801.jpg\"><img loading=\"lazy\" decoding=\"async\" class=\"alignleft wp-image-4517 size-medium\" src=\"https:\/\/lfv-oberholz.de\/cms\/wp-content\/uploads\/FB_IMG_1520105246801-300x200.jpg\" alt=\"FB_IMG_1520105246801\" width=\"300\" height=\"200\" srcset=\"https:\/\/lfv-oberholz.de\/cms\/wp-content\/uploads\/FB_IMG_1520105246801-300x200.jpg 300w, https:\/\/lfv-oberholz.de\/cms\/wp-content\/uploads\/FB_IMG_1520105246801-1024x682.jpg 1024w, https:\/\/lfv-oberholz.de\/cms\/wp-content\/uploads\/FB_IMG_1520105246801.jpg 1080w\" sizes=\"auto, (max-width: 300px) 100vw, 300px\" \/><\/a>Mit meiner Erfahrung versuche ich mich mal in die Situation der Teilnehmer heute zu versetzen. Morgens, minus 11 \u00b0C, schei\u00dfe kalt, lange, athmungsaktive Sachen anziehen und was kuscheliges dr\u00fcber. \/\/\/ Ich stand auch mit mindestens drei Schichten an der Strecke. Sogar der Barfu\u00dfl\u00e4ufer Tilo Wilhelm fand sich mit Laufschuhen ein. \/\/\/ Anmelden, warm laufen, waarm laufen?, war nicht wirklich m\u00f6glich. Na ja, 219 Starter schafften <!--more--><a href=\"https:\/\/lfv-oberholz.de\/cms\/wp-content\/uploads\/FB_IMG_1520104957171.jpg\"><img loading=\"lazy\" decoding=\"async\" class=\"alignright wp-image-4516 size-medium\" src=\"https:\/\/lfv-oberholz.de\/cms\/wp-content\/uploads\/FB_IMG_1520104957171-300x200.jpg\" alt=\"FB_IMG_1520104957171\" width=\"300\" height=\"200\" srcset=\"https:\/\/lfv-oberholz.de\/cms\/wp-content\/uploads\/FB_IMG_1520104957171-300x200.jpg 300w, https:\/\/lfv-oberholz.de\/cms\/wp-content\/uploads\/FB_IMG_1520104957171-1024x682.jpg 1024w, https:\/\/lfv-oberholz.de\/cms\/wp-content\/uploads\/FB_IMG_1520104957171.jpg 1080w\" sizes=\"auto, (max-width: 300px) 100vw, 300px\" \/><\/a>es doch irgend wie. Sp\u00e4testens in der zweiten Runde sollte es jedem von innen her warm geworden sein. Zumindest brachten dann viele auch mal ein L\u00e4cheln zu zeigen und die Beine der L\u00e4ufer schienen auch locker.<br \/>\nWer es noch nicht kennt, der Fockeberg war wieder drei- bzw. sechsmal zu bezwingen. Mit einer Runde von 2 km L\u00e4nge ergibt das 6 bzw. 12 km, welche hier zur Wahl standen. Benjamin Lindner war mit gro\u00dfem Vorsprung der flotteste auf der langen Strecke. Antje M\u00fcller, schnellste Oberholzerin, verfehlte bei den Frauen gesamt, mit Platz vier diesmal leider knapp das Podest. Albrecht H\u00e4u\u00dfler, Lutz K\u00f6hler und Tilo Wilhelm schafften trotz der K\u00e4lte gleichfalls nach 12 km ins Ziel einzulaufen.<\/p>\n<p>Nachstehend die Ergebnisse sowie einige Impressionen:<\/p>\n<p>0:57:55 h, Antje M\u00fcller, 4. Platz w, 1. Platz W45<br \/>\n1:04:52 h, <a href=\"https:\/\/lfv-oberholz.de\/cms\/athleten\/haeussler-albrecht\/\">Albrecht H\u00e4u\u00dfler<\/a>, 68. Platz m, 5. Platz M55<br \/>\n1:12:33 h, <a href=\"https:\/\/lfv-oberholz.de\/cms\/athleten\/koehler-lutz\/\">Lutz K\u00f6hler<\/a>, 88. Platz m, 8. Platz M55<br \/>\n1:16:24 h, Tilo Wilhelm, 92. Platz m, 12. Platz M45<\/p>\n<p><a href=\"https:\/\/lfv-oberholz.de\/cms\/wp-content\/uploads\/FB_IMG_1520077886201.jpg\"><img loading=\"lazy\" decoding=\"async\" class=\"alignnone wp-image-4523\" src=\"https:\/\/lfv-oberholz.de\/cms\/wp-content\/uploads\/FB_IMG_1520077886201-300x200.jpg\" alt=\"FB_IMG_1520077886201\" width=\"317\" height=\"211\" srcset=\"https:\/\/lfv-oberholz.de\/cms\/wp-content\/uploads\/FB_IMG_1520077886201-300x200.jpg 300w, https:\/\/lfv-oberholz.de\/cms\/wp-content\/uploads\/FB_IMG_1520077886201-1024x682.jpg 1024w, https:\/\/lfv-oberholz.de\/cms\/wp-content\/uploads\/FB_IMG_1520077886201.jpg 1080w\" sizes=\"auto, (max-width: 317px) 100vw, 317px\" \/><\/a> <a href=\"https:\/\/lfv-oberholz.de\/cms\/wp-content\/uploads\/FB_IMG_1520077608228.jpg\"><img loading=\"lazy\" decoding=\"async\" class=\"alignnone wp-image-4522\" src=\"https:\/\/lfv-oberholz.de\/cms\/wp-content\/uploads\/FB_IMG_1520077608228-300x200.jpg\" alt=\"FB_IMG_1520077608228\" width=\"317\" height=\"211\" srcset=\"https:\/\/lfv-oberholz.de\/cms\/wp-content\/uploads\/FB_IMG_1520077608228-300x200.jpg 300w, https:\/\/lfv-oberholz.de\/cms\/wp-content\/uploads\/FB_IMG_1520077608228-1024x682.jpg 1024w, https:\/\/lfv-oberholz.de\/cms\/wp-content\/uploads\/FB_IMG_1520077608228.jpg 1080w\" sizes=\"auto, (max-width: 317px) 100vw, 317px\" \/><\/a> <a href=\"https:\/\/lfv-oberholz.de\/cms\/wp-content\/uploads\/FB_IMG_1520105155926.jpg\"><img loading=\"lazy\" decoding=\"async\" class=\"alignleft wp-image-4528\" src=\"https:\/\/lfv-oberholz.de\/cms\/wp-content\/uploads\/FB_IMG_1520105155926-300x200.jpg\" alt=\"FB_IMG_1520105155926\" width=\"418\" height=\"278\" srcset=\"https:\/\/lfv-oberholz.de\/cms\/wp-content\/uploads\/FB_IMG_1520105155926-300x200.jpg 300w, https:\/\/lfv-oberholz.de\/cms\/wp-content\/uploads\/FB_IMG_1520105155926-1024x682.jpg 1024w, https:\/\/lfv-oberholz.de\/cms\/wp-content\/uploads\/FB_IMG_1520105155926.jpg 1080w\" sizes=\"auto, (max-width: 418px) 100vw, 418px\" \/><\/a> Antje M\u00fcller<a href=\"https:\/\/lfv-oberholz.de\/cms\/wp-content\/uploads\/FB_IMG_1520077999167.jpg\"><img loading=\"lazy\" decoding=\"async\" class=\"alignnone wp-image-4524\" src=\"https:\/\/lfv-oberholz.de\/cms\/wp-content\/uploads\/FB_IMG_1520077999167-300x200.jpg\" alt=\"FB_IMG_1520077999167\" width=\"317\" height=\"211\" srcset=\"https:\/\/lfv-oberholz.de\/cms\/wp-content\/uploads\/FB_IMG_1520077999167-300x200.jpg 300w, https:\/\/lfv-oberholz.de\/cms\/wp-content\/uploads\/FB_IMG_1520077999167-1024x682.jpg 1024w, https:\/\/lfv-oberholz.de\/cms\/wp-content\/uploads\/FB_IMG_1520077999167.jpg 1080w\" sizes=\"auto, (max-width: 317px) 100vw, 317px\" \/><\/a> <a href=\"https:\/\/lfv-oberholz.de\/cms\/wp-content\/uploads\/FB_IMG_1520077975350.jpg\"><img loading=\"lazy\" decoding=\"async\" class=\"alignnone wp-image-4525\" src=\"https:\/\/lfv-oberholz.de\/cms\/wp-content\/uploads\/FB_IMG_1520077975350-300x200.jpg\" alt=\"FB_IMG_1520077975350\" width=\"318\" height=\"212\" srcset=\"https:\/\/lfv-oberholz.de\/cms\/wp-content\/uploads\/FB_IMG_1520077975350-300x200.jpg 300w, https:\/\/lfv-oberholz.de\/cms\/wp-content\/uploads\/FB_IMG_1520077975350-1024x682.jpg 1024w, https:\/\/lfv-oberholz.de\/cms\/wp-content\/uploads\/FB_IMG_1520077975350.jpg 1080w\" sizes=\"auto, (max-width: 318px) 100vw, 318px\" \/><\/a> <a href=\"https:\/\/lfv-oberholz.de\/cms\/wp-content\/uploads\/FB_IMG_1520105065425.jpg\"><img loading=\"lazy\" decoding=\"async\" class=\"alignleft wp-image-4526\" src=\"https:\/\/lfv-oberholz.de\/cms\/wp-content\/uploads\/FB_IMG_1520105065425-300x200.jpg\" alt=\"FB_IMG_1520105065425\" width=\"430\" height=\"286\" srcset=\"https:\/\/lfv-oberholz.de\/cms\/wp-content\/uploads\/FB_IMG_1520105065425-300x200.jpg 300w, https:\/\/lfv-oberholz.de\/cms\/wp-content\/uploads\/FB_IMG_1520105065425-1024x682.jpg 1024w, https:\/\/lfv-oberholz.de\/cms\/wp-content\/uploads\/FB_IMG_1520105065425.jpg 1080w\" sizes=\"auto, (max-width: 430px) 100vw, 430px\" \/><\/a> Albrecht H\u00e4u\u00dfler<a href=\"https:\/\/lfv-oberholz.de\/cms\/wp-content\/uploads\/FB_IMG_1520105104828.jpg\"><img loading=\"lazy\" decoding=\"async\" class=\"alignright wp-image-4527\" src=\"https:\/\/lfv-oberholz.de\/cms\/wp-content\/uploads\/FB_IMG_1520105104828-300x200.jpg\" alt=\"FB_IMG_1520105104828\" width=\"354\" height=\"236\" srcset=\"https:\/\/lfv-oberholz.de\/cms\/wp-content\/uploads\/FB_IMG_1520105104828-300x200.jpg 300w, https:\/\/lfv-oberholz.de\/cms\/wp-content\/uploads\/FB_IMG_1520105104828-1024x682.jpg 1024w, https:\/\/lfv-oberholz.de\/cms\/wp-content\/uploads\/FB_IMG_1520105104828.jpg 1080w\" sizes=\"auto, (max-width: 354px) 100vw, 354px\" \/><\/a><\/p>\n<p>&nbsp;<\/p>\n<p>&nbsp;<\/p>\n<p>&nbsp;<\/p>\n<p>&nbsp;<\/p>\n<p>&nbsp;<\/p>\n<p>&nbsp;<\/p>\n<p>&nbsp;<\/p>\n<p>&nbsp;<\/p>\n<p>&nbsp;<\/p>\n<p>&nbsp;<\/p>\n<p style=\"text-align: center;\"><a href=\"https:\/\/lfv-oberholz.de\/cms\/athleten\/koehler-lutz\/\">Lutz K\u00f6hler<\/a> <a href=\"https:\/\/lfv-oberholz.de\/cms\/wp-content\/uploads\/FB_IMG_1520105723894.jpg\"><img loading=\"lazy\" decoding=\"async\" class=\"aligncenter wp-image-4529\" src=\"https:\/\/lfv-oberholz.de\/cms\/wp-content\/uploads\/FB_IMG_1520105723894-300x200.jpg\" alt=\"FB_IMG_1520105723894\" width=\"606\" height=\"404\" srcset=\"https:\/\/lfv-oberholz.de\/cms\/wp-content\/uploads\/FB_IMG_1520105723894-300x200.jpg 300w, https:\/\/lfv-oberholz.de\/cms\/wp-content\/uploads\/FB_IMG_1520105723894-1024x682.jpg 1024w, https:\/\/lfv-oberholz.de\/cms\/wp-content\/uploads\/FB_IMG_1520105723894.jpg 1080w\" sizes=\"auto, (max-width: 606px) 100vw, 606px\" \/><\/a> <a href=\"https:\/\/lfv-oberholz.de\/cms\/wp-content\/uploads\/FB_IMG_1520105767356.jpg\"><img loading=\"lazy\" decoding=\"async\" class=\"alignleft wp-image-4530\" src=\"https:\/\/lfv-oberholz.de\/cms\/wp-content\/uploads\/FB_IMG_1520105767356-200x300.jpg\" alt=\"FB_IMG_1520105767356\" width=\"250\" height=\"376\" \/><\/a> Tilo Wilhelm<img loading=\"lazy\" decoding=\"async\" class=\" wp-image-4531 alignright\" src=\"https:\/\/lfv-oberholz.de\/cms\/wp-content\/uploads\/FB_IMG_1520105832052-200x300.jpg\" alt=\"FB_IMG_1520105832052\" width=\"249\" height=\"374\" \/><\/p>\n","protected":false},"excerpt":{"rendered":"<p>&#8211; von J\u00f6rg Bauer &#8211; Mit meiner Erfahrung versuche ich mich mal in die Situation der Teilnehmer heute zu versetzen. Morgens, minus 11 \u00b0C, schei\u00dfe kalt, lange, athmungsaktive Sachen anziehen und was kuscheliges dr\u00fcber. \/\/\/ Ich stand auch mit mindestens &hellip; <a href=\"https:\/\/lfv-oberholz.de\/cms\/bei-frost-am-fockeberg-3-maerz-2018\/\">Weiterlesen <span class=\"meta-nav\">&rarr;<\/span><\/a><\/p>\n","protected":false},"author":6,"featured_media":0,"comment_status":"closed","ping_status":"closed","sticky":false,"template":"","format":"standard","meta":{"pgc_sgb_lightbox_settings":"","footnotes":""},"categories":[5],"tags":[],"class_list":["post-4514","post","type-post","status-publish","format-standard","hentry","category-leichtathletik"],"_links":{"self":[{"href":"https:\/\/lfv-oberholz.de\/cms\/wp-json\/wp\/v2\/posts\/4514","targetHints":{"allow":["GET"]}}],"collection":[{"href":"https:\/\/lfv-oberholz.de\/cms\/wp-json\/wp\/v2\/posts"}],"about":[{"href":"https:\/\/lfv-oberholz.de\/cms\/wp-json\/wp\/v2\/types\/post"}],"author":[{"embeddable":true,"href":"https:\/\/lfv-oberholz.de\/cms\/wp-json\/wp\/v2\/users\/6"}],"replies":[{"embeddable":true,"href":"https:\/\/lfv-oberholz.de\/cms\/wp-json\/wp\/v2\/comments?post=4514"}],"version-history":[{"count":0,"href":"https:\/\/lfv-oberholz.de\/cms\/wp-json\/wp\/v2\/posts\/4514\/revisions"}],"wp:attachment":[{"href":"https:\/\/lfv-oberholz.de\/cms\/wp-json\/wp\/v2\/media?parent=4514"}],"wp:term":[{"taxonomy":"category","embeddable":true,"href":"https:\/\/lfv-oberholz.de\/cms\/wp-json\/wp\/v2\/categories?post=4514"},{"taxonomy":"post_tag","embeddable":true,"href":"https:\/\/lfv-oberholz.de\/cms\/wp-json\/wp\/v2\/tags?post=4514"}],"curies":[{"name":"wp","href":"https:\/\/api.w.org\/{rel}","templated":true}]}}