{"id":4538,"date":"2018-03-04T23:03:43","date_gmt":"2018-03-04T22:03:43","guid":{"rendered":"http:\/\/lfv-oberholz.de\/cms\/?p=4538"},"modified":"2018-03-09T19:22:39","modified_gmt":"2018-03-09T18:22:39","slug":"der-mazdalauf-am-4-maerz-in-eilenburg","status":"publish","type":"post","link":"https:\/\/lfv-oberholz.de\/cms\/der-mazdalauf-am-4-maerz-in-eilenburg\/","title":{"rendered":"Der Mazdalauf am 4. M\u00e4rz in Eilenburg"},"content":{"rendered":"<p><a href=\"https:\/\/lfv-oberholz.de\/cms\/wp-content\/uploads\/FB_IMG_1520192970572.jpg\"><img loading=\"lazy\" decoding=\"async\" class=\"alignright wp-image-4617 size-medium\" src=\"https:\/\/lfv-oberholz.de\/cms\/wp-content\/uploads\/FB_IMG_1520192970572-300x225.jpg\" alt=\"FB_IMG_1520192970572\" width=\"300\" height=\"225\" srcset=\"https:\/\/lfv-oberholz.de\/cms\/wp-content\/uploads\/FB_IMG_1520192970572-300x225.jpg 300w, https:\/\/lfv-oberholz.de\/cms\/wp-content\/uploads\/FB_IMG_1520192970572.jpg 960w\" sizes=\"auto, (max-width: 300px) 100vw, 300px\" \/><\/a>Zwar noch k\u00fchl aber deutlich w\u00e4rmer als in den letzten Tagen war es heute in Eilenburg. Dies merkte man an den Teilnehmerzahlen, auch bei den fr\u00fchen Wettbewerben. Ob beim Fr\u00fchst\u00fcckslauf, den Sch\u00fclerstaffeln, Kinderwettbewerben oder den Lauf- und Walkingstarts, es war immer recht gut angenommen. Neben Marcus Sch\u00f6fisch, dt. Meister im Marathon, oder Anna Kristin Fischer, Nachwuchstalent, waren viele ambitionierte Teilnehmer am Start. Dazu kam noch die Breite der Volkssportl\u00e4ufer. <!--more--><br \/>\nEinige LFV-er nahmen am 2 km Lauf, 300 m Bambinilauf, 5 bzw. 10 km Lauf oder am Walking \u00fcber 5 km teil.<\/p>\n<p>Dazu einige Posts unserer Sportfreunde:<\/p>\n<p>&#8211; von Henri Leuschner &#8211;<br \/>\nHeute unterwegs beim Mazdalauf in Eilenburg. Ein Dankesch\u00f6n an den Sponsor #talkpoint f\u00fcr die gesamte Unterst\u00fctzung, die Startpl\u00e4tze sowie Unterbringung. Obwohl ich nicht mitlaufen konnte, war es sch\u00f6n, wieder so viele bekannte Gesichter zu sehen. Gl\u00fcckwunsch an alle Teilnehmer. Super auch die Unterst\u00fctzung des Talk-Point-Teams durch den LFV Oberholz. \ud83d\ude09<\/p>\n<p>&#8211; von Juliana Kopplin-Uebersch\u00e4r &#8211;<br \/>\nAthletenbetreuung beim Mazda-Lauf in Eilenburg.<br \/>\nHerzlichen Gl\u00fcckwunsch an Marcus Sch\u00f6fisch, Theodor Popp, Sascha Str\u00f6tzel, Anna Kristin Fischer und an alle Teilnehmer. Ihr wart super!<br \/>\nVielen Dank an die Veranstalter f\u00fcr die tolle Organisation und an Talk Point.<\/p>\n<p>&#8211; von Ronny Lehmann &#8211;<br \/>\nB\u00e4\u00e4\u00e4\u00e4m &#8230; Ich bin gl\u00fccklich \u00fcber meinen Saisoneinstieg mit neuer PB. Die alte Bestzeit um \u00fcber 1 Minute gedr\u00fcckt. So kann es gerne weiter gehen.<\/p>\n<p>Neben diesen gab es viele zufriedene Worte der Teilnehmer. Au\u00dfer bei Marc Werner lief es etwas schief. Auch wenn Marc nur einen Traininglauf, also nicht mit vollem Pace unterwegs war, h\u00e4tte er sich schon \u00fcber eine Ehrung in der Altersklasse gefreut. Dies blieb ihm wegen eines technischen Fehlers leider verwehrt. Die Zeitschleife in der Startnummer l\u00f6ste beim Zieleinlauf nicht aus.<\/p>\n<p>Von den Oberholzer Sportfreunden wurden folgende Ergebnisse erbracht:<\/p>\n<p>300 m Bambinilauf<br \/>\n<a href=\"https:\/\/lfv-oberholz.de\/cms\/wp-content\/uploads\/FB_IMG_1520192573217.jpg\"><img loading=\"lazy\" decoding=\"async\" class=\"alignleft wp-image-4639\" src=\"https:\/\/lfv-oberholz.de\/cms\/wp-content\/uploads\/FB_IMG_1520192573217-300x225.jpg\" alt=\"FB_IMG_1520192573217\" width=\"379\" height=\"284\" srcset=\"https:\/\/lfv-oberholz.de\/cms\/wp-content\/uploads\/FB_IMG_1520192573217-300x225.jpg 300w, https:\/\/lfv-oberholz.de\/cms\/wp-content\/uploads\/FB_IMG_1520192573217.jpg 960w\" sizes=\"auto, (max-width: 379px) 100vw, 379px\" \/><\/a><\/p>\n<p>&nbsp;<\/p>\n<p>&nbsp;<\/p>\n<p>2. Platz m\u00e4nnlich, Elias Marc Werner, ohne Zeiterfassung<\/p>\n<p>&nbsp;<\/p>\n<p>&nbsp;<\/p>\n<p>&nbsp;<\/p>\n<p>&nbsp;<\/p>\n<p><a href=\"https:\/\/lfv-oberholz.de\/cms\/wp-content\/uploads\/IMG-20180305-WA0005.jpg\"><img loading=\"lazy\" decoding=\"async\" class=\"alignright wp-image-4642\" src=\"https:\/\/lfv-oberholz.de\/cms\/wp-content\/uploads\/IMG-20180305-WA0005-225x300.jpg\" alt=\"IMG-20180305-WA0005\" width=\"292\" height=\"389\" srcset=\"https:\/\/lfv-oberholz.de\/cms\/wp-content\/uploads\/IMG-20180305-WA0005-225x300.jpg 225w, https:\/\/lfv-oberholz.de\/cms\/wp-content\/uploads\/IMG-20180305-WA0005-768x1024.jpg 768w, https:\/\/lfv-oberholz.de\/cms\/wp-content\/uploads\/IMG-20180305-WA0005.jpg 960w\" sizes=\"auto, (max-width: 292px) 100vw, 292px\" \/><\/a><\/p>\n<p>&nbsp;<\/p>\n<p>&nbsp;<\/p>\n<p>&nbsp;<\/p>\n<p>2 km<br \/>\n29. Platz ges., Charlotte-Sophie Noack, 0:10:30 h, 8. Platz AK WU12, 9. Platz w<\/p>\n<p>&nbsp;<\/p>\n<p>&nbsp;<\/p>\n<p>&nbsp;<\/p>\n<p>&nbsp;<\/p>\n<p>&nbsp;<\/p>\n<p>&nbsp;<\/p>\n<p><a href=\"https:\/\/lfv-oberholz.de\/cms\/wp-content\/uploads\/FB_IMG_1520192963636.jpg\"><img loading=\"lazy\" decoding=\"async\" class=\"alignright wp-image-4649 size-medium\" src=\"https:\/\/lfv-oberholz.de\/cms\/wp-content\/uploads\/FB_IMG_1520192963636-225x300.jpg\" alt=\"FB_IMG_1520192963636\" width=\"225\" height=\"300\" srcset=\"https:\/\/lfv-oberholz.de\/cms\/wp-content\/uploads\/FB_IMG_1520192963636-225x300.jpg 225w, https:\/\/lfv-oberholz.de\/cms\/wp-content\/uploads\/FB_IMG_1520192963636.jpg 720w\" sizes=\"auto, (max-width: 225px) 100vw, 225px\" \/><\/a>5 km Lauf<br \/>\n3. Platz ges., Rico Bogen, 0:16:57 h, 3. Platz MHK (1. Platz MU20)<br \/>\n<a href=\"https:\/\/lfv-oberholz.de\/cms\/wp-content\/uploads\/FB_IMG_1520192970572.jpg\"><img loading=\"lazy\" decoding=\"async\" class=\"alignnone wp-image-4617\" src=\"https:\/\/lfv-oberholz.de\/cms\/wp-content\/uploads\/FB_IMG_1520192970572-300x225.jpg\" alt=\"FB_IMG_1520192970572\" width=\"311\" height=\"233\" srcset=\"https:\/\/lfv-oberholz.de\/cms\/wp-content\/uploads\/FB_IMG_1520192970572-300x225.jpg 300w, https:\/\/lfv-oberholz.de\/cms\/wp-content\/uploads\/FB_IMG_1520192970572.jpg 960w\" sizes=\"auto, (max-width: 311px) 100vw, 311px\" \/><\/a><\/p>\n<p>5 km Walking<br \/>\n24. Platz ges., Jacqueline Losse, 0:44:44 h, 16. Platz Frauen<\/p>\n<p>10 km Lauf<br \/>\n5. Platz ges., Dr. Olaf Uebersch\u00e4r, 0:33:52 h, 3. Platz AK M30<br \/>\n10. Platz ges., Hendrik L\u00f6schner (Gaststart TalkPoint\/LFV Oberholz), 0:35:53 h, 3. Platz AK M35<br \/>\n21. Platz ges., Marc Werner, 0:37:17 h, 2. Platz M40 (Korrektur im Nachgang<br \/>\n33. Platz ges., Ronny Lehmann, 0:38:18 h, 9. Platz AK M35<br \/>\n35. Platz ges., Anna Kristin Fischer, 0:38:34 h, 1. Platz ges. w<br \/>\n51. Platz ges., Stephan Golatowski, 0:40:29 h, 13. Platz AK M35, 50. Platz ges. m<br \/>\n66. Platz ges., Alexander Klemm (Gaststart TalkPoint\/LFV), 0:42:25 h, 17. Platz AK M35, 63. Platz ges. m<br \/>\n84. Platz ges., Silvio Bail, 0:44:02 h, 9. Platz AK M45, 79. Platz ges. m<br \/>\n170. Platz ges., Sven Zschiesche, 0:49:52 h, 23. Platz AK M40, 142. Platz ges. m<br \/>\n266. Platz ges., Katja Noack, 1:08:12 h, 6. Platz AK W40, 70. Platz ges. w<br \/>\n269. Platz ges., Dr. Ina Uebersch\u00e4r, 1:15:13 h, 1. Platz AK W65, 73. Platz ges. w<\/p>\n<p>Hier sch\u00f6ne Bilder vom Lauf:<\/p>\n<p style=\"text-align: center;\"><a href=\"https:\/\/lfv-oberholz.de\/cms\/wp-content\/uploads\/FB_IMG_1520192663167.jpg\"><img loading=\"lazy\" decoding=\"async\" class=\"alignnone wp-image-4616\" src=\"https:\/\/lfv-oberholz.de\/cms\/wp-content\/uploads\/FB_IMG_1520192663167-300x225.jpg\" alt=\"FB_IMG_1520192663167\" width=\"316\" height=\"237\" srcset=\"https:\/\/lfv-oberholz.de\/cms\/wp-content\/uploads\/FB_IMG_1520192663167-300x225.jpg 300w, https:\/\/lfv-oberholz.de\/cms\/wp-content\/uploads\/FB_IMG_1520192663167.jpg 960w\" sizes=\"auto, (max-width: 316px) 100vw, 316px\" \/><\/a> <a href=\"https:\/\/lfv-oberholz.de\/cms\/wp-content\/uploads\/FB_IMG_1520192621251.jpg\"><img loading=\"lazy\" decoding=\"async\" class=\"alignnone wp-image-4548\" src=\"https:\/\/lfv-oberholz.de\/cms\/wp-content\/uploads\/FB_IMG_1520192621251-300x225.jpg\" alt=\"FB_IMG_1520192621251\" width=\"318\" height=\"238\" srcset=\"https:\/\/lfv-oberholz.de\/cms\/wp-content\/uploads\/FB_IMG_1520192621251-300x225.jpg 300w, https:\/\/lfv-oberholz.de\/cms\/wp-content\/uploads\/FB_IMG_1520192621251.jpg 960w\" sizes=\"auto, (max-width: 318px) 100vw, 318px\" \/><\/a><br \/>\nein Teil vom Talk Point Team\u00a0\u00a0\u00a0\u00a0\u00a0\u00a0\u00a0\u00a0\u00a0\u00a0\u00a0\u00a0\u00a0\u00a0\u00a0\u00a0\u00a0\u00a0\u00a0\u00a0\u00a0\u00a0\u00a0\u00a0\u00a0\u00a0\u00a0\u00a0\u00a0\u00a0\u00a0\u00a0\u00a0 \u00a0 \u00a0\u00a0\u00a0\u00a0 \u00a0 \u00a0 \u00a0 \u00a0 \u00a0 \u00a0 \u00a0 \u00a0 \u00a0\u00a0 Alex\u00a0\u00a0\u00a0\u00a0\u00a0\u00a0\u00a0\u00a0 \u00a0 \u00a0 \u00a0\u00a0 \u00a0\u00a0\u00a0\u00a0\u00a0\u00a0\u00a0\u00a0 Stephan<br \/>\n<a href=\"https:\/\/lfv-oberholz.de\/cms\/wp-content\/uploads\/FB_IMG_1520192344937-300x225.jpg\"><img loading=\"lazy\" decoding=\"async\" class=\"alignnone\" src=\"https:\/\/lfv-oberholz.de\/cms\/wp-content\/uploads\/FB_IMG_1520192344937-300x225.jpg\" alt=\"FB_IMG_1520192344937\" width=\"300\" height=\"225\" \/><\/a> <a href=\"https:\/\/lfv-oberholz.de\/cms\/wp-content\/uploads\/FB_IMG_1520192366512-300x225.jpg\"><img loading=\"lazy\" decoding=\"async\" class=\"alignnone\" src=\"https:\/\/lfv-oberholz.de\/cms\/wp-content\/uploads\/FB_IMG_1520192366512-300x225.jpg\" alt=\"FB_IMG_1520192366512\" width=\"333\" height=\"250\" \/><\/a><img loading=\"lazy\" decoding=\"async\" class=\"\" src=\"https:\/\/lfv-oberholz.de\/cms\/wp-content\/uploads\/FB_IMG_1520192549030-225x300.jpg\" alt=\"FB_IMG_1520192549030\" width=\"228\" height=\"304\" \/> <img loading=\"lazy\" decoding=\"async\" class=\"\" src=\"https:\/\/lfv-oberholz.de\/cms\/wp-content\/uploads\/FB_IMG_1520192711001-300x225.jpg\" alt=\"FB_IMG_1520192711001\" width=\"406\" height=\"304\" \/><img loading=\"lazy\" decoding=\"async\" class=\"\" src=\"https:\/\/lfv-oberholz.de\/cms\/wp-content\/uploads\/FB_IMG_1520192927299-300x225.jpg\" alt=\"FB_IMG_1520192927299\" width=\"253\" height=\"191\" \/> <a href=\"https:\/\/lfv-oberholz.de\/cms\/wp-content\/uploads\/FB_IMG_1520193865343-300x168.jpg\"><img loading=\"lazy\" decoding=\"async\" class=\"alignnone\" src=\"https:\/\/lfv-oberholz.de\/cms\/wp-content\/uploads\/FB_IMG_1520193865343-300x168.jpg\" alt=\"FB_IMG_1520193865343\" width=\"381\" height=\"213\" \/><\/a>.\u00a0\u00a0\u00a0\u00a0\u00a0\u00a0\u00a0\u00a0\u00a0\u00a0\u00a0\u00a0\u00a0\u00a0\u00a0\u00a0\u00a0\u00a0\u00a0\u00a0\u00a0\u00a0\u00a0\u00a0\u00a0\u00a0\u00a0\u00a0\u00a0\u00a0\u00a0\u00a0\u00a0\u00a0\u00a0\u00a0\u00a0\u00a0\u00a0\u00a0\u00a0\u00a0\u00a0\u00a0\u00a0\u00a0\u00a0\u00a0\u00a0\u00a0\u00a0\u00a0\u00a0\u00a0\u00a0\u00a0\u00a0\u00a0\u00a0\u00a0\u00a0\u00a0\u00a0\u00a0\u00a0\u00a0\u00a0\u00a0\u00a0\u00a0\u00a0\u00a0\u00a0\u00a0\u00a0\u00a0\u00a0\u00a0\u00a0\u00a0 \u00a0 \u00a0 \u00a0 \u00a0 \u00a0 \u00a0 \u00a0 \u00a0 \u00a0 \u00a0 \u00a0 \u00a0\u00a0\u00a0\u00a0\u00a0\u00a0\u00a0\u00a0\u00a0\u00a0\u00a0 Start 10 km Hauptlauf<br \/>\n<img loading=\"lazy\" decoding=\"async\" src=\"https:\/\/lfv-oberholz.de\/cms\/wp-content\/uploads\/IMG_6182-225x300.jpg\" alt=\"IMG_6182\" width=\"296\" height=\"395\" \/>\u00a0\u00a0\u00a0\u00a0\u00a0\u00a0\u00a0\u00a0\u00a0\u00a0\u00a0 <img loading=\"lazy\" decoding=\"async\" src=\"https:\/\/lfv-oberholz.de\/cms\/wp-content\/uploads\/FB_IMG_1520192909691-225x300.jpg\" alt=\"FB_IMG_1520192909691\" width=\"287\" height=\"383\" \/><br \/>\n<img loading=\"lazy\" decoding=\"async\" class=\" wp-image-4645 alignnone\" src=\"https:\/\/lfv-oberholz.de\/cms\/wp-content\/uploads\/FB_IMG_1520243770832-225x300.jpg\" alt=\"FB_IMG_1520243770832\" width=\"239\" height=\"319\" srcset=\"https:\/\/lfv-oberholz.de\/cms\/wp-content\/uploads\/FB_IMG_1520243770832-225x300.jpg 225w, https:\/\/lfv-oberholz.de\/cms\/wp-content\/uploads\/FB_IMG_1520243770832.jpg 720w\" sizes=\"auto, (max-width: 239px) 100vw, 239px\" \/> <img loading=\"lazy\" decoding=\"async\" class=\"alignnone  wp-image-4646\" src=\"https:\/\/lfv-oberholz.de\/cms\/wp-content\/uploads\/FB_IMG_1520243780699-225x300.jpg\" alt=\"FB_IMG_1520243780699\" width=\"239\" height=\"319\" srcset=\"https:\/\/lfv-oberholz.de\/cms\/wp-content\/uploads\/FB_IMG_1520243780699-225x300.jpg 225w, https:\/\/lfv-oberholz.de\/cms\/wp-content\/uploads\/FB_IMG_1520243780699.jpg 720w\" sizes=\"auto, (max-width: 239px) 100vw, 239px\" \/><\/p>\n<p style=\"text-align: center;\"><img loading=\"lazy\" decoding=\"async\" class=\"size-medium wp-image-4644 alignleft\" src=\"https:\/\/lfv-oberholz.de\/cms\/wp-content\/uploads\/FB_IMG_1520193889745-300x168.jpg\" alt=\"FB_IMG_1520193889745\" width=\"300\" height=\"168\" srcset=\"https:\/\/lfv-oberholz.de\/cms\/wp-content\/uploads\/FB_IMG_1520193889745-300x168.jpg 300w, https:\/\/lfv-oberholz.de\/cms\/wp-content\/uploads\/FB_IMG_1520193889745-1024x576.jpg 1024w, https:\/\/lfv-oberholz.de\/cms\/wp-content\/uploads\/FB_IMG_1520193889745.jpg 1137w\" sizes=\"auto, (max-width: 300px) 100vw, 300px\" \/> <a href=\"https:\/\/lfv-oberholz.de\/cms\/wp-content\/uploads\/FB_IMG_1520192744272.jpg\"><img loading=\"lazy\" decoding=\"async\" class=\"alignright wp-image-4643\" src=\"https:\/\/lfv-oberholz.de\/cms\/wp-content\/uploads\/FB_IMG_1520192744272-225x300.jpg\" alt=\"FB_IMG_1520192744272\" width=\"264\" height=\"352\" srcset=\"https:\/\/lfv-oberholz.de\/cms\/wp-content\/uploads\/FB_IMG_1520192744272-225x300.jpg 225w, https:\/\/lfv-oberholz.de\/cms\/wp-content\/uploads\/FB_IMG_1520192744272.jpg 720w\" sizes=\"auto, (max-width: 264px) 100vw, 264px\" \/><\/a> <img loading=\"lazy\" decoding=\"async\" class=\"size-medium wp-image-4647 alignleft\" src=\"https:\/\/lfv-oberholz.de\/cms\/wp-content\/uploads\/FB_IMG_1520174853881-300x168.jpg\" alt=\"FB_IMG_1520174853881\" width=\"300\" height=\"168\" srcset=\"https:\/\/lfv-oberholz.de\/cms\/wp-content\/uploads\/FB_IMG_1520174853881-300x168.jpg 300w, https:\/\/lfv-oberholz.de\/cms\/wp-content\/uploads\/FB_IMG_1520174853881-1024x576.jpg 1024w, https:\/\/lfv-oberholz.de\/cms\/wp-content\/uploads\/FB_IMG_1520174853881.jpg 1137w\" sizes=\"auto, (max-width: 300px) 100vw, 300px\" \/><\/p>\n<p style=\"text-align: center;\">Olaf<\/p>\n<p><a href=\"https:\/\/lfv-oberholz.de\/cms\/wp-content\/uploads\/FB_IMG_1520193481417-300x300.jpg\"><img loading=\"lazy\" decoding=\"async\" class=\"alignnone\" src=\"https:\/\/lfv-oberholz.de\/cms\/wp-content\/uploads\/FB_IMG_1520193481417-300x300.jpg\" alt=\"FB_IMG_1520193481417\" width=\"170\" height=\"170\" \/><\/a> <img loading=\"lazy\" decoding=\"async\" src=\"https:\/\/lfv-oberholz.de\/cms\/wp-content\/uploads\/FB_IMG_1520193529111-300x300.jpg\" alt=\"FB_IMG_1520193529111\" width=\"300\" height=\"300\" \/> <img loading=\"lazy\" decoding=\"async\" src=\"https:\/\/lfv-oberholz.de\/cms\/wp-content\/uploads\/FB_IMG_1520192866821-225x300.jpg\" alt=\"FB_IMG_1520192866821\" width=\"160\" height=\"213\" \/><br \/>\n.\u00a0\u00a0\u00a0\u00a0\u00a0\u00a0\u00a0\u00a0\u00a0\u00a0\u00a0\u00a0\u00a0\u00a0\u00a0\u00a0\u00a0\u00a0\u00a0\u00a0\u00a0\u00a0\u00a0\u00a0\u00a0\u00a0\u00a0\u00a0\u00a0\u00a0\u00a0\u00a0\u00a0\u00a0\u00a0\u00a0\u00a0\u00a0\u00a0\u00a0\u00a0\u00a0\u00a0\u00a0\u00a0\u00a0\u00a0\u00a0\u00a0\u00a0\u00a0\u00a0\u00a0\u00a0\u00a0\u00a0\u00a0\u00a0\u00a0\u00a0\u00a0\u00a0\u00a0\u00a0\u00a0\u00a0\u00a0\u00a0\u00a0\u00a0\u00a0\u00a0\u00a0\u00a0\u00a0 Ronny Lehmann<br \/>\n<img loading=\"lazy\" decoding=\"async\" class=\"alignnone size-medium wp-image-4664\" src=\"https:\/\/lfv-oberholz.de\/cms\/wp-content\/uploads\/IMG_20180304_103012-224x300.jpg\" alt=\"dav\" width=\"224\" height=\"300\" srcset=\"https:\/\/lfv-oberholz.de\/cms\/wp-content\/uploads\/IMG_20180304_103012-224x300.jpg 224w, https:\/\/lfv-oberholz.de\/cms\/wp-content\/uploads\/IMG_20180304_103012-768x1024.jpg 768w\" sizes=\"auto, (max-width: 224px) 100vw, 224px\" \/> \u00a0 \u00a0\u00a0 die Invaliden am Rande \u00a0\u00a0\u00a0\u00a0\u00a0 <a href=\"https:\/\/lfv-oberholz.de\/cms\/wp-content\/uploads\/FB_IMG_1520191220987.jpg\"><img loading=\"lazy\" decoding=\"async\" class=\"alignnone wp-image-4650 size-medium\" src=\"https:\/\/lfv-oberholz.de\/cms\/wp-content\/uploads\/FB_IMG_1520191220987-225x300.jpg\" alt=\"FB_IMG_1520191220987\" width=\"225\" height=\"300\" srcset=\"https:\/\/lfv-oberholz.de\/cms\/wp-content\/uploads\/FB_IMG_1520191220987-225x300.jpg 225w, https:\/\/lfv-oberholz.de\/cms\/wp-content\/uploads\/FB_IMG_1520191220987.jpg 720w\" sizes=\"auto, (max-width: 225px) 100vw, 225px\" \/><\/a><a href=\"https:\/\/lfv-oberholz.de\/cms\/wp-content\/uploads\/FB_IMG_1520192935050.jpg\"><img loading=\"lazy\" decoding=\"async\" class=\"alignnone wp-image-4654 size-medium\" src=\"https:\/\/lfv-oberholz.de\/cms\/wp-content\/uploads\/FB_IMG_1520192935050-225x300.jpg\" alt=\"FB_IMG_1520192935050\" width=\"225\" height=\"300\" srcset=\"https:\/\/lfv-oberholz.de\/cms\/wp-content\/uploads\/FB_IMG_1520192935050-225x300.jpg 225w, https:\/\/lfv-oberholz.de\/cms\/wp-content\/uploads\/FB_IMG_1520192935050.jpg 720w\" sizes=\"auto, (max-width: 225px) 100vw, 225px\" \/><\/a> <a href=\"https:\/\/lfv-oberholz.de\/cms\/wp-content\/uploads\/FB_IMG_1520192917789.jpg\"><img loading=\"lazy\" decoding=\"async\" class=\"alignnone wp-image-4653\" src=\"https:\/\/lfv-oberholz.de\/cms\/wp-content\/uploads\/FB_IMG_1520192917789-225x300.jpg\" alt=\"FB_IMG_1520192917789\" width=\"179\" height=\"239\" srcset=\"https:\/\/lfv-oberholz.de\/cms\/wp-content\/uploads\/FB_IMG_1520192917789-225x300.jpg 225w, https:\/\/lfv-oberholz.de\/cms\/wp-content\/uploads\/FB_IMG_1520192917789.jpg 720w\" sizes=\"auto, (max-width: 179px) 100vw, 179px\" \/><\/a> <a href=\"https:\/\/lfv-oberholz.de\/cms\/wp-content\/uploads\/FB_IMG_1520192751843.jpg\"><img loading=\"lazy\" decoding=\"async\" class=\"alignnone wp-image-4651 size-medium\" src=\"https:\/\/lfv-oberholz.de\/cms\/wp-content\/uploads\/FB_IMG_1520192751843-225x300.jpg\" alt=\"FB_IMG_1520192751843\" width=\"225\" height=\"300\" srcset=\"https:\/\/lfv-oberholz.de\/cms\/wp-content\/uploads\/FB_IMG_1520192751843-225x300.jpg 225w, https:\/\/lfv-oberholz.de\/cms\/wp-content\/uploads\/FB_IMG_1520192751843.jpg 720w\" sizes=\"auto, (max-width: 225px) 100vw, 225px\" \/><\/a><img loading=\"lazy\" decoding=\"async\" class=\"alignnone  wp-image-4656\" src=\"https:\/\/lfv-oberholz.de\/cms\/wp-content\/uploads\/FB_IMG_1520243618635-225x300.jpg\" alt=\"FB_IMG_1520243618635\" width=\"202\" height=\"270\" srcset=\"https:\/\/lfv-oberholz.de\/cms\/wp-content\/uploads\/FB_IMG_1520243618635-225x300.jpg 225w, https:\/\/lfv-oberholz.de\/cms\/wp-content\/uploads\/FB_IMG_1520243618635.jpg 720w\" sizes=\"auto, (max-width: 202px) 100vw, 202px\" \/> <a href=\"https:\/\/lfv-oberholz.de\/cms\/wp-content\/uploads\/FB_IMG_1520243729988.jpg\"><img loading=\"lazy\" decoding=\"async\" class=\"alignnone wp-image-4660 size-medium\" src=\"https:\/\/lfv-oberholz.de\/cms\/wp-content\/uploads\/FB_IMG_1520243729988-225x300.jpg\" alt=\"FB_IMG_1520243729988\" width=\"225\" height=\"300\" srcset=\"https:\/\/lfv-oberholz.de\/cms\/wp-content\/uploads\/FB_IMG_1520243729988-225x300.jpg 225w, https:\/\/lfv-oberholz.de\/cms\/wp-content\/uploads\/FB_IMG_1520243729988.jpg 720w\" sizes=\"auto, (max-width: 225px) 100vw, 225px\" \/><\/a> <a href=\"https:\/\/lfv-oberholz.de\/cms\/wp-content\/uploads\/FB_IMG_1520192879983.jpg\"><img loading=\"lazy\" decoding=\"async\" class=\"alignnone wp-image-4652\" src=\"https:\/\/lfv-oberholz.de\/cms\/wp-content\/uploads\/FB_IMG_1520192879983-225x300.jpg\" alt=\"FB_IMG_1520192879983\" width=\"200\" height=\"266\" srcset=\"https:\/\/lfv-oberholz.de\/cms\/wp-content\/uploads\/FB_IMG_1520192879983-225x300.jpg 225w, https:\/\/lfv-oberholz.de\/cms\/wp-content\/uploads\/FB_IMG_1520192879983.jpg 720w\" sizes=\"auto, (max-width: 200px) 100vw, 200px\" \/><\/a>\u00a0\u00a0 <a href=\"https:\/\/lfv-oberholz.de\/cms\/wp-content\/uploads\/FB_IMG_1520243821118.jpg\"><img loading=\"lazy\" decoding=\"async\" class=\"alignnone wp-image-4662\" src=\"https:\/\/lfv-oberholz.de\/cms\/wp-content\/uploads\/FB_IMG_1520243821118-225x300.jpg\" alt=\"FB_IMG_1520243821118\" width=\"239\" height=\"319\" srcset=\"https:\/\/lfv-oberholz.de\/cms\/wp-content\/uploads\/FB_IMG_1520243821118-225x300.jpg 225w, https:\/\/lfv-oberholz.de\/cms\/wp-content\/uploads\/FB_IMG_1520243821118.jpg 720w\" sizes=\"auto, (max-width: 239px) 100vw, 239px\" \/><\/a> <a href=\"https:\/\/lfv-oberholz.de\/cms\/wp-content\/uploads\/FB_IMG_1520243665290.jpg\"><img loading=\"lazy\" decoding=\"async\" class=\"alignnone wp-image-4658\" src=\"https:\/\/lfv-oberholz.de\/cms\/wp-content\/uploads\/FB_IMG_1520243665290-225x300.jpg\" alt=\"FB_IMG_1520243665290\" width=\"380\" height=\"507\" srcset=\"https:\/\/lfv-oberholz.de\/cms\/wp-content\/uploads\/FB_IMG_1520243665290-225x300.jpg 225w, https:\/\/lfv-oberholz.de\/cms\/wp-content\/uploads\/FB_IMG_1520243665290.jpg 720w\" sizes=\"auto, (max-width: 380px) 100vw, 380px\" \/><\/a><a href=\"https:\/\/lfv-oberholz.de\/cms\/wp-content\/uploads\/FB_IMG_1520243645521.jpg\"><img loading=\"lazy\" decoding=\"async\" class=\"alignnone wp-image-4657\" src=\"https:\/\/lfv-oberholz.de\/cms\/wp-content\/uploads\/FB_IMG_1520243645521-225x300.jpg\" alt=\"FB_IMG_1520243645521\" width=\"315\" height=\"420\" srcset=\"https:\/\/lfv-oberholz.de\/cms\/wp-content\/uploads\/FB_IMG_1520243645521-225x300.jpg 225w, https:\/\/lfv-oberholz.de\/cms\/wp-content\/uploads\/FB_IMG_1520243645521.jpg 720w\" sizes=\"auto, (max-width: 315px) 100vw, 315px\" \/><\/a> <a href=\"https:\/\/lfv-oberholz.de\/cms\/wp-content\/uploads\/FB_IMG_15202437806991.jpg\"><img loading=\"lazy\" decoding=\"async\" class=\"alignnone wp-image-4661\" src=\"https:\/\/lfv-oberholz.de\/cms\/wp-content\/uploads\/FB_IMG_15202437806991-225x300.jpg\" alt=\"FB_IMG_1520243780699\" width=\"315\" height=\"420\" srcset=\"https:\/\/lfv-oberholz.de\/cms\/wp-content\/uploads\/FB_IMG_15202437806991-225x300.jpg 225w, https:\/\/lfv-oberholz.de\/cms\/wp-content\/uploads\/FB_IMG_15202437806991.jpg 720w\" sizes=\"auto, (max-width: 315px) 100vw, 315px\" \/><\/a>\u00a0 <a href=\"https:\/\/lfv-oberholz.de\/cms\/wp-content\/uploads\/IMG-20180305-WA0006.jpg\"><img loading=\"lazy\" decoding=\"async\" class=\"alignnone wp-image-4663\" src=\"https:\/\/lfv-oberholz.de\/cms\/wp-content\/uploads\/IMG-20180305-WA0006-225x300.jpg\" alt=\"IMG-20180305-WA0006\" width=\"251\" height=\"334\" srcset=\"https:\/\/lfv-oberholz.de\/cms\/wp-content\/uploads\/IMG-20180305-WA0006-225x300.jpg 225w, https:\/\/lfv-oberholz.de\/cms\/wp-content\/uploads\/IMG-20180305-WA0006-768x1024.jpg 768w, https:\/\/lfv-oberholz.de\/cms\/wp-content\/uploads\/IMG-20180305-WA0006.jpg 960w\" sizes=\"auto, (max-width: 251px) 100vw, 251px\" \/><\/a>\u00a0\u00a0\u00a0\u00a0\u00a0\u00a0\u00a0 Katja Noack \u00a0 \u00a0 \u00a0\u00a0 <a href=\"https:\/\/lfv-oberholz.de\/cms\/wp-content\/uploads\/FB_IMG_1520243713216.jpg\"><img loading=\"lazy\" decoding=\"async\" class=\"alignnone wp-image-4659\" src=\"https:\/\/lfv-oberholz.de\/cms\/wp-content\/uploads\/FB_IMG_1520243713216-225x300.jpg\" alt=\"FB_IMG_1520243713216\" width=\"251\" height=\"335\" srcset=\"https:\/\/lfv-oberholz.de\/cms\/wp-content\/uploads\/FB_IMG_1520243713216-225x300.jpg 225w, https:\/\/lfv-oberholz.de\/cms\/wp-content\/uploads\/FB_IMG_1520243713216.jpg 720w\" sizes=\"auto, (max-width: 251px) 100vw, 251px\" \/><\/a><\/p>\n","protected":false},"excerpt":{"rendered":"<p>Zwar noch k\u00fchl aber deutlich w\u00e4rmer als in den letzten Tagen war es heute in Eilenburg. Dies merkte man an den Teilnehmerzahlen, auch bei den fr\u00fchen Wettbewerben. Ob beim Fr\u00fchst\u00fcckslauf, den Sch\u00fclerstaffeln, Kinderwettbewerben oder den Lauf- und Walkingstarts, es war &hellip; <a href=\"https:\/\/lfv-oberholz.de\/cms\/der-mazdalauf-am-4-maerz-in-eilenburg\/\">Weiterlesen <span class=\"meta-nav\">&rarr;<\/span><\/a><\/p>\n","protected":false},"author":8,"featured_media":0,"comment_status":"closed","ping_status":"closed","sticky":false,"template":"","format":"standard","meta":{"pgc_sgb_lightbox_settings":"","footnotes":""},"categories":[5],"tags":[],"class_list":["post-4538","post","type-post","status-publish","format-standard","hentry","category-leichtathletik"],"_links":{"self":[{"href":"https:\/\/lfv-oberholz.de\/cms\/wp-json\/wp\/v2\/posts\/4538","targetHints":{"allow":["GET"]}}],"collection":[{"href":"https:\/\/lfv-oberholz.de\/cms\/wp-json\/wp\/v2\/posts"}],"about":[{"href":"https:\/\/lfv-oberholz.de\/cms\/wp-json\/wp\/v2\/types\/post"}],"author":[{"embeddable":true,"href":"https:\/\/lfv-oberholz.de\/cms\/wp-json\/wp\/v2\/users\/8"}],"replies":[{"embeddable":true,"href":"https:\/\/lfv-oberholz.de\/cms\/wp-json\/wp\/v2\/comments?post=4538"}],"version-history":[{"count":0,"href":"https:\/\/lfv-oberholz.de\/cms\/wp-json\/wp\/v2\/posts\/4538\/revisions"}],"wp:attachment":[{"href":"https:\/\/lfv-oberholz.de\/cms\/wp-json\/wp\/v2\/media?parent=4538"}],"wp:term":[{"taxonomy":"category","embeddable":true,"href":"https:\/\/lfv-oberholz.de\/cms\/wp-json\/wp\/v2\/categories?post=4538"},{"taxonomy":"post_tag","embeddable":true,"href":"https:\/\/lfv-oberholz.de\/cms\/wp-json\/wp\/v2\/tags?post=4538"}],"curies":[{"name":"wp","href":"https:\/\/api.w.org\/{rel}","templated":true}]}}