{"id":4544,"date":"2018-03-04T21:22:31","date_gmt":"2018-03-04T20:22:31","guid":{"rendered":"http:\/\/lfv-oberholz.de\/cms\/?p=4544"},"modified":"2018-03-18T22:10:19","modified_gmt":"2018-03-18T21:10:19","slug":"3-maerz-1-ehrenamtstag-in-grosspoesna","status":"publish","type":"post","link":"https:\/\/lfv-oberholz.de\/cms\/3-maerz-1-ehrenamtstag-in-grosspoesna\/","title":{"rendered":"3. M\u00e4rz &#8211; 1. Ehrenamtstag in Gro\u00dfp\u00f6sna"},"content":{"rendered":"<p>&#8211; von J\u00f6rg Bauer &#8211;<\/p>\n<p><img loading=\"lazy\" decoding=\"async\" class=\"alignnone  wp-image-4697\" src=\"https:\/\/lfv-oberholz.de\/cms\/wp-content\/uploads\/IMG_7188-300x225.jpg\" alt=\"IMG_7188\" width=\"309\" height=\"232\" srcset=\"https:\/\/lfv-oberholz.de\/cms\/wp-content\/uploads\/IMG_7188-300x225.jpg 300w, https:\/\/lfv-oberholz.de\/cms\/wp-content\/uploads\/IMG_7188.jpg 640w\" sizes=\"auto, (max-width: 309px) 100vw, 309px\" \/> <img loading=\"lazy\" decoding=\"async\" class=\"alignnone  wp-image-4698\" src=\"https:\/\/lfv-oberholz.de\/cms\/wp-content\/uploads\/IMG-20180303-WA0012-300x225.jpg\" alt=\"IMG-20180303-WA0012\" width=\"325\" height=\"244\" srcset=\"https:\/\/lfv-oberholz.de\/cms\/wp-content\/uploads\/IMG-20180303-WA0012-300x225.jpg 300w, https:\/\/lfv-oberholz.de\/cms\/wp-content\/uploads\/IMG-20180303-WA0012.jpg 1024w\" sizes=\"auto, (max-width: 325px) 100vw, 325px\" \/><br \/>\nIn den vergangenen Jahren ehrte die Gemeindeverwaltung von Gro\u00dfp\u00f6sna im Rahmen des Rittergutsballs sehr engagierte Mitb\u00fcrger. F\u00fcr die Ausgezeichneten war dies ein super Format. F\u00fcr alle anderen G\u00e4ste des Balls st\u00f6rte es eher ein wenig den Auftakt des Tanzabends. Somit entschied die Gemeindeverwaltung gemeinsam mit anwesenden Vorst\u00e4nden des Vereinsstammtisches die Entkopplung der Ereignisse. Der Rittergutsball bleibt der gehobene Tanzabend und f\u00fcr die W\u00fcrdigung des Ehrenamtes <!--more-->wurde in diesem jahr erstmalig ein Ehrenamtstag initiiert.<\/p>\n<p>Gemeinsam mit meiner Andrea sowie Petra Pickenhayn und Roswitha Schuderer waren wir hier zu Gast, um auch im Namen des LFV Oberholz den Ausgezeichneten Ehre zu gebieten. <img loading=\"lazy\" decoding=\"async\" class=\" wp-image-4699 alignright\" src=\"https:\/\/lfv-oberholz.de\/cms\/wp-content\/uploads\/IMG-20180303-WA0015-300x168.jpg\" alt=\"IMG-20180303-WA0015\" width=\"240\" height=\"134\" srcset=\"https:\/\/lfv-oberholz.de\/cms\/wp-content\/uploads\/IMG-20180303-WA0015-300x168.jpg 300w, https:\/\/lfv-oberholz.de\/cms\/wp-content\/uploads\/IMG-20180303-WA0015-1024x576.jpg 1024w, https:\/\/lfv-oberholz.de\/cms\/wp-content\/uploads\/IMG-20180303-WA0015.jpg 1032w\" sizes=\"auto, (max-width: 240px) 100vw, 240px\" \/>Doch alles wurde anders. Auf dem &#8222;Festaktprogramm&#8220; waren unter anderem alle Nominierten namentlich aufgef\u00fchrt. V\u00f6llig \u00fcberrascht war ich, auch mich auf der Liste zu finden. Da setzte sich auch noch meine Freundin Sylke Ra\u00dfmann zu uns an den Tisch und gestand, dass ich ihr, im Namen der Eltern des Kindersports, diese Nominierung zu verdanken habe. Und es kam noch besser. F\u00fcr jeden Geehrten wurde eine pers\u00f6nliche Laudatio gehalten. F\u00fcr mich \u00fcbernahm dies Sylke.<br \/>\n<img loading=\"lazy\" decoding=\"async\" class=\" wp-image-4700 alignleft\" src=\"https:\/\/lfv-oberholz.de\/cms\/wp-content\/uploads\/IMG-20180303-WA0016-300x168.jpg\" alt=\"IMG-20180303-WA0016\" width=\"237\" height=\"133\" srcset=\"https:\/\/lfv-oberholz.de\/cms\/wp-content\/uploads\/IMG-20180303-WA0016-300x168.jpg 300w, https:\/\/lfv-oberholz.de\/cms\/wp-content\/uploads\/IMG-20180303-WA0016-1024x576.jpg 1024w, https:\/\/lfv-oberholz.de\/cms\/wp-content\/uploads\/IMG-20180303-WA0016.jpg 1032w\" sizes=\"auto, (max-width: 237px) 100vw, 237px\" \/>Die Auszeichnungen \u00fcbernahm dann unsere B\u00fcrgermeisterin Dr. Gabriela Lantzsch h\u00f6chst pers\u00f6nlich. Es gab eine wundersch\u00f6ne Ehrenmadaille aus 999-er Silber. Annegret Schrader, Verantwortliche f\u00fcr Kultur und Soziales, k\u00fcmmerte sich um die Flowerzeremonie. Wer mich kennt wei\u00df, zwischen den drei Damen f\u00fchlte ich mich \u00e4u\u00dferst wohl \ud83d\ude09<br \/>\nZur Abrundung des Abends gab es neben musikalischer Untermalung noch ein wohlschmeckendes Buffet.<\/p>\n<p>Ich bedanke mich bei der Gemeindeverwaltung, bei den B\u00fcrgern der Gemeinde, den Eltern der Kindersportgruppen und allen Vereinsmitgliedern f\u00fcr das erbrachte Vertrauen und diese wertvolle, so wundervolle und sehr emotionale Auszeichnung.<br \/>\nDANKESCH\u00d6N<\/p>\n","protected":false},"excerpt":{"rendered":"<p>&#8211; von J\u00f6rg Bauer &#8211; In den vergangenen Jahren ehrte die Gemeindeverwaltung von Gro\u00dfp\u00f6sna im Rahmen des Rittergutsballs sehr engagierte Mitb\u00fcrger. F\u00fcr die Ausgezeichneten war dies ein super Format. F\u00fcr alle anderen G\u00e4ste des Balls st\u00f6rte es eher ein wenig &hellip; <a href=\"https:\/\/lfv-oberholz.de\/cms\/3-maerz-1-ehrenamtstag-in-grosspoesna\/\">Weiterlesen <span class=\"meta-nav\">&rarr;<\/span><\/a><\/p>\n","protected":false},"author":6,"featured_media":0,"comment_status":"closed","ping_status":"closed","sticky":false,"template":"","format":"standard","meta":{"pgc_sgb_lightbox_settings":"","footnotes":""},"categories":[1],"tags":[],"class_list":["post-4544","post","type-post","status-publish","format-standard","hentry","category-allgemein"],"_links":{"self":[{"href":"https:\/\/lfv-oberholz.de\/cms\/wp-json\/wp\/v2\/posts\/4544","targetHints":{"allow":["GET"]}}],"collection":[{"href":"https:\/\/lfv-oberholz.de\/cms\/wp-json\/wp\/v2\/posts"}],"about":[{"href":"https:\/\/lfv-oberholz.de\/cms\/wp-json\/wp\/v2\/types\/post"}],"author":[{"embeddable":true,"href":"https:\/\/lfv-oberholz.de\/cms\/wp-json\/wp\/v2\/users\/6"}],"replies":[{"embeddable":true,"href":"https:\/\/lfv-oberholz.de\/cms\/wp-json\/wp\/v2\/comments?post=4544"}],"version-history":[{"count":0,"href":"https:\/\/lfv-oberholz.de\/cms\/wp-json\/wp\/v2\/posts\/4544\/revisions"}],"wp:attachment":[{"href":"https:\/\/lfv-oberholz.de\/cms\/wp-json\/wp\/v2\/media?parent=4544"}],"wp:term":[{"taxonomy":"category","embeddable":true,"href":"https:\/\/lfv-oberholz.de\/cms\/wp-json\/wp\/v2\/categories?post=4544"},{"taxonomy":"post_tag","embeddable":true,"href":"https:\/\/lfv-oberholz.de\/cms\/wp-json\/wp\/v2\/tags?post=4544"}],"curies":[{"name":"wp","href":"https:\/\/api.w.org\/{rel}","templated":true}]}}