{"id":459,"date":"2014-12-01T21:10:12","date_gmt":"2014-12-01T20:10:12","guid":{"rendered":"http:\/\/lfv-oberholz.de\/cms\/?p=459"},"modified":"2014-12-08T23:31:11","modified_gmt":"2014-12-08T22:31:11","slug":"nikolaus-heidelauf-am-30-november","status":"publish","type":"post","link":"https:\/\/lfv-oberholz.de\/cms\/nikolaus-heidelauf-am-30-november\/","title":{"rendered":"Nikolaus-Heidelauf am 30. November"},"content":{"rendered":"<p>&#8211; von Ina Uebersch\u00e4r &#8211;<\/p>\n<p>Heute war ich zum Heidelauf in der Heide bei Halle. Der Lauf wurde als Nikolauslauf durchgef\u00fchrt. Alle Teilnehmer mussten mit einer Nikolausm\u00fctze starten, es war ein sehr lustiges Starterfeld. Angeboten waren Strecken von 5, 10 und 15 km L\u00e4nge. Die\u00a0waren gegen\u00fcber den Vorjahren crossiger und bergiger, aber landschaftlich sehr sch\u00f6n.<br \/>\n<!--more--><br \/>\nIch entschied mich f\u00fcr die 10 km Distanz, welche ich in 1:12:21 h absolvierte.\u00a0Damit belegte ich den zweiten Platz bei den Damen ab 60 Jahren.<br \/>\nAlle Ergebnisse\u00a0sind unter\u00a0diesem <a href=\"http:\/\/www.heidelaufserie.de\/Ergebnisse.htm\">Link<\/a>\u00a0ver\u00f6ffentlicht zu finden.<\/p>\n","protected":false},"excerpt":{"rendered":"<p>&#8211; von Ina Uebersch\u00e4r &#8211; Heute war ich zum Heidelauf in der Heide bei Halle. Der Lauf wurde als Nikolauslauf durchgef\u00fchrt. Alle Teilnehmer mussten mit einer Nikolausm\u00fctze starten, es war ein sehr lustiges Starterfeld. Angeboten waren Strecken von 5, 10 &hellip; <a href=\"https:\/\/lfv-oberholz.de\/cms\/nikolaus-heidelauf-am-30-november\/\">Weiterlesen <span class=\"meta-nav\">&rarr;<\/span><\/a><\/p>\n","protected":false},"author":6,"featured_media":0,"comment_status":"closed","ping_status":"closed","sticky":false,"template":"","format":"standard","meta":{"pgc_sgb_lightbox_settings":"","footnotes":""},"categories":[1,5],"tags":[],"class_list":["post-459","post","type-post","status-publish","format-standard","hentry","category-allgemein","category-leichtathletik"],"_links":{"self":[{"href":"https:\/\/lfv-oberholz.de\/cms\/wp-json\/wp\/v2\/posts\/459","targetHints":{"allow":["GET"]}}],"collection":[{"href":"https:\/\/lfv-oberholz.de\/cms\/wp-json\/wp\/v2\/posts"}],"about":[{"href":"https:\/\/lfv-oberholz.de\/cms\/wp-json\/wp\/v2\/types\/post"}],"author":[{"embeddable":true,"href":"https:\/\/lfv-oberholz.de\/cms\/wp-json\/wp\/v2\/users\/6"}],"replies":[{"embeddable":true,"href":"https:\/\/lfv-oberholz.de\/cms\/wp-json\/wp\/v2\/comments?post=459"}],"version-history":[{"count":0,"href":"https:\/\/lfv-oberholz.de\/cms\/wp-json\/wp\/v2\/posts\/459\/revisions"}],"wp:attachment":[{"href":"https:\/\/lfv-oberholz.de\/cms\/wp-json\/wp\/v2\/media?parent=459"}],"wp:term":[{"taxonomy":"category","embeddable":true,"href":"https:\/\/lfv-oberholz.de\/cms\/wp-json\/wp\/v2\/categories?post=459"},{"taxonomy":"post_tag","embeddable":true,"href":"https:\/\/lfv-oberholz.de\/cms\/wp-json\/wp\/v2\/tags?post=459"}],"curies":[{"name":"wp","href":"https:\/\/api.w.org\/{rel}","templated":true}]}}