{"id":461,"date":"2014-12-08T21:52:03","date_gmt":"2014-12-08T20:52:03","guid":{"rendered":"http:\/\/lfv-oberholz.de\/cms\/?p=461"},"modified":"2014-12-08T22:51:35","modified_gmt":"2014-12-08T21:51:35","slug":"awakening-erwachen-auf-den-spuren-deutscher-teilung","status":"publish","type":"post","link":"https:\/\/lfv-oberholz.de\/cms\/awakening-erwachen-auf-den-spuren-deutscher-teilung\/","title":{"rendered":"Awakening \u2013 Erwachen, auf den Spuren Deutscher Teilung"},"content":{"rendered":"<p>&#8211; von Tilo Wilhelm &#8211;<\/p>\n<p>2. Advent 2014, &#8222;Awakening \u2013 Erwachen, auf den Spuren Deutscher Teilung&#8220; 30-km-Lauf Berlin in 2:49 h<\/p>\n<p>Start Mitte 07:00 Uhr \u2013 Kanzleramt \u2013 Reichstag \u2013 Brandenburger Tor \u2013 Potsdamer Platz\/ Sonycenter \u2013 Zimmerstra\u00dfe \u2013 Check Point Charly \u2013 Asisis Panometer \u2013 Gedenkst\u00e4tte Peter Fechter \u2013 Kreuzberg \u2013 Oberbaumbr\u00fccke \u2013 East Side Galery \u2013 Alexanderplatz mit Rotem Rathaus und Fernsehturm \u2013 Oranienburger Stra\u00dfe \u2013 Hamburger Stra\u00dfe \u2013 Sophienkirche \u2013 Nordbahnhof \u2013 Bernauer Stra\u00dfe \u2013 Mauerpark \u2013 Jahn Sportpark \u2013 Bornholmer Stra\u00dfe \u2013 Gesundbrunnen \u2013 Humboldthain \u2013 Gartenstra\u00dfe \u2013 Scharnhorststra\u00dfe \u2013 Wedding \u2013 Baptistengemeinde M\u00fcllerstra\u00dfe.<\/p>\n<p><!--more-->Der Morgen erhellte sich m\u00fchsam, gesegnet vom Anblick be(er)leuchteter Sehensw\u00fcrdigkeiten, insbesondere das ad(e)ventlich inszenierte Leuchtensemble im Sonycenter stationierten meine ersten Laufkilometer durch die noch schlafende Hauptstadt. Zimmerstra\u00dfe, emotionale Erinnerungen an den August, am Denkmal Peter Fechters stieg Trauer, Wut in mir auf, der Saft in die Augen und ich sagte mir zu: \u201eDiese Dreckschweine!\u201c Ein 18-j\u00e4hriges Leben auszul\u00f6schen in Berufung auf willk\u00fcrlich selbst aufgestellte Gesetze &#8211; und diese Dinge, nur in verborgener, in anderer Umkleidung passieren heute wieder, nur dass die Mauern in den K\u00f6pfen der Menschen errichtet w(u)erden!<\/p>\n<p>East Side Galerie \u2013 stets fasziniert mich diese Mischung aus Gedenken und Kunst besonders. Ich entdecke jedes Mal etwas Neues dort. Allein die Perspektive zu einem Bild zu ver\u00e4ndern l\u00e4sst andere Details wahrnehmen. Weiter zum Alex, von dort entlang der Spree zur Oranienburger, Hamburger Stra\u00dfe zum Nordbahnhof und Bernauer Stra\u00dfe, ein weiterer Ort hoch emotionalem Erinnerns.<\/p>\n<p>Vom Friedrich-Ludwig-Jahn-Sportpark, Start- und Zielpunkt des 100-Meilen-Mauerlaufs bei km 19, f\u00fchrte mein Weg weiter n\u00f6rdlich, dem Mauerweg folgend, Bornholmer Stra\u00dfe, Kirschbl\u00fcten. Unter einer Br\u00fccke die Wohnstatt eines Obdachlosen \u2013 armes Deutschland, arme Welt, so etwas Unw\u00fcrdiges zuzulassen! \u00dcber Gesundbrunnen und Humboldthain angesichts ehemaliger Stadtverteidigungsanlagen des Zweiten Weltkriegs, streifte ich nochmals den ehemaligen Teilungsverlauf der Stadt, um im Wedding und der dortigen Glaubensgemeinschaft zu stranden. Liebgewonnene Menschen noch einmal im sich zum Finale neigenden Jahres wieder sehen, geistliche Impulse aufnehmen und zufrieden, eingedenk eines bewegenden Sonntagmorgens auf den Tag und die neue Woche eingeschwungen.<\/p>\n","protected":false},"excerpt":{"rendered":"<p>&#8211; von Tilo Wilhelm &#8211; 2. Advent 2014, &#8222;Awakening \u2013 Erwachen, auf den Spuren Deutscher Teilung&#8220; 30-km-Lauf Berlin in 2:49 h Start Mitte 07:00 Uhr \u2013 Kanzleramt \u2013 Reichstag \u2013 Brandenburger Tor \u2013 Potsdamer Platz\/ Sonycenter \u2013 Zimmerstra\u00dfe \u2013 Check &hellip; <a href=\"https:\/\/lfv-oberholz.de\/cms\/awakening-erwachen-auf-den-spuren-deutscher-teilung\/\">Weiterlesen <span class=\"meta-nav\">&rarr;<\/span><\/a><\/p>\n","protected":false},"author":6,"featured_media":0,"comment_status":"closed","ping_status":"closed","sticky":false,"template":"","format":"standard","meta":{"pgc_sgb_lightbox_settings":"","footnotes":""},"categories":[1,5],"tags":[],"class_list":["post-461","post","type-post","status-publish","format-standard","hentry","category-allgemein","category-leichtathletik"],"_links":{"self":[{"href":"https:\/\/lfv-oberholz.de\/cms\/wp-json\/wp\/v2\/posts\/461","targetHints":{"allow":["GET"]}}],"collection":[{"href":"https:\/\/lfv-oberholz.de\/cms\/wp-json\/wp\/v2\/posts"}],"about":[{"href":"https:\/\/lfv-oberholz.de\/cms\/wp-json\/wp\/v2\/types\/post"}],"author":[{"embeddable":true,"href":"https:\/\/lfv-oberholz.de\/cms\/wp-json\/wp\/v2\/users\/6"}],"replies":[{"embeddable":true,"href":"https:\/\/lfv-oberholz.de\/cms\/wp-json\/wp\/v2\/comments?post=461"}],"version-history":[{"count":0,"href":"https:\/\/lfv-oberholz.de\/cms\/wp-json\/wp\/v2\/posts\/461\/revisions"}],"wp:attachment":[{"href":"https:\/\/lfv-oberholz.de\/cms\/wp-json\/wp\/v2\/media?parent=461"}],"wp:term":[{"taxonomy":"category","embeddable":true,"href":"https:\/\/lfv-oberholz.de\/cms\/wp-json\/wp\/v2\/categories?post=461"},{"taxonomy":"post_tag","embeddable":true,"href":"https:\/\/lfv-oberholz.de\/cms\/wp-json\/wp\/v2\/tags?post=461"}],"curies":[{"name":"wp","href":"https:\/\/api.w.org\/{rel}","templated":true}]}}