{"id":463,"date":"2014-12-08T20:05:24","date_gmt":"2014-12-08T19:05:24","guid":{"rendered":"http:\/\/lfv-oberholz.de\/cms\/?p=463"},"modified":"2015-02-06T17:28:48","modified_gmt":"2015-02-06T16:28:48","slug":"eulaer-adventslauf-am-7-dezember","status":"publish","type":"post","link":"https:\/\/lfv-oberholz.de\/cms\/eulaer-adventslauf-am-7-dezember\/","title":{"rendered":"Eulaer Adventslauf am 7. Dezember"},"content":{"rendered":"<p>Wie immer am zweiten Adventsfeiertag, riefen die Sportsfreunde des SV Eula alle L\u00e4ufer der Region einher. Mit einfachem Mitteln und Ideenreichtum wurde liebevoll die Turnhalle des Vereins f\u00fcr das bevorstehende Laufevent aufgewertet und zur heimlichen Heimat des Nikolaus umgestaltet. Dieser lie\u00df auch nicht lange auf sich warten und begr\u00fc\u00dfte vorrangig die J\u00fcngsten unter den zahlreich angereisten Laufbegeisterten.<br \/>\n<!--more--><br \/>\nGegen 9.45 Uhr fiel der Startschuss zum 400 Meter langen Bambinilauf. Jeder der kleinen Steppkes erhielt im Ziel eine s\u00fc\u00dfe Aufmerksamkeit. Ab 10.00 Uhr starteten dann der 9 Kilometer Hauptlauf, die 5 km Walkingtour sowie der 3 km Lauf.<br \/>\nMarc Werner und Olaf Uebersch\u00e4r mischten sich in die Spitzengruppe. Marc konnte das Rennen dann f\u00fcr sich entscheiden und lief als Schnellster im Ziel ein. F\u00fcr Olaf reichte es immerhin f\u00fcr einen sch\u00f6nen vierten Rang. Bei den Frauen setzte sich Anna Kristin Fischer gegen die reifere Konkurrenz durch.<br \/>\nDer LFV war auf allen Strecken vertreten. Mit von der Partie waren nachstehende Oberholzer:<\/p>\n<p><strong>9 km Lauf<\/strong><br \/>\nMarc Werner, 1. ges. \/ M35, 0:29:49 h,<br \/>\nDr. Olaf Uebersch\u00e4r, 4. Platz ges., 1. M30, 0:31:20 h,<br \/>\n(Anna Kristin Fischer, 15. Platz ges., 1. w, 1. WJB, 0:36:34 h)<br \/>\nJ\u00f6rg Bauer, 54. Platz ges., 50. m, 13. M40, 0:42:52 h,<br \/>\nAlexandra Beller, 70. Platz ges., 7. w, 1. W35, 0:44:02 h,<br \/>\nFalk Weidel, 71. Platz ges., 64. m, 16. M40, 0:44:09 h,<br \/>\nMarco Fischer, 85. Platz ges., 76. m, 18. M40, 0:45:54 h,<br \/>\nKathleen Fell, 194. Platz ges., 47. w, 11. W, 0:56:46 h,<br \/>\nDr. Ina Uebersch\u00e4r, 219. Platz ges., 58. w, 2. W60, 1:01:53 h,<\/p>\n<p><strong>5 km Walking<\/strong><br \/>\nJana Fischer<\/p>\n<p><strong>3 km Lauf<\/strong><br \/>\nGina Hartwig, 38. Platz ges., 10. w, 7. Platz WS, 0:13:29 h;<br \/>\nIsabel Miersch, 146. Platz ges., 61. w, 31. WS, 0:18:13 h;<br \/>\nAnja Miersch, 147. Platz ges., 62. w, 4. WJB, 0:18:15 h<\/p>\n<p><strong>400 m Bambinilauf<\/strong><br \/>\nElias Werner<\/p>\n","protected":false},"excerpt":{"rendered":"<p>Wie immer am zweiten Adventsfeiertag, riefen die Sportsfreunde des SV Eula alle L\u00e4ufer der Region einher. Mit einfachem Mitteln und Ideenreichtum wurde liebevoll die Turnhalle des Vereins f\u00fcr das bevorstehende Laufevent aufgewertet und zur heimlichen Heimat des Nikolaus umgestaltet. Dieser &hellip; <a href=\"https:\/\/lfv-oberholz.de\/cms\/eulaer-adventslauf-am-7-dezember\/\">Weiterlesen <span class=\"meta-nav\">&rarr;<\/span><\/a><\/p>\n","protected":false},"author":8,"featured_media":0,"comment_status":"closed","ping_status":"closed","sticky":false,"template":"","format":"standard","meta":{"pgc_sgb_lightbox_settings":"","footnotes":""},"categories":[1,5],"tags":[],"class_list":["post-463","post","type-post","status-publish","format-standard","hentry","category-allgemein","category-leichtathletik"],"_links":{"self":[{"href":"https:\/\/lfv-oberholz.de\/cms\/wp-json\/wp\/v2\/posts\/463","targetHints":{"allow":["GET"]}}],"collection":[{"href":"https:\/\/lfv-oberholz.de\/cms\/wp-json\/wp\/v2\/posts"}],"about":[{"href":"https:\/\/lfv-oberholz.de\/cms\/wp-json\/wp\/v2\/types\/post"}],"author":[{"embeddable":true,"href":"https:\/\/lfv-oberholz.de\/cms\/wp-json\/wp\/v2\/users\/8"}],"replies":[{"embeddable":true,"href":"https:\/\/lfv-oberholz.de\/cms\/wp-json\/wp\/v2\/comments?post=463"}],"version-history":[{"count":0,"href":"https:\/\/lfv-oberholz.de\/cms\/wp-json\/wp\/v2\/posts\/463\/revisions"}],"wp:attachment":[{"href":"https:\/\/lfv-oberholz.de\/cms\/wp-json\/wp\/v2\/media?parent=463"}],"wp:term":[{"taxonomy":"category","embeddable":true,"href":"https:\/\/lfv-oberholz.de\/cms\/wp-json\/wp\/v2\/categories?post=463"},{"taxonomy":"post_tag","embeddable":true,"href":"https:\/\/lfv-oberholz.de\/cms\/wp-json\/wp\/v2\/tags?post=463"}],"curies":[{"name":"wp","href":"https:\/\/api.w.org\/{rel}","templated":true}]}}