{"id":4769,"date":"2018-03-18T22:09:10","date_gmt":"2018-03-18T21:09:10","guid":{"rendered":"http:\/\/lfv-oberholz.de\/cms\/?p=4769"},"modified":"2018-03-20T22:25:02","modified_gmt":"2018-03-20T21:25:02","slug":"vincent-hoyer-wird-sachsenmeister-beim-dresdner-citylauf","status":"publish","type":"post","link":"https:\/\/lfv-oberholz.de\/cms\/vincent-hoyer-wird-sachsenmeister-beim-dresdner-citylauf\/","title":{"rendered":"Vincent Hoyer wird erneut Sachsenmeister"},"content":{"rendered":"<p>&#8230; beim Dresdner Citylauf,<br \/>\neinem Stadtlauf auf hohem Niveau.<br \/>\n<a href=\"https:\/\/lfv-oberholz.de\/cms\/wp-content\/uploads\/FB_IMG_1521400729758.jpg\"><img loading=\"lazy\" decoding=\"async\" class=\"alignnone wp-image-4771\" src=\"https:\/\/lfv-oberholz.de\/cms\/wp-content\/uploads\/FB_IMG_1521400729758-300x200.jpg\" alt=\"FB_IMG_1521400729758\" width=\"299\" height=\"199\" srcset=\"https:\/\/lfv-oberholz.de\/cms\/wp-content\/uploads\/FB_IMG_1521400729758-300x200.jpg 300w, https:\/\/lfv-oberholz.de\/cms\/wp-content\/uploads\/FB_IMG_1521400729758-1024x682.jpg 1024w, https:\/\/lfv-oberholz.de\/cms\/wp-content\/uploads\/FB_IMG_1521400729758.jpg 1080w\" sizes=\"auto, (max-width: 299px) 100vw, 299px\" \/><\/a> <a href=\"https:\/\/lfv-oberholz.de\/cms\/wp-content\/uploads\/FB_IMG_1521400848379.jpg\"><img loading=\"lazy\" decoding=\"async\" class=\"alignnone wp-image-4774\" src=\"https:\/\/lfv-oberholz.de\/cms\/wp-content\/uploads\/FB_IMG_1521400848379-300x200.jpg\" alt=\"FB_IMG_1521400848379\" width=\"336\" height=\"224\" srcset=\"https:\/\/lfv-oberholz.de\/cms\/wp-content\/uploads\/FB_IMG_1521400848379-300x200.jpg 300w, https:\/\/lfv-oberholz.de\/cms\/wp-content\/uploads\/FB_IMG_1521400848379-1024x682.jpg 1024w, https:\/\/lfv-oberholz.de\/cms\/wp-content\/uploads\/FB_IMG_1521400848379.jpg 1080w\" sizes=\"auto, (max-width: 336px) 100vw, 336px\" \/><\/a><br \/>\nHeute startete <a href=\"https:\/\/lfv-oberholz.de\/cms\/athleten\/hoyer-vincent\/\">Vincent Hoyer<\/a> in der s\u00e4chsischen Landeshauptstadt \u00fcber 10 km des Citylaufes. Mit einer Top Zeit von 31:33 Minuten wurde er Landesmeister. Gratulation!<\/p>\n<p>&#8211; Zitat von Vincent &#8211;<\/p>\n<p>&#8222;Der 28. Internationaler Karstadt sports Citylauf in Dresden &#8211; ein erster harter Wettkampf in diesem Jahr und ein Formtest \u00fcber die 10 km. Das war der Plan. Daraus geworden ist ein schneller Trainingslauf mit einer Endzeit von 31:31 min., Platz 6 gesamt und dem Landesmeistertitel im Trikot des LFV Oberholz e.V.! <!--more--><\/p>\n<p>Warum \u201enur\u201c Trainingslauf? Es war (mir) viel zu kalt! Ich gehe bei solchen Temperaturen einfach kein Risiko ein, sowohl hartes Training als auch Wettk\u00e4mpfe werden ab 0 Grad mit angezogener Handbremse absolviert :-). Gesundheit geht vor ! Dennoch wollte ich mir diesen sch\u00f6nen Lauf in und durch Dresden nicht entgehen lassen, daher &#8211; trotz tiefer \u00dcberlegung, ob \u00fcberhaupt &#8211; der Start.<\/p>\n<p>Gro\u00dfes Lob an die Laufszene Sachsen f\u00fcr die perfekte Streckenpr\u00e4parierung, da weder Eis noch Schnee auf der Laufstrecke gesichtet werden konnten und auch sonst alles daf\u00fcr getan wurde, den L\u00e4ufern einen warmen Empfang und einen sch\u00f6nen Wettkampf zu bieten.<\/p>\n<p>Vielen Dank an meine Unterst\u00fctzer, New Balance Deutschland f\u00fcr die Ausr\u00fcstung, Raab Vitalfood f\u00fcr die Verpflegung, SZIOLS Sportsglasses f\u00fcr den allzeit guten Durchblick, Physiotherapie Petzold-Praxis f\u00fcr Osteopathie und Sportphysiotherapie f\u00fcr die Behandlung und St\u00e4rkung des geschundenen K\u00f6rpers und SPOORTH f\u00fcr die Trainingsplanung und -unterst\u00fctzung!<\/p>\n<p>Die n\u00e4chsten Wettk\u00e4mpfe k\u00f6nnen kommen.&#8220;<\/p>\n<p><a href=\"https:\/\/lfv-oberholz.de\/cms\/wp-content\/uploads\/FB_IMG_1521400791957.jpg\"><img loading=\"lazy\" decoding=\"async\" class=\"alignleft wp-image-4773 size-medium\" src=\"https:\/\/lfv-oberholz.de\/cms\/wp-content\/uploads\/FB_IMG_1521400791957-300x200.jpg\" alt=\"FB_IMG_1521400791957\" width=\"300\" height=\"200\" srcset=\"https:\/\/lfv-oberholz.de\/cms\/wp-content\/uploads\/FB_IMG_1521400791957-300x200.jpg 300w, https:\/\/lfv-oberholz.de\/cms\/wp-content\/uploads\/FB_IMG_1521400791957-1024x682.jpg 1024w, https:\/\/lfv-oberholz.de\/cms\/wp-content\/uploads\/FB_IMG_1521400791957.jpg 1080w\" sizes=\"auto, (max-width: 300px) 100vw, 300px\" \/><\/a>Gl\u00fcckwunsch zu nachstehendem Resultat:<\/p>\n<p>10 km<br \/>\n31:33 min, 6. Platz ges., 4. Platz AK MHK,<br \/>\n1. Platz Landesmeisterschaft Sachsen<\/p>\n<p>&nbsp;<\/p>\n<p>&nbsp;<\/p>\n<p>&nbsp;<\/p>\n<p>Bildquelle: Laufszene Sachsen, RunnersWorld Fotograf Norbert Wilhelmi<br \/>\n<a href=\"https:\/\/lfv-oberholz.de\/cms\/wp-content\/uploads\/FB_IMG_1521400714327.jpg\"><img loading=\"lazy\" decoding=\"async\" class=\"alignnone wp-image-4770\" src=\"https:\/\/lfv-oberholz.de\/cms\/wp-content\/uploads\/FB_IMG_1521400714327-300x200.jpg\" alt=\"FB_IMG_1521400714327\" width=\"317\" height=\"211\" srcset=\"https:\/\/lfv-oberholz.de\/cms\/wp-content\/uploads\/FB_IMG_1521400714327-300x200.jpg 300w, https:\/\/lfv-oberholz.de\/cms\/wp-content\/uploads\/FB_IMG_1521400714327-1024x682.jpg 1024w, https:\/\/lfv-oberholz.de\/cms\/wp-content\/uploads\/FB_IMG_1521400714327.jpg 1080w\" sizes=\"auto, (max-width: 317px) 100vw, 317px\" \/><\/a> <a href=\"https:\/\/lfv-oberholz.de\/cms\/wp-content\/uploads\/FB_IMG_1521400772695.jpg\"><img loading=\"lazy\" decoding=\"async\" class=\"alignnone wp-image-4772\" src=\"https:\/\/lfv-oberholz.de\/cms\/wp-content\/uploads\/FB_IMG_1521400772695-300x200.jpg\" alt=\"FB_IMG_1521400772695\" width=\"317\" height=\"211\" srcset=\"https:\/\/lfv-oberholz.de\/cms\/wp-content\/uploads\/FB_IMG_1521400772695-300x200.jpg 300w, https:\/\/lfv-oberholz.de\/cms\/wp-content\/uploads\/FB_IMG_1521400772695-1024x682.jpg 1024w, https:\/\/lfv-oberholz.de\/cms\/wp-content\/uploads\/FB_IMG_1521400772695.jpg 1080w\" sizes=\"auto, (max-width: 317px) 100vw, 317px\" \/><\/a><\/p>\n","protected":false},"excerpt":{"rendered":"<p>&#8230; beim Dresdner Citylauf, einem Stadtlauf auf hohem Niveau. Heute startete Vincent Hoyer in der s\u00e4chsischen Landeshauptstadt \u00fcber 10 km des Citylaufes. Mit einer Top Zeit von 31:33 Minuten wurde er Landesmeister. Gratulation! &#8211; Zitat von Vincent &#8211; &#8222;Der 28. &hellip; <a href=\"https:\/\/lfv-oberholz.de\/cms\/vincent-hoyer-wird-sachsenmeister-beim-dresdner-citylauf\/\">Weiterlesen <span class=\"meta-nav\">&rarr;<\/span><\/a><\/p>\n","protected":false},"author":6,"featured_media":0,"comment_status":"closed","ping_status":"closed","sticky":false,"template":"","format":"standard","meta":{"pgc_sgb_lightbox_settings":"","footnotes":""},"categories":[5],"tags":[],"class_list":["post-4769","post","type-post","status-publish","format-standard","hentry","category-leichtathletik"],"_links":{"self":[{"href":"https:\/\/lfv-oberholz.de\/cms\/wp-json\/wp\/v2\/posts\/4769","targetHints":{"allow":["GET"]}}],"collection":[{"href":"https:\/\/lfv-oberholz.de\/cms\/wp-json\/wp\/v2\/posts"}],"about":[{"href":"https:\/\/lfv-oberholz.de\/cms\/wp-json\/wp\/v2\/types\/post"}],"author":[{"embeddable":true,"href":"https:\/\/lfv-oberholz.de\/cms\/wp-json\/wp\/v2\/users\/6"}],"replies":[{"embeddable":true,"href":"https:\/\/lfv-oberholz.de\/cms\/wp-json\/wp\/v2\/comments?post=4769"}],"version-history":[{"count":0,"href":"https:\/\/lfv-oberholz.de\/cms\/wp-json\/wp\/v2\/posts\/4769\/revisions"}],"wp:attachment":[{"href":"https:\/\/lfv-oberholz.de\/cms\/wp-json\/wp\/v2\/media?parent=4769"}],"wp:term":[{"taxonomy":"category","embeddable":true,"href":"https:\/\/lfv-oberholz.de\/cms\/wp-json\/wp\/v2\/categories?post=4769"},{"taxonomy":"post_tag","embeddable":true,"href":"https:\/\/lfv-oberholz.de\/cms\/wp-json\/wp\/v2\/tags?post=4769"}],"curies":[{"name":"wp","href":"https:\/\/api.w.org\/{rel}","templated":true}]}}