{"id":4890,"date":"2018-03-27T18:41:21","date_gmt":"2018-03-27T16:41:21","guid":{"rendered":"http:\/\/lfv-oberholz.de\/cms\/?p=4890"},"modified":"2018-04-01T21:57:57","modified_gmt":"2018-04-01T19:57:57","slug":"16-leipziger-aok-plus-fruehjahrslauf","status":"publish","type":"post","link":"https:\/\/lfv-oberholz.de\/cms\/16-leipziger-aok-plus-fruehjahrslauf\/","title":{"rendered":"16. Leipziger AOK Plus Fr\u00fchjahrslauf"},"content":{"rendered":"<p>Nach einer ordentlichen Erw\u00e4rmung ging es beim Fr\u00fchjahrslauf am 24. M\u00e4rz richtig los.<br \/>\n<img loading=\"lazy\" decoding=\"async\" class=\"alignnone  wp-image-4893\" src=\"https:\/\/lfv-oberholz.de\/cms\/wp-content\/uploads\/IMG-20180324-WA0012-300x225.jpg\" alt=\"IMG-20180324-WA0012\" width=\"316\" height=\"237\" srcset=\"https:\/\/lfv-oberholz.de\/cms\/wp-content\/uploads\/IMG-20180324-WA0012-300x225.jpg 300w, https:\/\/lfv-oberholz.de\/cms\/wp-content\/uploads\/IMG-20180324-WA0012-1024x768.jpg 1024w, https:\/\/lfv-oberholz.de\/cms\/wp-content\/uploads\/IMG-20180324-WA0012.jpg 1280w\" sizes=\"auto, (max-width: 316px) 100vw, 316px\" \/> <img loading=\"lazy\" decoding=\"async\" class=\"alignnone  wp-image-4892\" src=\"https:\/\/lfv-oberholz.de\/cms\/wp-content\/uploads\/IMG-20180324-WA0010-300x225.jpg\" alt=\"IMG-20180324-WA0010\" width=\"316\" height=\"237\" srcset=\"https:\/\/lfv-oberholz.de\/cms\/wp-content\/uploads\/IMG-20180324-WA0010-300x225.jpg 300w, https:\/\/lfv-oberholz.de\/cms\/wp-content\/uploads\/IMG-20180324-WA0010-1024x768.jpg 1024w, https:\/\/lfv-oberholz.de\/cms\/wp-content\/uploads\/IMG-20180324-WA0010.jpg 1280w\" sizes=\"auto, (max-width: 316px) 100vw, 316px\" \/><br \/>\nDiesmal r\u00e4umten auch unsere Kinder einiges mit ab. Viviane Kempe, Rosalie Messing und <a href=\"https:\/\/lfv-oberholz.de\/cms\/athleten\/bauer-pascal\/\">Pascal Bauer<\/a> schafften es \u00fcber 2 km in ihren Altersklassen auf das Siegerpodest. Jonas Schreiter und Nele Ra\u00dfmann (Nele auf 5 km) vehrfehlten dieses jeweils mit Platz 4 nur knapp. Die 10 km gewann Sascha Str\u00f6tzel vor\u00a0 Dr. Olaf Uebersch\u00e4r (beide f\u00fcr den SC DHfK unterwegs). <a href=\"https:\/\/lfv-oberholz.de\/cms\/athleten\/pflueger-sebastian\/\">Sebastian Pfl\u00fcger<\/a>, <a href=\"https:\/\/lfv-oberholz.de\/cms\/athleten\/schumann-rene\/\">Rene Schumann<\/a> und Marco Sander <!--more-->waren dann die Schnellsten unter unserem Namen laufend. Weiterhin waren Birit Plewe und Diana Werner f\u00fcr den LFV am Start.<\/p>\n<p>Folgende Ergebnisse wurden erzielt:<\/p>\n<p>2 km<br \/>\n9:13 min, Viviane Kempe, 1. Platz AK W U8<br \/>\n10:04 min, Rosalie Messing, 2. Platz AK W U8<br \/>\n11:12 min, Jonas Schreiter, 4. Platz AK M U10<br \/>\n11:54 min, <a href=\"https:\/\/lfv-oberholz.de\/cms\/athleten\/bauer-pascal\/\">Pascal Bauer<\/a>, 3. Platz AK M U8<br \/>\n<img loading=\"lazy\" decoding=\"async\" class=\"alignnone size-medium wp-image-4894\" src=\"https:\/\/lfv-oberholz.de\/cms\/wp-content\/uploads\/IMG-20180324-WA0014-300x169.jpg\" alt=\"IMG-20180324-WA0014\" width=\"300\" height=\"169\" srcset=\"https:\/\/lfv-oberholz.de\/cms\/wp-content\/uploads\/IMG-20180324-WA0014-300x169.jpg 300w, https:\/\/lfv-oberholz.de\/cms\/wp-content\/uploads\/IMG-20180324-WA0014-1024x578.jpg 1024w, https:\/\/lfv-oberholz.de\/cms\/wp-content\/uploads\/IMG-20180324-WA0014.jpg 1280w\" sizes=\"auto, (max-width: 300px) 100vw, 300px\" \/> <img loading=\"lazy\" decoding=\"async\" class=\"alignnone  wp-image-4895\" src=\"https:\/\/lfv-oberholz.de\/cms\/wp-content\/uploads\/IMG-20180324-WA0015-300x169.jpg\" alt=\"IMG-20180324-WA0015\" width=\"334\" height=\"188\" srcset=\"https:\/\/lfv-oberholz.de\/cms\/wp-content\/uploads\/IMG-20180324-WA0015-300x169.jpg 300w, https:\/\/lfv-oberholz.de\/cms\/wp-content\/uploads\/IMG-20180324-WA0015-1024x578.jpg 1024w, https:\/\/lfv-oberholz.de\/cms\/wp-content\/uploads\/IMG-20180324-WA0015.jpg 1280w\" sizes=\"auto, (max-width: 334px) 100vw, 334px\" \/><\/p>\n<p>5 km<br \/>\n24:05 min, Nele Ra\u00dfmann, 4. Platz AK W U14<\/p>\n<p>10 km<br \/>\n(33:35 min, Dr. Olaf Uebersch\u00e4r, 1. Platz AK M30, 2. Platz total)<br \/>\n37:50 min, <a href=\"https:\/\/lfv-oberholz.de\/cms\/athleten\/pflueger-sebastian\/\">Sebastian Pfl\u00fcger<\/a>, 8. Platz AK M30<br \/>\n39:04 min, <a href=\"https:\/\/lfv-oberholz.de\/cms\/athleten\/schumann-rene\/\">Rene Schumann<\/a>, 12. Platz AK M35<br \/>\n39:52 min, Marco Sander, 10. Platz AK M30<br \/>\n49:06 min, Birgit Plewe, 6. Platz AK W50<br \/>\n56:11 min, Diana Werner, 18. Platz AK W40<\/p>\n","protected":false},"excerpt":{"rendered":"<p>Nach einer ordentlichen Erw\u00e4rmung ging es beim Fr\u00fchjahrslauf am 24. M\u00e4rz richtig los. Diesmal r\u00e4umten auch unsere Kinder einiges mit ab. Viviane Kempe, Rosalie Messing und Pascal Bauer schafften es \u00fcber 2 km in ihren Altersklassen auf das Siegerpodest. Jonas &hellip; <a href=\"https:\/\/lfv-oberholz.de\/cms\/16-leipziger-aok-plus-fruehjahrslauf\/\">Weiterlesen <span class=\"meta-nav\">&rarr;<\/span><\/a><\/p>\n","protected":false},"author":6,"featured_media":0,"comment_status":"closed","ping_status":"closed","sticky":false,"template":"","format":"standard","meta":{"pgc_sgb_lightbox_settings":"","footnotes":""},"categories":[5],"tags":[],"class_list":["post-4890","post","type-post","status-publish","format-standard","hentry","category-leichtathletik"],"_links":{"self":[{"href":"https:\/\/lfv-oberholz.de\/cms\/wp-json\/wp\/v2\/posts\/4890","targetHints":{"allow":["GET"]}}],"collection":[{"href":"https:\/\/lfv-oberholz.de\/cms\/wp-json\/wp\/v2\/posts"}],"about":[{"href":"https:\/\/lfv-oberholz.de\/cms\/wp-json\/wp\/v2\/types\/post"}],"author":[{"embeddable":true,"href":"https:\/\/lfv-oberholz.de\/cms\/wp-json\/wp\/v2\/users\/6"}],"replies":[{"embeddable":true,"href":"https:\/\/lfv-oberholz.de\/cms\/wp-json\/wp\/v2\/comments?post=4890"}],"version-history":[{"count":0,"href":"https:\/\/lfv-oberholz.de\/cms\/wp-json\/wp\/v2\/posts\/4890\/revisions"}],"wp:attachment":[{"href":"https:\/\/lfv-oberholz.de\/cms\/wp-json\/wp\/v2\/media?parent=4890"}],"wp:term":[{"taxonomy":"category","embeddable":true,"href":"https:\/\/lfv-oberholz.de\/cms\/wp-json\/wp\/v2\/categories?post=4890"},{"taxonomy":"post_tag","embeddable":true,"href":"https:\/\/lfv-oberholz.de\/cms\/wp-json\/wp\/v2\/tags?post=4890"}],"curies":[{"name":"wp","href":"https:\/\/api.w.org\/{rel}","templated":true}]}}