{"id":491,"date":"2015-01-01T20:22:06","date_gmt":"2015-01-01T19:22:06","guid":{"rendered":"http:\/\/lfv-oberholz.de\/cms\/?p=491"},"modified":"2015-02-10T21:52:03","modified_gmt":"2015-02-10T20:52:03","slug":"jahreswechsel-sportlich-vollzogen","status":"publish","type":"post","link":"https:\/\/lfv-oberholz.de\/cms\/jahreswechsel-sportlich-vollzogen\/","title":{"rendered":"Jahreswechsel sportlich vollzogen"},"content":{"rendered":"<p>Viele LFV-er haben auch diesmal ihre sportlichen Aktivit\u00e4ten zum Jahreswechsel nicht weiter eingeschr\u00e4nkt. Die Einen beendeten das alte Jahr bei diversen Silvesterl\u00e4ufen, andere begannen 2015 mit einer Teilnahme beim Neujahrslauf.<!--more--><br \/>\nAlleine beim Leipziger Silvesterlauf konnten wir 17 Starts unserer Vereinsmitglieder z\u00e4hlen. Den Sportlichen Jahresausklang bestritten etwa 480 L\u00e4ufer gemeinsam und rutschten im wahrsten Sinne des Wortes bei Schneematsch und -gl\u00e4tte dem Jahresende entgegen. Bei weiteren Silvesterl\u00e4ufen waren 1 Oberholzerin in Bad D\u00fcben, 2 in Gera und 2 in Wurzen unterwegs.<br \/>\nZum Neujahrslauf in der Leipziger City begr\u00fc\u00dften sich unter gesch\u00e4tzten 800 Teilnehmern 9 LFV-er und starteten auf dem 1,2 km Rund ins beginnende Sportjahr 2015.<\/p>\n<p>Nachstehende Ergebnisse konnten recherchiert werden:<\/p>\n<p>&#8211; beim Silvesterlauf in Bad D\u00fcben (27.12.2014)<br \/>\n10km<br \/>\n1. Platz total, Antje M\u00fcller, 0:47:14,0 h<\/p>\n<p>&#8211; zum Silvesterlauf in Leipzig (31.12.2014)<br \/>\n10 km<br \/>\n4. Platz total, Marc Werner; 0:35:19 h<br \/>\n(23. Platz m, Gregor Bogen, 0:39:53 h)<br \/>\n(2. Platz w, Kathrin Bogen, 0:42:08 h)<br \/>\n89. Platz m, Heiko H\u00e4usler, 0:47:00 h<br \/>\n95. Platz m, Manfred Thomas, 0:47:31 h<br \/>\n98. Platz m, Klaus Ehrlich, 0:47:48 h<br \/>\n110. Platz m, Falk Weidel, 0:48:52 h<br \/>\n116. Platz m, Felix L\u00f6skow, 0:49:03 h<br \/>\n118. Platz m, Marco Fischer, 0:49:26 h<br \/>\n125. Platz m, Marco Wessel, 0:49:57 h<br \/>\n127. Platz m, Ralf Breuer, 0:50:11 h<br \/>\n130. Platz m, Volker Pfl\u00fcger, 0:50:33 h<br \/>\n25. Platz w, Alexandra Beller, 0:52:50 h<br \/>\n174. Platz m, Lutz K\u00f6hler, 0:54:15 h<br \/>\n232. Platz m, J\u00f6rg Bauer, 0:59:28 h<br \/>\n121. Platz w, Dr. Ina Uebersch\u00e4r, 1:15:50 h<br \/>\n125. Platz w, Manuela Ehrlich, 1:28:04 h<\/p>\n<p>&#8211; beim Silvesterlauf in Gera (31.12.2014)<br \/>\n20 km<br \/>\n50. Platz total, 14. Platz M 30, Ren\u00e8 Schumann, 1:29:51,30 h<br \/>\n57. Platz total, 2. Platz w, 1. Platz W 40, Antje M\u00fcller, 1:31:42,80 h<\/p>\n<p>&#8211; beim Silvesterlauf in Wurzen \/ Stundenlauf (31.12.2014)<br \/>\n1 h, Jacqueline Losse und Ralph Gertler, 7 km<\/p>\n<p>&#8211; Teilnehmer am Neujahrslauf (01.01.2015) waren:<br \/>\nAntje und Seamus M\u00fcller, Jana und Marco Fischer, J\u00f6rg Bauer, Kathrin, Gregor, Bianca und Rico Bogen<br \/>\n<img loading=\"lazy\" decoding=\"async\" class=\"alignnone size-medium wp-image-589\" src=\"https:\/\/lfv-oberholz.de\/cms\/wp-content\/uploads\/IMG_293427980793273-300x200.jpeg\" alt=\"IMG_293427980793273\" width=\"300\" height=\"200\" srcset=\"https:\/\/lfv-oberholz.de\/cms\/wp-content\/uploads\/IMG_293427980793273-300x200.jpeg 300w, https:\/\/lfv-oberholz.de\/cms\/wp-content\/uploads\/IMG_293427980793273.jpeg 480w\" sizes=\"auto, (max-width: 300px) 100vw, 300px\" \/> <img loading=\"lazy\" decoding=\"async\" class=\"alignnone size-medium wp-image-590\" src=\"https:\/\/lfv-oberholz.de\/cms\/wp-content\/uploads\/IMG_293414375873839-300x200.jpeg\" alt=\"IMG_293414375873839\" width=\"300\" height=\"200\" srcset=\"https:\/\/lfv-oberholz.de\/cms\/wp-content\/uploads\/IMG_293414375873839-300x200.jpeg 300w, https:\/\/lfv-oberholz.de\/cms\/wp-content\/uploads\/IMG_293414375873839.jpeg 480w\" sizes=\"auto, (max-width: 300px) 100vw, 300px\" \/><\/p>\n","protected":false},"excerpt":{"rendered":"<p>Viele LFV-er haben auch diesmal ihre sportlichen Aktivit\u00e4ten zum Jahreswechsel nicht weiter eingeschr\u00e4nkt. Die Einen beendeten das alte Jahr bei diversen Silvesterl\u00e4ufen, andere begannen 2015 mit einer Teilnahme beim Neujahrslauf.<\/p>\n","protected":false},"author":8,"featured_media":590,"comment_status":"closed","ping_status":"closed","sticky":false,"template":"","format":"standard","meta":{"pgc_sgb_lightbox_settings":"","footnotes":""},"categories":[1,5],"tags":[],"class_list":["post-491","post","type-post","status-publish","format-standard","has-post-thumbnail","hentry","category-allgemein","category-leichtathletik"],"_links":{"self":[{"href":"https:\/\/lfv-oberholz.de\/cms\/wp-json\/wp\/v2\/posts\/491","targetHints":{"allow":["GET"]}}],"collection":[{"href":"https:\/\/lfv-oberholz.de\/cms\/wp-json\/wp\/v2\/posts"}],"about":[{"href":"https:\/\/lfv-oberholz.de\/cms\/wp-json\/wp\/v2\/types\/post"}],"author":[{"embeddable":true,"href":"https:\/\/lfv-oberholz.de\/cms\/wp-json\/wp\/v2\/users\/8"}],"replies":[{"embeddable":true,"href":"https:\/\/lfv-oberholz.de\/cms\/wp-json\/wp\/v2\/comments?post=491"}],"version-history":[{"count":0,"href":"https:\/\/lfv-oberholz.de\/cms\/wp-json\/wp\/v2\/posts\/491\/revisions"}],"wp:featuredmedia":[{"embeddable":true,"href":"https:\/\/lfv-oberholz.de\/cms\/wp-json\/wp\/v2\/media\/590"}],"wp:attachment":[{"href":"https:\/\/lfv-oberholz.de\/cms\/wp-json\/wp\/v2\/media?parent=491"}],"wp:term":[{"taxonomy":"category","embeddable":true,"href":"https:\/\/lfv-oberholz.de\/cms\/wp-json\/wp\/v2\/categories?post=491"},{"taxonomy":"post_tag","embeddable":true,"href":"https:\/\/lfv-oberholz.de\/cms\/wp-json\/wp\/v2\/tags?post=491"}],"curies":[{"name":"wp","href":"https:\/\/api.w.org\/{rel}","templated":true}]}}