{"id":4953,"date":"2018-04-07T23:22:34","date_gmt":"2018-04-07T21:22:34","guid":{"rendered":"http:\/\/lfv-oberholz.de\/cms\/?p=4953"},"modified":"2018-04-10T00:26:48","modified_gmt":"2018-04-09T22:26:48","slug":"kevin-gibt-seinen-einstand-beim-lfv-ganz-sportlich","status":"publish","type":"post","link":"https:\/\/lfv-oberholz.de\/cms\/kevin-gibt-seinen-einstand-beim-lfv-ganz-sportlich\/","title":{"rendered":"Kevin gibt seinen Einstand beim LFV ganz sportlich"},"content":{"rendered":"<p><img loading=\"lazy\" decoding=\"async\" class=\"wp-image-4954 alignleft\" src=\"https:\/\/lfv-oberholz.de\/cms\/wp-content\/uploads\/IMG-20180406-WA0010-168x300.jpg\" alt=\"IMG-20180406-WA0010\" width=\"178\" height=\"318\" \/> <img loading=\"lazy\" decoding=\"async\" class=\"wp-image-4955 alignright\" src=\"https:\/\/lfv-oberholz.de\/cms\/wp-content\/uploads\/IMG-20180407-WA0004-225x300.jpg\" alt=\"IMG-20180407-WA0004\" width=\"239\" height=\"319\" srcset=\"https:\/\/lfv-oberholz.de\/cms\/wp-content\/uploads\/IMG-20180407-WA0004-225x300.jpg 225w, https:\/\/lfv-oberholz.de\/cms\/wp-content\/uploads\/IMG-20180407-WA0004-768x1024.jpg 768w, https:\/\/lfv-oberholz.de\/cms\/wp-content\/uploads\/IMG-20180407-WA0004.jpg 960w\" sizes=\"auto, (max-width: 239px) 100vw, 239px\" \/><\/p>\n<p>&#8230; flei\u00dfig, flei\u00dfig &#8230;<\/p>\n<p>Am Freitag, beim Heidenauer Citylauf, war Kevin Richter erstmals f\u00fcr unserem Verein aktiv. Und am Sonnabend legte er gleich noch einmal nach. Da trat er beim 25. Pfaffenberglauf in Hohenstein-Ernstthal an.<br \/>\nMit Stolz kann er auf zwei Podestpl\u00e4tze zur\u00fcckblicken.<\/p>\n","protected":false},"excerpt":{"rendered":"<p>&#8230; flei\u00dfig, flei\u00dfig &#8230; Am Freitag, beim Heidenauer Citylauf, war Kevin Richter erstmals f\u00fcr unserem Verein aktiv. Und am Sonnabend legte er gleich noch einmal nach. Da trat er beim 25. Pfaffenberglauf in Hohenstein-Ernstthal an. Mit Stolz kann er auf &hellip; <a href=\"https:\/\/lfv-oberholz.de\/cms\/kevin-gibt-seinen-einstand-beim-lfv-ganz-sportlich\/\">Weiterlesen <span class=\"meta-nav\">&rarr;<\/span><\/a><\/p>\n","protected":false},"author":8,"featured_media":0,"comment_status":"closed","ping_status":"closed","sticky":false,"template":"","format":"standard","meta":{"pgc_sgb_lightbox_settings":"","footnotes":""},"categories":[5],"tags":[],"class_list":["post-4953","post","type-post","status-publish","format-standard","hentry","category-leichtathletik"],"_links":{"self":[{"href":"https:\/\/lfv-oberholz.de\/cms\/wp-json\/wp\/v2\/posts\/4953","targetHints":{"allow":["GET"]}}],"collection":[{"href":"https:\/\/lfv-oberholz.de\/cms\/wp-json\/wp\/v2\/posts"}],"about":[{"href":"https:\/\/lfv-oberholz.de\/cms\/wp-json\/wp\/v2\/types\/post"}],"author":[{"embeddable":true,"href":"https:\/\/lfv-oberholz.de\/cms\/wp-json\/wp\/v2\/users\/8"}],"replies":[{"embeddable":true,"href":"https:\/\/lfv-oberholz.de\/cms\/wp-json\/wp\/v2\/comments?post=4953"}],"version-history":[{"count":0,"href":"https:\/\/lfv-oberholz.de\/cms\/wp-json\/wp\/v2\/posts\/4953\/revisions"}],"wp:attachment":[{"href":"https:\/\/lfv-oberholz.de\/cms\/wp-json\/wp\/v2\/media?parent=4953"}],"wp:term":[{"taxonomy":"category","embeddable":true,"href":"https:\/\/lfv-oberholz.de\/cms\/wp-json\/wp\/v2\/categories?post=4953"},{"taxonomy":"post_tag","embeddable":true,"href":"https:\/\/lfv-oberholz.de\/cms\/wp-json\/wp\/v2\/tags?post=4953"}],"curies":[{"name":"wp","href":"https:\/\/api.w.org\/{rel}","templated":true}]}}