{"id":506,"date":"2015-01-23T19:20:43","date_gmt":"2015-01-23T18:20:43","guid":{"rendered":"http:\/\/lfv-oberholz.de\/cms\/?p=506"},"modified":"2015-02-05T19:12:29","modified_gmt":"2015-02-05T18:12:29","slug":"6-wintermarathon-am-17-januar-in-leipzig","status":"publish","type":"post","link":"https:\/\/lfv-oberholz.de\/cms\/6-wintermarathon-am-17-januar-in-leipzig\/","title":{"rendered":"6. Wintermarathon am 17. Januar in Leipzig"},"content":{"rendered":"<p>Im Winter l\u00e4uft man doch keinen Marathon \u2013 denken viele. Das sehen die Leipziger Veranstalter der LG eXa aber anders. Seit einigen Jahren schon organisieren sie, den in Berlin \u201eeingeschlafenen\u201c Wintermarathon \/ Teammarathon. Der besondere Charakter wird in Leipzig gut angenommen. <!--more-->Eine f\u00fcnf km lange Runde im Zickzack durch den Clara-Zetkin-Park war f\u00fcr Zuschauer und Betreuer interessant. Kurze Wege f\u00fchrten immer an neue Punkte um die Teams applaudierend zu unterst\u00fctzen. Die Strecke war Aufgrund der vergangenen Regentage stellenweise sehr aufgeweicht und somit nicht das einfachste Gel\u00e4uf. Von insgesamt 78 gestarteten Teams sind immerhin 66 gemeinsam im Ziel angekommen.<br \/>\nLFV-er Karsten Schubert, extra aus K\u00f6ln angereist, k\u00e4mpfte mit seinem Team wieder einmal vergeblich um den Sieg. Drei Chemnitzer waren nur knapp schneller. Karstens Mannschaft \u00fcberliefe 21 Sekunden nach dem Siegertrio die Ziellinie. Weitere Oberholzer finishten ebenfalls den Wintermarathon. Nachstehend die Ergebnisse:<\/p>\n<p>2. Platz gesamt, \u201eDie Eiseiligen\u201c<br \/>\nKarsten Schubert (+ Stephan Holesch, Lars R\u00f6\u00dfler), 2:51:48 h<\/p>\n<p>1. Mix, 5. Platz gesamt, \u201ePfeil und Bogen\u201c<br \/>\nKathrin und Gregor Bogen (+ Christoph Latzko-F\u00fcnfst\u00fcck), 3:16:59 h<\/p>\n<p>(Weitere Ergebnisse konnten wir bislang leider nicht ermitteln, werden aber nach M\u00f6glichkeit nachgereicht.)<\/p>\n<p>Erfolgreiche Teilnahme:<\/p>\n<p>Manfred Thomas (+)<br \/>\nMarco Wessel, (+ Jana Altenburger, Roberto Gessner)<br \/>\nAntje M\u00fcller (+ Peter M\u00fcller, Frank Reiche)<br \/>\nAlexandra Beller, Falk Weidel (+)<\/p>\n","protected":false},"excerpt":{"rendered":"<p>Im Winter l\u00e4uft man doch keinen Marathon \u2013 denken viele. Das sehen die Leipziger Veranstalter der LG eXa aber anders. Seit einigen Jahren schon organisieren sie, den in Berlin \u201eeingeschlafenen\u201c Wintermarathon \/ Teammarathon. Der besondere Charakter wird in Leipzig gut &hellip; <a href=\"https:\/\/lfv-oberholz.de\/cms\/6-wintermarathon-am-17-januar-in-leipzig\/\">Weiterlesen <span class=\"meta-nav\">&rarr;<\/span><\/a><\/p>\n","protected":false},"author":8,"featured_media":0,"comment_status":"closed","ping_status":"closed","sticky":false,"template":"","format":"standard","meta":{"pgc_sgb_lightbox_settings":"","footnotes":""},"categories":[5],"tags":[],"class_list":["post-506","post","type-post","status-publish","format-standard","hentry","category-leichtathletik"],"_links":{"self":[{"href":"https:\/\/lfv-oberholz.de\/cms\/wp-json\/wp\/v2\/posts\/506","targetHints":{"allow":["GET"]}}],"collection":[{"href":"https:\/\/lfv-oberholz.de\/cms\/wp-json\/wp\/v2\/posts"}],"about":[{"href":"https:\/\/lfv-oberholz.de\/cms\/wp-json\/wp\/v2\/types\/post"}],"author":[{"embeddable":true,"href":"https:\/\/lfv-oberholz.de\/cms\/wp-json\/wp\/v2\/users\/8"}],"replies":[{"embeddable":true,"href":"https:\/\/lfv-oberholz.de\/cms\/wp-json\/wp\/v2\/comments?post=506"}],"version-history":[{"count":0,"href":"https:\/\/lfv-oberholz.de\/cms\/wp-json\/wp\/v2\/posts\/506\/revisions"}],"wp:attachment":[{"href":"https:\/\/lfv-oberholz.de\/cms\/wp-json\/wp\/v2\/media?parent=506"}],"wp:term":[{"taxonomy":"category","embeddable":true,"href":"https:\/\/lfv-oberholz.de\/cms\/wp-json\/wp\/v2\/categories?post=506"},{"taxonomy":"post_tag","embeddable":true,"href":"https:\/\/lfv-oberholz.de\/cms\/wp-json\/wp\/v2\/tags?post=506"}],"curies":[{"name":"wp","href":"https:\/\/api.w.org\/{rel}","templated":true}]}}