{"id":508,"date":"2015-01-24T23:30:05","date_gmt":"2015-01-24T22:30:05","guid":{"rendered":"http:\/\/lfv-oberholz.de\/cms\/?p=508"},"modified":"2015-01-25T21:09:31","modified_gmt":"2015-01-25T20:09:31","slug":"lfv-freizet-abwintern","status":"publish","type":"post","link":"https:\/\/lfv-oberholz.de\/cms\/lfv-freizet-abwintern\/","title":{"rendered":"LFV-Freizet \/ Abwintern"},"content":{"rendered":"<p>Der Termin steht. Das LFV-Abwintern wird vom 13. bis 15. M\u00e4rz 2015 in Oberhof stattfinden.<\/p>\n<p>An unsere Vereinsmitglieder, Freunde und Angeh\u00f6rige,<\/p>\n<p>obwohl man nicht so richtig das Gef\u00fchl eines Winters hat, m\u00f6chten wir mit Euch die Wintersaison wie gewohnt mit einem Vereinswochenendausflug beenden. Traditionell bieten wir je nach Wetterlage gef\u00fchrte Skiwanderungen bzw. Wanderungen an. <!--more-->Zudem kann nat\u00fcrlich auch individuell etwas unternommen werden (Rodeln, Joggen, MTB-fahren, Stadtbesichtigung, \u2026). Die Abende m\u00f6chten wir in gesellischer Runde verbringen.<\/p>\n<p>Im vergangenen Jahr f\u00fchrte es uns nach Oberhof. Da alle Teilnehmer von Unterkunft, Verpflegung und der Gegend begeistert waren, m\u00f6chten wir erneut im AWO SANO Ferienzentrum Oberhof Quartier beziehen. Dieses befindet sich unweit vom Rennsteiggarten und bietet somit einen hervorragenden Ausgangspunkt f\u00fcr unsere Ausfl\u00fcge.<\/p>\n<p>Wir bitten alle Interessenten, individuell, schnell das Quartier zu bestellen (noch stehen gen\u00fcgend Betten zur Verf\u00fcgung). Bitte gebt f\u00fcr die Zuordnung bei der Reservierung beim Namen zus\u00e4tzlich das Vereinsk\u00fcrzel \u201eLFV\u201c an. Zudem schlagen wir vor, Halbpension zu buchen, da wir aufgrund der Ausfl\u00fcge mittags unterwegs sein werden.<\/p>\n<p>Bitte gebt uns unabh\u00e4ngig von der Quartierreservierung die Namen sowie das Alter aller Mitreisenden bekannt ( joerg@lfv-oberholz.de oder org@lfv-oberholz.de ).<\/p>\n<p>Hier der Link zum <a href=\"http:\/\/www.ferienzentrum-oberhof.de\/\">Quartier<\/a>.<\/p>\n<p>Das Organisationsteam des LFV Oberholz w\u00fcnscht noch sch\u00f6ne winterliche Wochen und freut sich auf Euch beim LFV-Abwintern.<\/p>\n<p>Mit sportlichen Gr\u00fc\u00dfen<br \/>\ni. V. Sigrid Koitz und J\u00f6rg Bauer<\/p>\n","protected":false},"excerpt":{"rendered":"<p>Der Termin steht. Das LFV-Abwintern wird vom 13. bis 15. M\u00e4rz 2015 in Oberhof stattfinden. An unsere Vereinsmitglieder, Freunde und Angeh\u00f6rige, obwohl man nicht so richtig das Gef\u00fchl eines Winters hat, m\u00f6chten wir mit Euch die Wintersaison wie gewohnt mit &hellip; <a href=\"https:\/\/lfv-oberholz.de\/cms\/lfv-freizet-abwintern\/\">Weiterlesen <span class=\"meta-nav\">&rarr;<\/span><\/a><\/p>\n","protected":false},"author":6,"featured_media":0,"comment_status":"closed","ping_status":"closed","sticky":false,"template":"","format":"standard","meta":{"pgc_sgb_lightbox_settings":"","footnotes":""},"categories":[1,3,8],"tags":[],"class_list":["post-508","post","type-post","status-publish","format-standard","hentry","category-allgemein","category-freizeit","category-skilanglauf"],"_links":{"self":[{"href":"https:\/\/lfv-oberholz.de\/cms\/wp-json\/wp\/v2\/posts\/508","targetHints":{"allow":["GET"]}}],"collection":[{"href":"https:\/\/lfv-oberholz.de\/cms\/wp-json\/wp\/v2\/posts"}],"about":[{"href":"https:\/\/lfv-oberholz.de\/cms\/wp-json\/wp\/v2\/types\/post"}],"author":[{"embeddable":true,"href":"https:\/\/lfv-oberholz.de\/cms\/wp-json\/wp\/v2\/users\/6"}],"replies":[{"embeddable":true,"href":"https:\/\/lfv-oberholz.de\/cms\/wp-json\/wp\/v2\/comments?post=508"}],"version-history":[{"count":0,"href":"https:\/\/lfv-oberholz.de\/cms\/wp-json\/wp\/v2\/posts\/508\/revisions"}],"wp:attachment":[{"href":"https:\/\/lfv-oberholz.de\/cms\/wp-json\/wp\/v2\/media?parent=508"}],"wp:term":[{"taxonomy":"category","embeddable":true,"href":"https:\/\/lfv-oberholz.de\/cms\/wp-json\/wp\/v2\/categories?post=508"},{"taxonomy":"post_tag","embeddable":true,"href":"https:\/\/lfv-oberholz.de\/cms\/wp-json\/wp\/v2\/tags?post=508"}],"curies":[{"name":"wp","href":"https:\/\/api.w.org\/{rel}","templated":true}]}}