{"id":5434,"date":"2018-07-09T13:45:25","date_gmt":"2018-07-09T11:45:25","guid":{"rendered":"http:\/\/lfv-oberholz.de\/cms\/?p=5434"},"modified":"2018-07-12T23:47:18","modified_gmt":"2018-07-12T21:47:18","slug":"olaf-is-back-8-juli-schlaubetal-triathlon","status":"publish","type":"post","link":"https:\/\/lfv-oberholz.de\/cms\/olaf-is-back-8-juli-schlaubetal-triathlon\/","title":{"rendered":"Olaf is back &#8211; 8. Juli &#8211; Schlaubetal-Triathlon"},"content":{"rendered":"<p>&#8211; von Olaf Uebersch\u00e4r &#8211;<\/p>\n<p><img loading=\"lazy\" decoding=\"async\" class=\"size-medium wp-image-5436 alignleft\" src=\"https:\/\/lfv-oberholz.de\/cms\/wp-content\/uploads\/36771303_1878281218893445_3292027020032081920_o-300x208.jpg\" alt=\"36771303_1878281218893445_3292027020032081920_o\" width=\"300\" height=\"208\" srcset=\"https:\/\/lfv-oberholz.de\/cms\/wp-content\/uploads\/36771303_1878281218893445_3292027020032081920_o-300x208.jpg 300w, https:\/\/lfv-oberholz.de\/cms\/wp-content\/uploads\/36771303_1878281218893445_3292027020032081920_o-1024x712.jpg 1024w, https:\/\/lfv-oberholz.de\/cms\/wp-content\/uploads\/36771303_1878281218893445_3292027020032081920_o.jpg 1504w\" sizes=\"auto, (max-width: 300px) 100vw, 300px\" \/>Endlich: Olaf is back! Achillessehnenverletzung \u00fcberstanden und &#8211; nat\u00fcrlich &#8211; gleich den ersten olympischen Triathlon dieses Jahr gemacht &#8211; und sogar gewonnen. Nach einem m\u00e4\u00dfigen neoprenlosen Schwimmen und einem harten Fight gegen H\u00fcgel, Wind und vor allem saustarke Sportfreunde kam ich beim Laufen doch noch an Thomas, Frank &amp; Co. vorbei und durfte den Schlaubetal-Triathlon-Siegerpokal entgegennehmen (1h59). Platz zwei ging an Thomas Weber, P3 an &#8222;Rad-Maschine&#8220; Thomas Gogolin. Und ganz besonders sch\u00f6n: <!--more-->Mit Ellis Gesamtsieg bei den Frauen vor Kerstin konnten wir so auch gleich die Schmett-Unikurs-Revival-Party nach 11 Jahren (!) feiern &#8211; und ich muss neidlos konstatieren: Sie schwimmt immer noch viel besser als ich! <img loading=\"lazy\" decoding=\"async\" class=\"size-medium wp-image-5435 alignright\" src=\"https:\/\/lfv-oberholz.de\/cms\/wp-content\/uploads\/36826314_1878280502226850_8193400959007719424_o-300x266.jpg\" alt=\"36826314_1878280502226850_8193400959007719424_o\" width=\"300\" height=\"266\" srcset=\"https:\/\/lfv-oberholz.de\/cms\/wp-content\/uploads\/36826314_1878280502226850_8193400959007719424_o-300x266.jpg 300w, https:\/\/lfv-oberholz.de\/cms\/wp-content\/uploads\/36826314_1878280502226850_8193400959007719424_o-1024x910.jpg 1024w, https:\/\/lfv-oberholz.de\/cms\/wp-content\/uploads\/36826314_1878280502226850_8193400959007719424_o.jpg 1701w\" sizes=\"auto, (max-width: 300px) 100vw, 300px\" \/>Danke an alle Sportfreunde, das Orga-Team vom Tripoint FFO und nat\u00fcrlich meinem Mentalcoach Juliana. \u00dcbrigens: Tim hat heute eindrucksvoll unter Beweis gestellt, dass Training ohnehin \u00fcberbewertet wird. Gl\u00fcckwunsch zum Finish trotz schwieriger Vorbereitungsphase!<\/p>\n<p><img loading=\"lazy\" decoding=\"async\" class=\"alignnone size-medium wp-image-5438\" src=\"https:\/\/lfv-oberholz.de\/cms\/wp-content\/uploads\/36812697_1878281082226792_2104593211228946432_o-300x180.jpg\" alt=\"36812697_1878281082226792_2104593211228946432_o\" width=\"300\" height=\"180\" srcset=\"https:\/\/lfv-oberholz.de\/cms\/wp-content\/uploads\/36812697_1878281082226792_2104593211228946432_o-300x180.jpg 300w, https:\/\/lfv-oberholz.de\/cms\/wp-content\/uploads\/36812697_1878281082226792_2104593211228946432_o-1024x616.jpg 1024w, https:\/\/lfv-oberholz.de\/cms\/wp-content\/uploads\/36812697_1878281082226792_2104593211228946432_o.jpg 1504w\" sizes=\"auto, (max-width: 300px) 100vw, 300px\" \/> <img loading=\"lazy\" decoding=\"async\" class=\"alignnone size-medium wp-image-5439\" src=\"https:\/\/lfv-oberholz.de\/cms\/wp-content\/uploads\/36817620_1878280895560144_9189180141513736192_o-300x225.jpg\" alt=\"36817620_1878280895560144_9189180141513736192_o\" width=\"300\" height=\"225\" srcset=\"https:\/\/lfv-oberholz.de\/cms\/wp-content\/uploads\/36817620_1878280895560144_9189180141513736192_o-300x225.jpg 300w, https:\/\/lfv-oberholz.de\/cms\/wp-content\/uploads\/36817620_1878280895560144_9189180141513736192_o-1024x768.jpg 1024w, https:\/\/lfv-oberholz.de\/cms\/wp-content\/uploads\/36817620_1878280895560144_9189180141513736192_o.jpg 2048w\" sizes=\"auto, (max-width: 300px) 100vw, 300px\" \/><\/p>\n","protected":false},"excerpt":{"rendered":"<p>&#8211; von Olaf Uebersch\u00e4r &#8211; Endlich: Olaf is back! Achillessehnenverletzung \u00fcberstanden und &#8211; nat\u00fcrlich &#8211; gleich den ersten olympischen Triathlon dieses Jahr gemacht &#8211; und sogar gewonnen. Nach einem m\u00e4\u00dfigen neoprenlosen Schwimmen und einem harten Fight gegen H\u00fcgel, Wind und &hellip; <a href=\"https:\/\/lfv-oberholz.de\/cms\/olaf-is-back-8-juli-schlaubetal-triathlon\/\">Weiterlesen <span class=\"meta-nav\">&rarr;<\/span><\/a><\/p>\n","protected":false},"author":6,"featured_media":0,"comment_status":"closed","ping_status":"closed","sticky":false,"template":"","format":"standard","meta":{"pgc_sgb_lightbox_settings":"","footnotes":""},"categories":[9],"tags":[],"class_list":["post-5434","post","type-post","status-publish","format-standard","hentry","category-triathlon"],"_links":{"self":[{"href":"https:\/\/lfv-oberholz.de\/cms\/wp-json\/wp\/v2\/posts\/5434","targetHints":{"allow":["GET"]}}],"collection":[{"href":"https:\/\/lfv-oberholz.de\/cms\/wp-json\/wp\/v2\/posts"}],"about":[{"href":"https:\/\/lfv-oberholz.de\/cms\/wp-json\/wp\/v2\/types\/post"}],"author":[{"embeddable":true,"href":"https:\/\/lfv-oberholz.de\/cms\/wp-json\/wp\/v2\/users\/6"}],"replies":[{"embeddable":true,"href":"https:\/\/lfv-oberholz.de\/cms\/wp-json\/wp\/v2\/comments?post=5434"}],"version-history":[{"count":0,"href":"https:\/\/lfv-oberholz.de\/cms\/wp-json\/wp\/v2\/posts\/5434\/revisions"}],"wp:attachment":[{"href":"https:\/\/lfv-oberholz.de\/cms\/wp-json\/wp\/v2\/media?parent=5434"}],"wp:term":[{"taxonomy":"category","embeddable":true,"href":"https:\/\/lfv-oberholz.de\/cms\/wp-json\/wp\/v2\/categories?post=5434"},{"taxonomy":"post_tag","embeddable":true,"href":"https:\/\/lfv-oberholz.de\/cms\/wp-json\/wp\/v2\/tags?post=5434"}],"curies":[{"name":"wp","href":"https:\/\/api.w.org\/{rel}","templated":true}]}}