{"id":5450,"date":"2018-07-02T20:44:08","date_gmt":"2018-07-02T18:44:08","guid":{"rendered":"http:\/\/lfv-oberholz.de\/cms\/?p=5450"},"modified":"2018-07-14T16:49:13","modified_gmt":"2018-07-14T14:49:13","slug":"sechs-lfv-ler-bei-challenge-trithlon-in-roth","status":"publish","type":"post","link":"https:\/\/lfv-oberholz.de\/cms\/sechs-lfv-ler-bei-challenge-trithlon-in-roth\/","title":{"rendered":"Sechs LFV-ler beim DATEV-Challenge Triathlon in Roth"},"content":{"rendered":"<p><img loading=\"lazy\" decoding=\"async\" class=\"alignnone  wp-image-5490\" src=\"https:\/\/lfv-oberholz.de\/cms\/wp-content\/uploads\/IMG-20180714-WA0012-300x225.jpg\" alt=\"IMG-20180714-WA0012\" width=\"315\" height=\"236\" srcset=\"https:\/\/lfv-oberholz.de\/cms\/wp-content\/uploads\/IMG-20180714-WA0012-300x225.jpg 300w, https:\/\/lfv-oberholz.de\/cms\/wp-content\/uploads\/IMG-20180714-WA0012-1024x768.jpg 1024w, https:\/\/lfv-oberholz.de\/cms\/wp-content\/uploads\/IMG-20180714-WA0012.jpg 1600w\" sizes=\"auto, (max-width: 315px) 100vw, 315px\" \/> <img loading=\"lazy\" decoding=\"async\" class=\" wp-image-5455 alignnone\" src=\"https:\/\/lfv-oberholz.de\/cms\/wp-content\/uploads\/36514950_2538985979460705_6725671640232886272_o-300x225.jpg\" alt=\"36514950_2538985979460705_6725671640232886272_o\" width=\"316\" height=\"237\" srcset=\"https:\/\/lfv-oberholz.de\/cms\/wp-content\/uploads\/36514950_2538985979460705_6725671640232886272_o-300x225.jpg 300w, https:\/\/lfv-oberholz.de\/cms\/wp-content\/uploads\/36514950_2538985979460705_6725671640232886272_o-1024x768.jpg 1024w, https:\/\/lfv-oberholz.de\/cms\/wp-content\/uploads\/36514950_2538985979460705_6725671640232886272_o.jpg 1440w\" sizes=\"auto, (max-width: 316px) 100vw, 316px\" \/>Stark zeigten sich unsere Triathlen auch an diesem Wochenende wieder. Diesmal waren einige Oberholzer beim Langdistanztriathlon im Niederfr\u00e4nkischen Roth aktiv. Heiko H\u00e4usler finishte hier zum dritten Mal als Einzelk\u00e4mpfer die kompletten drei Sommersportdisziplinen. Er machte den Sack, mit neuer, pers\u00f6nlichen Bestzeit, nach 11:57:27 Stunden zu.<br \/>\n<img loading=\"lazy\" decoding=\"async\" class=\" wp-image-5521 alignleft\" src=\"https:\/\/lfv-oberholz.de\/cms\/wp-content\/uploads\/IMG-20180714-WA0034-300x225.jpg\" alt=\"IMG-20180714-WA0034\" width=\"367\" height=\"275\" srcset=\"https:\/\/lfv-oberholz.de\/cms\/wp-content\/uploads\/IMG-20180714-WA0034-300x225.jpg 300w, https:\/\/lfv-oberholz.de\/cms\/wp-content\/uploads\/IMG-20180714-WA0034-1024x768.jpg 1024w, https:\/\/lfv-oberholz.de\/cms\/wp-content\/uploads\/IMG-20180714-WA0034.jpg 1600w\" sizes=\"auto, (max-width: 367px) 100vw, 367px\" \/>Martin Wei\u00dfbach, Sebastian Pfl\u00fcger und Eric Michel teilten sich den Dreikampf in einer gemeinsamen Staffel. Sie erreichten nach einem starken Wettkampf das Ziel in 9:33:06 Stunden. <img loading=\"lazy\" decoding=\"async\" class=\" wp-image-5495 alignright\" src=\"https:\/\/lfv-oberholz.de\/cms\/wp-content\/uploads\/IMG-20180714-WA0013-225x300.jpg\" alt=\"IMG-20180714-WA0013\" width=\"134\" height=\"178\" srcset=\"https:\/\/lfv-oberholz.de\/cms\/wp-content\/uploads\/IMG-20180714-WA0013-225x300.jpg 225w, https:\/\/lfv-oberholz.de\/cms\/wp-content\/uploads\/IMG-20180714-WA0013-768x1024.jpg 768w, https:\/\/lfv-oberholz.de\/cms\/wp-content\/uploads\/IMG-20180714-WA0013.jpg 1200w\" sizes=\"auto, (max-width: 134px) 100vw, 134px\" \/><br \/>\nDiana Schmidt sowie Michael Starke (&#8222;Schrotti&#8220;) traten jeweils mit Freunden in weiteren zwei Staffeln an. <!--more--><\/p>\n<h3 style=\"text-align: left;\">Die Ergebnisse im Detail:<\/h3>\n<p><img loading=\"lazy\" decoding=\"async\" class=\" wp-image-5540 alignright\" src=\"https:\/\/lfv-oberholz.de\/cms\/wp-content\/uploads\/IMG-20180714-WA0037-168x300.jpg\" alt=\"IMG-20180714-WA0037\" width=\"135\" height=\"241\" srcset=\"https:\/\/lfv-oberholz.de\/cms\/wp-content\/uploads\/IMG-20180714-WA0037-168x300.jpg 168w, https:\/\/lfv-oberholz.de\/cms\/wp-content\/uploads\/IMG-20180714-WA0037-575x1024.jpg 575w, https:\/\/lfv-oberholz.de\/cms\/wp-content\/uploads\/IMG-20180714-WA0037.jpg 750w\" sizes=\"auto, (max-width: 135px) 100vw, 135px\" \/><img loading=\"lazy\" decoding=\"async\" class=\" wp-image-5558 alignleft\" src=\"https:\/\/lfv-oberholz.de\/cms\/wp-content\/uploads\/IMG_20180701_073601-300x224.jpg\" alt=\"dig\" width=\"322\" height=\"241\" srcset=\"https:\/\/lfv-oberholz.de\/cms\/wp-content\/uploads\/IMG_20180701_073601-300x224.jpg 300w, https:\/\/lfv-oberholz.de\/cms\/wp-content\/uploads\/IMG_20180701_073601-1024x768.jpg 1024w\" sizes=\"auto, (max-width: 322px) 100vw, 322px\" \/>Einzel<a href=\"https:\/\/lfv-oberholz.de\/cms\/athleten\/haeusler-heiko\/\"><br \/>\nHeiko H\u00e4usler<\/a><br \/>\n3,8 km Schwimmen<br \/>\n1:30:09 h (+0:05:26 h Wechselzeit)<br \/>\n+ 180 km Rad 5:54:36 h (+0:03:11 h Wechselzeit)<br \/>\n+ 42,2 km Lauf<br \/>\n4:24:06 h<br \/>\ntotal 11:57:27 h,<br \/>\n45. Platz AK M45,<br \/>\n1502. Platz gesamt m<\/p>\n<p><img loading=\"lazy\" decoding=\"async\" class=\"alignnone  wp-image-5519 alignleft\" src=\"https:\/\/lfv-oberholz.de\/cms\/wp-content\/uploads\/IMG-20180714-WA0032-225x300.jpg\" alt=\"IMG-20180714-WA0032\" width=\"199\" height=\"266\" srcset=\"https:\/\/lfv-oberholz.de\/cms\/wp-content\/uploads\/IMG-20180714-WA0032-225x300.jpg 225w, https:\/\/lfv-oberholz.de\/cms\/wp-content\/uploads\/IMG-20180714-WA0032-768x1024.jpg 768w, https:\/\/lfv-oberholz.de\/cms\/wp-content\/uploads\/IMG-20180714-WA0032.jpg 1200w\" sizes=\"auto, (max-width: 199px) 100vw, 199px\" \/>Staffel &#8222;TRI-TEAM LFV OBERHOLZ&#8220;<br \/>\n1. Martin Wei\u00dfbach<br \/>\n.\u00a0\u00a0 3,8 km Schwimmen<br \/>\n.\u00a0\u00a0 0:56:48 h (+0:01:51 h)<br \/>\n2. <a href=\"https:\/\/lfv-oberholz.de\/cms\/athleten\/pflueger-sebastian\/\">Sebastian Pfl\u00fcger<br \/>\n<\/a>.\u00a0\u00a0 180 km Rad<br \/>\n.\u00a0\u00a0 5:07:28 h (+0:01:00 h)<br \/>\n3. <a href=\"https:\/\/lfv-oberholz.de\/cms\/athleten\/michel-eric\/\">Eric Michel<\/a><br \/>\n.\u00a0\u00a0 42,2 km Lauf<br \/>\n.\u00a0\u00a0 3:26:01 h<br \/>\nZielzeit 9:33:06 h (brutto), 34. Platz ges. m<\/p>\n<p>&nbsp;<\/p>\n<p>&nbsp;<\/p>\n<p style=\"text-align: left;\"><img loading=\"lazy\" decoding=\"async\" class=\" wp-image-5520 alignleft\" src=\"https:\/\/lfv-oberholz.de\/cms\/wp-content\/uploads\/IMG-20180714-WA0033-300x225.jpg\" alt=\"IMG-20180714-WA0033\" width=\"295\" height=\"221\" srcset=\"https:\/\/lfv-oberholz.de\/cms\/wp-content\/uploads\/IMG-20180714-WA0033-300x225.jpg 300w, https:\/\/lfv-oberholz.de\/cms\/wp-content\/uploads\/IMG-20180714-WA0033-1024x768.jpg 1024w, https:\/\/lfv-oberholz.de\/cms\/wp-content\/uploads\/IMG-20180714-WA0033.jpg 1600w\" sizes=\"auto, (max-width: 295px) 100vw, 295px\" \/>Staffel &#8222;Drei Engel f\u00fcr Roth&#8220;<br \/>\nDiana Schmidt<br \/>\n.\u00a0\u00a0 3,8 km Schwimmen<br \/>\n.\u00a0\u00a0 1:11:55 h (+0:02:01 h)<br \/>\nConny Blumert<br \/>\n.\u00a0\u00a0 180 km Rad<br \/>\n.\u00a0\u00a0 5:54:36 h (+01:03 h)<br \/>\nMareen Devantier<br \/>\n.\u00a0\u00a0 42,2 km Lauf<br \/>\n.\u00a0\u00a0 4:19:43 h<br \/>\nZielzeit 11:29:16 (brutto), 17. Platz ges. w<\/p>\n<p><img loading=\"lazy\" decoding=\"async\" class=\"size-medium wp-image-5492 alignleft\" src=\"https:\/\/lfv-oberholz.de\/cms\/wp-content\/uploads\/IMG-20180714-WA0020-169x300.jpg\" alt=\"IMG-20180714-WA0020\" width=\"169\" height=\"300\" srcset=\"https:\/\/lfv-oberholz.de\/cms\/wp-content\/uploads\/IMG-20180714-WA0020-169x300.jpg 169w, https:\/\/lfv-oberholz.de\/cms\/wp-content\/uploads\/IMG-20180714-WA0020-576x1024.jpg 576w, https:\/\/lfv-oberholz.de\/cms\/wp-content\/uploads\/IMG-20180714-WA0020.jpg 640w\" sizes=\"auto, (max-width: 169px) 100vw, 169px\" \/>Staffel &#8222;ALLIANZ LEBENSQUALIT\u00c4T&#8220;<br \/>\n1. Torsten Sperling,<br \/>\n.\u00a0\u00a0 3,8 km Schwimmen<br \/>\n.\u00a0\u00a0 1:12:25 h (+0:02:40 h)<br \/>\n2. Michael Reich,<br \/>\n.\u00a0\u00a0 180 km Rad<br \/>\n.\u00a0\u00a0 6:41:22 h (+0:01:26 h)<br \/>\n3. <a href=\"https:\/\/lfv-oberholz.de\/cms\/athleten\/starke-michael\/\">Michael Starke<\/a>,<br \/>\n.\u00a0\u00a0 42,2 km Lauf<br \/>\n.\u00a0\u00a0 3:48:06 hZielzeit 11:45:58 h (brutto)<br \/>\nZielzeit 11:45:58 h, 271. Platz ges. m<\/p>\n<p>&nbsp;<\/p>\n<p>&nbsp;<\/p>\n<p>&nbsp;<\/p>\n<h3><\/h3>\n<h3>Imressionen<\/h3>\n<p><img loading=\"lazy\" decoding=\"async\" class=\"alignnone size-medium wp-image-5557\" src=\"https:\/\/lfv-oberholz.de\/cms\/wp-content\/uploads\/IMG_20180701_073551-300x224.jpg\" alt=\"dav\" width=\"300\" height=\"224\" srcset=\"https:\/\/lfv-oberholz.de\/cms\/wp-content\/uploads\/IMG_20180701_073551-300x224.jpg 300w, https:\/\/lfv-oberholz.de\/cms\/wp-content\/uploads\/IMG_20180701_073551-1024x768.jpg 1024w\" sizes=\"auto, (max-width: 300px) 100vw, 300px\" \/> <img loading=\"lazy\" decoding=\"async\" class=\"alignnone size-medium wp-image-5559\" src=\"https:\/\/lfv-oberholz.de\/cms\/wp-content\/uploads\/IMG_20180701_073903-300x224.jpg\" alt=\"sdr\" width=\"300\" height=\"224\" srcset=\"https:\/\/lfv-oberholz.de\/cms\/wp-content\/uploads\/IMG_20180701_073903-300x224.jpg 300w, https:\/\/lfv-oberholz.de\/cms\/wp-content\/uploads\/IMG_20180701_073903-1024x768.jpg 1024w\" sizes=\"auto, (max-width: 300px) 100vw, 300px\" \/> <img loading=\"lazy\" decoding=\"async\" class=\"alignnone size-medium wp-image-5560\" src=\"https:\/\/lfv-oberholz.de\/cms\/wp-content\/uploads\/IMG_20180701_114438-224x300.jpg\" alt=\"dav\" width=\"224\" height=\"300\" srcset=\"https:\/\/lfv-oberholz.de\/cms\/wp-content\/uploads\/IMG_20180701_114438-224x300.jpg 224w, https:\/\/lfv-oberholz.de\/cms\/wp-content\/uploads\/IMG_20180701_114438-768x1024.jpg 768w\" sizes=\"auto, (max-width: 224px) 100vw, 224px\" \/> <img loading=\"lazy\" decoding=\"async\" class=\"alignnone size-medium wp-image-5561\" src=\"https:\/\/lfv-oberholz.de\/cms\/wp-content\/uploads\/IMG_20180701_114542-300x224.jpg\" alt=\"sdr\" width=\"300\" height=\"224\" srcset=\"https:\/\/lfv-oberholz.de\/cms\/wp-content\/uploads\/IMG_20180701_114542-300x224.jpg 300w, https:\/\/lfv-oberholz.de\/cms\/wp-content\/uploads\/IMG_20180701_114542-1024x768.jpg 1024w\" sizes=\"auto, (max-width: 300px) 100vw, 300px\" \/> Solarer Berg<\/p>\n<p>Staffel &#8222;TRI-TEAM LFV OBERHOLZ&#8220;<\/p>\n<p><img loading=\"lazy\" decoding=\"async\" class=\"alignnone size-medium wp-image-5519\" src=\"https:\/\/lfv-oberholz.de\/cms\/wp-content\/uploads\/IMG-20180714-WA0032-225x300.jpg\" alt=\"IMG-20180714-WA0032\" width=\"225\" height=\"300\" srcset=\"https:\/\/lfv-oberholz.de\/cms\/wp-content\/uploads\/IMG-20180714-WA0032-225x300.jpg 225w, https:\/\/lfv-oberholz.de\/cms\/wp-content\/uploads\/IMG-20180714-WA0032-768x1024.jpg 768w, https:\/\/lfv-oberholz.de\/cms\/wp-content\/uploads\/IMG-20180714-WA0032.jpg 1200w\" sizes=\"auto, (max-width: 225px) 100vw, 225px\" \/> <img loading=\"lazy\" decoding=\"async\" class=\"alignnone size-medium wp-image-5523\" src=\"https:\/\/lfv-oberholz.de\/cms\/wp-content\/uploads\/IMG-20180714-WA0036-225x300.jpg\" alt=\"IMG-20180714-WA0036\" width=\"225\" height=\"300\" srcset=\"https:\/\/lfv-oberholz.de\/cms\/wp-content\/uploads\/IMG-20180714-WA0036-225x300.jpg 225w, https:\/\/lfv-oberholz.de\/cms\/wp-content\/uploads\/IMG-20180714-WA0036-768x1024.jpg 768w, https:\/\/lfv-oberholz.de\/cms\/wp-content\/uploads\/IMG-20180714-WA0036.jpg 1200w\" sizes=\"auto, (max-width: 225px) 100vw, 225px\" \/><\/p>\n<p>Staffel &#8222;Drei Engel f\u00fcr Roth&#8220;<\/p>\n<p><img loading=\"lazy\" decoding=\"async\" class=\"wp-image-5520 alignnone\" src=\"https:\/\/lfv-oberholz.de\/cms\/wp-content\/uploads\/IMG-20180714-WA0033-300x225.jpg\" alt=\"IMG-20180714-WA0033\" width=\"355\" height=\"266\" srcset=\"https:\/\/lfv-oberholz.de\/cms\/wp-content\/uploads\/IMG-20180714-WA0033-300x225.jpg 300w, https:\/\/lfv-oberholz.de\/cms\/wp-content\/uploads\/IMG-20180714-WA0033-1024x768.jpg 1024w, https:\/\/lfv-oberholz.de\/cms\/wp-content\/uploads\/IMG-20180714-WA0033.jpg 1600w\" sizes=\"auto, (max-width: 355px) 100vw, 355px\" \/><img loading=\"lazy\" decoding=\"async\" class=\"wp-image-5522 alignright\" src=\"https:\/\/lfv-oberholz.de\/cms\/wp-content\/uploads\/IMG-20180714-WA0035-225x300.jpg\" alt=\"IMG-20180714-WA0035\" width=\"254\" height=\"339\" srcset=\"https:\/\/lfv-oberholz.de\/cms\/wp-content\/uploads\/IMG-20180714-WA0035-225x300.jpg 225w, https:\/\/lfv-oberholz.de\/cms\/wp-content\/uploads\/IMG-20180714-WA0035-768x1024.jpg 768w, https:\/\/lfv-oberholz.de\/cms\/wp-content\/uploads\/IMG-20180714-WA0035.jpg 1200w\" sizes=\"auto, (max-width: 254px) 100vw, 254px\" \/> <img loading=\"lazy\" decoding=\"async\" class=\"alignnone  wp-image-5562\" src=\"https:\/\/lfv-oberholz.de\/cms\/wp-content\/uploads\/IMG_20180701_203550-300x224.jpg\" alt=\"dav\" width=\"354\" height=\"264\" \/><\/p>\n<p style=\"text-align: left;\">Staffel &#8222;ALLIANZ LEBENSQUALIT\u00c4T&#8220;<\/p>\n<p><img loading=\"lazy\" decoding=\"async\" class=\"alignnone size-medium wp-image-5512\" src=\"https:\/\/lfv-oberholz.de\/cms\/wp-content\/uploads\/IMG-20180714-WA0030-300x225.jpg\" alt=\"IMG-20180714-WA0030\" width=\"300\" height=\"225\" srcset=\"https:\/\/lfv-oberholz.de\/cms\/wp-content\/uploads\/IMG-20180714-WA0030-300x225.jpg 300w, https:\/\/lfv-oberholz.de\/cms\/wp-content\/uploads\/IMG-20180714-WA0030-1024x768.jpg 1024w, https:\/\/lfv-oberholz.de\/cms\/wp-content\/uploads\/IMG-20180714-WA0030.jpg 1600w\" sizes=\"auto, (max-width: 300px) 100vw, 300px\" \/> <img loading=\"lazy\" decoding=\"async\" class=\"alignnone size-medium wp-image-5500\" src=\"https:\/\/lfv-oberholz.de\/cms\/wp-content\/uploads\/IMG-20180714-WA0018-300x225.jpg\" alt=\"IMG-20180714-WA0018\" width=\"300\" height=\"225\" srcset=\"https:\/\/lfv-oberholz.de\/cms\/wp-content\/uploads\/IMG-20180714-WA0018-300x225.jpg 300w, https:\/\/lfv-oberholz.de\/cms\/wp-content\/uploads\/IMG-20180714-WA0018-1024x768.jpg 1024w, https:\/\/lfv-oberholz.de\/cms\/wp-content\/uploads\/IMG-20180714-WA0018.jpg 1600w\" sizes=\"auto, (max-width: 300px) 100vw, 300px\" \/> <img loading=\"lazy\" decoding=\"async\" class=\"alignnone size-medium wp-image-5501\" src=\"https:\/\/lfv-oberholz.de\/cms\/wp-content\/uploads\/IMG-20180714-WA0019-169x300.jpg\" alt=\"IMG-20180714-WA0019\" width=\"169\" height=\"300\" srcset=\"https:\/\/lfv-oberholz.de\/cms\/wp-content\/uploads\/IMG-20180714-WA0019-169x300.jpg 169w, https:\/\/lfv-oberholz.de\/cms\/wp-content\/uploads\/IMG-20180714-WA0019-576x1024.jpg 576w, https:\/\/lfv-oberholz.de\/cms\/wp-content\/uploads\/IMG-20180714-WA0019.jpg 640w\" sizes=\"auto, (max-width: 169px) 100vw, 169px\" \/>\u00a0<img loading=\"lazy\" decoding=\"async\" class=\"alignnone size-medium wp-image-5511\" src=\"https:\/\/lfv-oberholz.de\/cms\/wp-content\/uploads\/IMG-20180714-WA0029-225x300.jpg\" alt=\"IMG-20180714-WA0029\" width=\"225\" height=\"300\" srcset=\"https:\/\/lfv-oberholz.de\/cms\/wp-content\/uploads\/IMG-20180714-WA0029-225x300.jpg 225w, https:\/\/lfv-oberholz.de\/cms\/wp-content\/uploads\/IMG-20180714-WA0029-768x1024.jpg 768w, https:\/\/lfv-oberholz.de\/cms\/wp-content\/uploads\/IMG-20180714-WA0029.jpg 1200w\" sizes=\"auto, (max-width: 225px) 100vw, 225px\" \/>\u00a0<img loading=\"lazy\" decoding=\"async\" class=\"alignnone size-medium wp-image-5510\" src=\"https:\/\/lfv-oberholz.de\/cms\/wp-content\/uploads\/IMG-20180714-WA0028-225x300.jpg\" alt=\"IMG-20180714-WA0028\" width=\"225\" height=\"300\" srcset=\"https:\/\/lfv-oberholz.de\/cms\/wp-content\/uploads\/IMG-20180714-WA0028-225x300.jpg 225w, https:\/\/lfv-oberholz.de\/cms\/wp-content\/uploads\/IMG-20180714-WA0028-768x1024.jpg 768w, https:\/\/lfv-oberholz.de\/cms\/wp-content\/uploads\/IMG-20180714-WA0028.jpg 1200w\" sizes=\"auto, (max-width: 225px) 100vw, 225px\" \/><img loading=\"lazy\" decoding=\"async\" class=\"alignnone size-medium wp-image-5513\" src=\"https:\/\/lfv-oberholz.de\/cms\/wp-content\/uploads\/IMG-20180714-WA0031-300x225.jpg\" alt=\"IMG-20180714-WA0031\" width=\"300\" height=\"225\" srcset=\"https:\/\/lfv-oberholz.de\/cms\/wp-content\/uploads\/IMG-20180714-WA0031-300x225.jpg 300w, https:\/\/lfv-oberholz.de\/cms\/wp-content\/uploads\/IMG-20180714-WA0031-1024x768.jpg 1024w, https:\/\/lfv-oberholz.de\/cms\/wp-content\/uploads\/IMG-20180714-WA0031.jpg 1600w\" sizes=\"auto, (max-width: 300px) 100vw, 300px\" \/> <img loading=\"lazy\" decoding=\"async\" class=\"alignnone size-medium wp-image-5505\" src=\"https:\/\/lfv-oberholz.de\/cms\/wp-content\/uploads\/IMG-20180714-WA0023-300x225.jpg\" alt=\"IMG-20180714-WA0023\" width=\"300\" height=\"225\" srcset=\"https:\/\/lfv-oberholz.de\/cms\/wp-content\/uploads\/IMG-20180714-WA0023-300x225.jpg 300w, https:\/\/lfv-oberholz.de\/cms\/wp-content\/uploads\/IMG-20180714-WA0023-1024x768.jpg 1024w, https:\/\/lfv-oberholz.de\/cms\/wp-content\/uploads\/IMG-20180714-WA0023.jpg 1600w\" sizes=\"auto, (max-width: 300px) 100vw, 300px\" \/> <img loading=\"lazy\" decoding=\"async\" class=\"alignnone size-medium wp-image-5508\" src=\"https:\/\/lfv-oberholz.de\/cms\/wp-content\/uploads\/IMG-20180714-WA0026-225x300.jpg\" alt=\"IMG-20180714-WA0026\" width=\"225\" height=\"300\" srcset=\"https:\/\/lfv-oberholz.de\/cms\/wp-content\/uploads\/IMG-20180714-WA0026-225x300.jpg 225w, https:\/\/lfv-oberholz.de\/cms\/wp-content\/uploads\/IMG-20180714-WA0026-768x1024.jpg 768w, https:\/\/lfv-oberholz.de\/cms\/wp-content\/uploads\/IMG-20180714-WA0026.jpg 1200w\" sizes=\"auto, (max-width: 225px) 100vw, 225px\" \/> <img loading=\"lazy\" decoding=\"async\" class=\"alignnone size-medium wp-image-5507\" src=\"https:\/\/lfv-oberholz.de\/cms\/wp-content\/uploads\/IMG-20180714-WA0025-225x300.jpg\" alt=\"IMG-20180714-WA0025\" width=\"225\" height=\"300\" srcset=\"https:\/\/lfv-oberholz.de\/cms\/wp-content\/uploads\/IMG-20180714-WA0025-225x300.jpg 225w, https:\/\/lfv-oberholz.de\/cms\/wp-content\/uploads\/IMG-20180714-WA0025-768x1024.jpg 768w, https:\/\/lfv-oberholz.de\/cms\/wp-content\/uploads\/IMG-20180714-WA0025.jpg 1200w\" sizes=\"auto, (max-width: 225px) 100vw, 225px\" \/> <img loading=\"lazy\" decoding=\"async\" class=\"alignnone size-medium wp-image-5506\" src=\"https:\/\/lfv-oberholz.de\/cms\/wp-content\/uploads\/IMG-20180714-WA0024-225x300.jpg\" alt=\"IMG-20180714-WA0024\" width=\"225\" height=\"300\" srcset=\"https:\/\/lfv-oberholz.de\/cms\/wp-content\/uploads\/IMG-20180714-WA0024-225x300.jpg 225w, https:\/\/lfv-oberholz.de\/cms\/wp-content\/uploads\/IMG-20180714-WA0024-768x1024.jpg 768w, https:\/\/lfv-oberholz.de\/cms\/wp-content\/uploads\/IMG-20180714-WA0024.jpg 1200w\" sizes=\"auto, (max-width: 225px) 100vw, 225px\" \/> <img loading=\"lazy\" decoding=\"async\" class=\"alignnone size-medium wp-image-5496\" src=\"https:\/\/lfv-oberholz.de\/cms\/wp-content\/uploads\/IMG-20180714-WA0014-169x300.jpg\" alt=\"IMG-20180714-WA0014\" width=\"169\" height=\"300\" srcset=\"https:\/\/lfv-oberholz.de\/cms\/wp-content\/uploads\/IMG-20180714-WA0014-169x300.jpg 169w, https:\/\/lfv-oberholz.de\/cms\/wp-content\/uploads\/IMG-20180714-WA0014-576x1024.jpg 576w, https:\/\/lfv-oberholz.de\/cms\/wp-content\/uploads\/IMG-20180714-WA0014.jpg 640w\" sizes=\"auto, (max-width: 169px) 100vw, 169px\" \/> <img loading=\"lazy\" decoding=\"async\" class=\"alignnone size-medium wp-image-5493\" src=\"https:\/\/lfv-oberholz.de\/cms\/wp-content\/uploads\/IMG-20180714-WA0011-169x300.jpg\" alt=\"IMG-20180714-WA0011\" width=\"169\" height=\"300\" srcset=\"https:\/\/lfv-oberholz.de\/cms\/wp-content\/uploads\/IMG-20180714-WA0011-169x300.jpg 169w, https:\/\/lfv-oberholz.de\/cms\/wp-content\/uploads\/IMG-20180714-WA0011-576x1024.jpg 576w, https:\/\/lfv-oberholz.de\/cms\/wp-content\/uploads\/IMG-20180714-WA0011.jpg 640w\" sizes=\"auto, (max-width: 169px) 100vw, 169px\" \/> <img loading=\"lazy\" decoding=\"async\" class=\"alignnone size-medium wp-image-5498\" src=\"https:\/\/lfv-oberholz.de\/cms\/wp-content\/uploads\/IMG-20180714-WA0016-225x300.jpg\" alt=\"IMG-20180714-WA0016\" width=\"225\" height=\"300\" srcset=\"https:\/\/lfv-oberholz.de\/cms\/wp-content\/uploads\/IMG-20180714-WA0016-225x300.jpg 225w, https:\/\/lfv-oberholz.de\/cms\/wp-content\/uploads\/IMG-20180714-WA0016-768x1024.jpg 768w, https:\/\/lfv-oberholz.de\/cms\/wp-content\/uploads\/IMG-20180714-WA0016.jpg 1200w\" sizes=\"auto, (max-width: 225px) 100vw, 225px\" \/> <img loading=\"lazy\" decoding=\"async\" class=\"alignnone size-medium wp-image-5499\" src=\"https:\/\/lfv-oberholz.de\/cms\/wp-content\/uploads\/IMG-20180714-WA0017-225x300.jpg\" alt=\"IMG-20180714-WA0017\" width=\"225\" height=\"300\" srcset=\"https:\/\/lfv-oberholz.de\/cms\/wp-content\/uploads\/IMG-20180714-WA0017-225x300.jpg 225w, https:\/\/lfv-oberholz.de\/cms\/wp-content\/uploads\/IMG-20180714-WA0017-768x1024.jpg 768w, https:\/\/lfv-oberholz.de\/cms\/wp-content\/uploads\/IMG-20180714-WA0017.jpg 1200w\" sizes=\"auto, (max-width: 225px) 100vw, 225px\" \/> <img loading=\"lazy\" decoding=\"async\" class=\"alignnone size-medium wp-image-5503\" src=\"https:\/\/lfv-oberholz.de\/cms\/wp-content\/uploads\/IMG-20180714-WA0021-169x300.jpg\" alt=\"IMG-20180714-WA0021\" width=\"169\" height=\"300\" srcset=\"https:\/\/lfv-oberholz.de\/cms\/wp-content\/uploads\/IMG-20180714-WA0021-169x300.jpg 169w, https:\/\/lfv-oberholz.de\/cms\/wp-content\/uploads\/IMG-20180714-WA0021-576x1024.jpg 576w, https:\/\/lfv-oberholz.de\/cms\/wp-content\/uploads\/IMG-20180714-WA0021.jpg 640w\" sizes=\"auto, (max-width: 169px) 100vw, 169px\" \/> <img loading=\"lazy\" decoding=\"async\" class=\"alignnone size-medium wp-image-5497\" src=\"https:\/\/lfv-oberholz.de\/cms\/wp-content\/uploads\/IMG-20180714-WA0015-225x300.jpg\" alt=\"IMG-20180714-WA0015\" width=\"225\" height=\"300\" srcset=\"https:\/\/lfv-oberholz.de\/cms\/wp-content\/uploads\/IMG-20180714-WA0015-225x300.jpg 225w, https:\/\/lfv-oberholz.de\/cms\/wp-content\/uploads\/IMG-20180714-WA0015-768x1024.jpg 768w, https:\/\/lfv-oberholz.de\/cms\/wp-content\/uploads\/IMG-20180714-WA0015.jpg 1200w\" sizes=\"auto, (max-width: 225px) 100vw, 225px\" \/> <img loading=\"lazy\" decoding=\"async\" class=\"alignnone size-medium wp-image-5504\" src=\"https:\/\/lfv-oberholz.de\/cms\/wp-content\/uploads\/IMG-20180714-WA0022-225x300.jpg\" alt=\"IMG-20180714-WA0022\" width=\"225\" height=\"300\" srcset=\"https:\/\/lfv-oberholz.de\/cms\/wp-content\/uploads\/IMG-20180714-WA0022-225x300.jpg 225w, https:\/\/lfv-oberholz.de\/cms\/wp-content\/uploads\/IMG-20180714-WA0022-768x1024.jpg 768w, https:\/\/lfv-oberholz.de\/cms\/wp-content\/uploads\/IMG-20180714-WA0022.jpg 1200w\" sizes=\"auto, (max-width: 225px) 100vw, 225px\" \/> <img loading=\"lazy\" decoding=\"async\" class=\"alignnone size-medium wp-image-5509\" src=\"https:\/\/lfv-oberholz.de\/cms\/wp-content\/uploads\/IMG-20180714-WA0027-225x300.jpg\" alt=\"IMG-20180714-WA0027\" width=\"225\" height=\"300\" srcset=\"https:\/\/lfv-oberholz.de\/cms\/wp-content\/uploads\/IMG-20180714-WA0027-225x300.jpg 225w, https:\/\/lfv-oberholz.de\/cms\/wp-content\/uploads\/IMG-20180714-WA0027-768x1024.jpg 768w, https:\/\/lfv-oberholz.de\/cms\/wp-content\/uploads\/IMG-20180714-WA0027.jpg 1200w\" sizes=\"auto, (max-width: 225px) 100vw, 225px\" \/><\/p>\n","protected":false},"excerpt":{"rendered":"<p>Stark zeigten sich unsere Triathlen auch an diesem Wochenende wieder. Diesmal waren einige Oberholzer beim Langdistanztriathlon im Niederfr\u00e4nkischen Roth aktiv. Heiko H\u00e4usler finishte hier zum dritten Mal als Einzelk\u00e4mpfer die kompletten drei Sommersportdisziplinen. Er machte den Sack, mit neuer, pers\u00f6nlichen &hellip; <a href=\"https:\/\/lfv-oberholz.de\/cms\/sechs-lfv-ler-bei-challenge-trithlon-in-roth\/\">Weiterlesen <span class=\"meta-nav\">&rarr;<\/span><\/a><\/p>\n","protected":false},"author":8,"featured_media":0,"comment_status":"closed","ping_status":"closed","sticky":false,"template":"","format":"standard","meta":{"pgc_sgb_lightbox_settings":"","footnotes":""},"categories":[9],"tags":[],"class_list":["post-5450","post","type-post","status-publish","format-standard","hentry","category-triathlon"],"_links":{"self":[{"href":"https:\/\/lfv-oberholz.de\/cms\/wp-json\/wp\/v2\/posts\/5450","targetHints":{"allow":["GET"]}}],"collection":[{"href":"https:\/\/lfv-oberholz.de\/cms\/wp-json\/wp\/v2\/posts"}],"about":[{"href":"https:\/\/lfv-oberholz.de\/cms\/wp-json\/wp\/v2\/types\/post"}],"author":[{"embeddable":true,"href":"https:\/\/lfv-oberholz.de\/cms\/wp-json\/wp\/v2\/users\/8"}],"replies":[{"embeddable":true,"href":"https:\/\/lfv-oberholz.de\/cms\/wp-json\/wp\/v2\/comments?post=5450"}],"version-history":[{"count":0,"href":"https:\/\/lfv-oberholz.de\/cms\/wp-json\/wp\/v2\/posts\/5450\/revisions"}],"wp:attachment":[{"href":"https:\/\/lfv-oberholz.de\/cms\/wp-json\/wp\/v2\/media?parent=5450"}],"wp:term":[{"taxonomy":"category","embeddable":true,"href":"https:\/\/lfv-oberholz.de\/cms\/wp-json\/wp\/v2\/categories?post=5450"},{"taxonomy":"post_tag","embeddable":true,"href":"https:\/\/lfv-oberholz.de\/cms\/wp-json\/wp\/v2\/tags?post=5450"}],"curies":[{"name":"wp","href":"https:\/\/api.w.org\/{rel}","templated":true}]}}