{"id":5890,"date":"2018-10-20T23:46:10","date_gmt":"2018-10-20T21:46:10","guid":{"rendered":"http:\/\/lfv-oberholz.de\/cms\/?p=5890"},"modified":"2018-11-16T01:26:42","modified_gmt":"2018-11-16T00:26:42","slug":"mdm-17-mitteldeutscher-marathon-am-14-oktober","status":"publish","type":"post","link":"https:\/\/lfv-oberholz.de\/cms\/mdm-17-mitteldeutscher-marathon-am-14-oktober\/","title":{"rendered":"MDM &#8211; 17. Mitteldeutscher Marathon am 14. Oktober"},"content":{"rendered":"<p>&#8211; von Albrecht H\u00e4u\u00dfler &#8211;<\/p>\n<p>Am vergangenen Sonntag nahm ich am Mitteldeutschen Marathon teil. Im Gegensatz zur Erstauflage vor 13 und mehr Jahren f\u00fchrt die Strecke weitgehend durch die Elster-Luppe-Aue und nicht mehr auf den parallel laufenden Stra\u00dfen entlang. Dies war auch de Anreiz f\u00fcr mich, an diesem Lauf teilzunehmen, zumal im Leipziger Nordwesten zwischen M\u00f6ckern und L\u00fctzschena damals mein Wohn- und Arbeitsort lag. \u00dcber die weitgehend flache Strecke erreichte ich 3:54:58. Dieser Zeit lag ein einigerma\u00dfen flottes Anfangstempo zugrunde. Bei Windstille lie\u00df sich gut laufen. Schmerzlich wurde <!--more-->der Weg aus dem Elstertal zur B 6 im Hallenser Osten. Meine Uhr zeigte zwar nur 20 Meter H\u00f6henunterschied auf ca. 6 Kilometern an, aber mein Lauftempo nahm bedrohlich ab. Dazu kam die mitt\u00e4gliche Sonne. Am Ende profitierte ich vom guten Anfangstempo. So erreichte ich zum ersten Mal seit vier Jahren eine Zeit unter vier Stunden auf der Marathonstrecke. Dar\u00fcber freue ich mich sehr und bin dennoch traurig, weil ich dieses Ergebnis wohl ein letztes Mal geschafft haben werde: mit dem zunehmenden Alter bin ich immer langsamer geworden; dazu werden die Bedingungen selten so optimal sein wie am vergangenen Sonntag, dem 14. Oktober 2018.<\/p>\n<p>Impressionen im Bild vermittelt ein kurzer Film \u00fcber <a href=\"https:\/\/www.youtube.com\/watch?v=-IrC8HxCdu8\">diesen Link<\/a>.<\/p>\n<p>Link zu den <a href=\"http:\/\/mdm.r.mikatiming.de\/2018\/\">Ergebnissen<\/a>.<\/p>\n<p>Marathon<br \/>\n3:54:58 h, <a href=\"https:\/\/lfv-oberholz.de\/cms\/athleten\/haeussler-albrecht\/\">Albrecht H\u00e4u\u00dfler<\/a>, 4. Platz AK M55, 95. Platz ges.<\/p>\n","protected":false},"excerpt":{"rendered":"<p>&#8211; von Albrecht H\u00e4u\u00dfler &#8211; Am vergangenen Sonntag nahm ich am Mitteldeutschen Marathon teil. Im Gegensatz zur Erstauflage vor 13 und mehr Jahren f\u00fchrt die Strecke weitgehend durch die Elster-Luppe-Aue und nicht mehr auf den parallel laufenden Stra\u00dfen entlang. Dies &hellip; <a href=\"https:\/\/lfv-oberholz.de\/cms\/mdm-17-mitteldeutscher-marathon-am-14-oktober\/\">Weiterlesen <span class=\"meta-nav\">&rarr;<\/span><\/a><\/p>\n","protected":false},"author":6,"featured_media":0,"comment_status":"closed","ping_status":"closed","sticky":false,"template":"","format":"standard","meta":{"pgc_sgb_lightbox_settings":"","footnotes":""},"categories":[5],"tags":[],"class_list":["post-5890","post","type-post","status-publish","format-standard","hentry","category-leichtathletik"],"_links":{"self":[{"href":"https:\/\/lfv-oberholz.de\/cms\/wp-json\/wp\/v2\/posts\/5890","targetHints":{"allow":["GET"]}}],"collection":[{"href":"https:\/\/lfv-oberholz.de\/cms\/wp-json\/wp\/v2\/posts"}],"about":[{"href":"https:\/\/lfv-oberholz.de\/cms\/wp-json\/wp\/v2\/types\/post"}],"author":[{"embeddable":true,"href":"https:\/\/lfv-oberholz.de\/cms\/wp-json\/wp\/v2\/users\/6"}],"replies":[{"embeddable":true,"href":"https:\/\/lfv-oberholz.de\/cms\/wp-json\/wp\/v2\/comments?post=5890"}],"version-history":[{"count":0,"href":"https:\/\/lfv-oberholz.de\/cms\/wp-json\/wp\/v2\/posts\/5890\/revisions"}],"wp:attachment":[{"href":"https:\/\/lfv-oberholz.de\/cms\/wp-json\/wp\/v2\/media?parent=5890"}],"wp:term":[{"taxonomy":"category","embeddable":true,"href":"https:\/\/lfv-oberholz.de\/cms\/wp-json\/wp\/v2\/categories?post=5890"},{"taxonomy":"post_tag","embeddable":true,"href":"https:\/\/lfv-oberholz.de\/cms\/wp-json\/wp\/v2\/tags?post=5890"}],"curies":[{"name":"wp","href":"https:\/\/api.w.org\/{rel}","templated":true}]}}