{"id":5929,"date":"2018-11-17T11:39:56","date_gmt":"2018-11-17T10:39:56","guid":{"rendered":"http:\/\/lfv-oberholz.de\/cms\/?p=5929"},"modified":"2018-11-30T11:40:46","modified_gmt":"2018-11-30T10:40:46","slug":"ina-am-11-11-beim-240-heidelauf","status":"publish","type":"post","link":"https:\/\/lfv-oberholz.de\/cms\/ina-am-11-11-beim-240-heidelauf\/","title":{"rendered":"Ina am 11.11. beim 240. Heidelauf"},"content":{"rendered":"<p>Nur Ina Uebersch\u00e4r vertrat am 11.11. den LFV Oberholz beim Heidelauf in Halle Nietleben. Vom Naturbad des Heidesee aus, f\u00fchrte die Laufstrecke als 5 km Rundkurs durch die D\u00f6lauer Heide. Ina entschied sich f\u00fcr eine Runde und absolvierte, gemeinsam mit weit \u00fcber 400 weiteren Teilnehmern, den 5 km Lauf. Daf\u00fcr ben\u00f6tigte sie 37:21 min und belegte den\u00a03. Platz in der Altersklasse W65. Insgesamt reichte ihre Laufzeit f\u00fcr Rang 386.<\/p>\n","protected":false},"excerpt":{"rendered":"<p>Nur Ina Uebersch\u00e4r vertrat am 11.11. den LFV Oberholz beim Heidelauf in Halle Nietleben. Vom Naturbad des Heidesee aus, f\u00fchrte die Laufstrecke als 5 km Rundkurs durch die D\u00f6lauer Heide. Ina entschied sich f\u00fcr eine Runde und absolvierte, gemeinsam mit &hellip; <a href=\"https:\/\/lfv-oberholz.de\/cms\/ina-am-11-11-beim-240-heidelauf\/\">Weiterlesen <span class=\"meta-nav\">&rarr;<\/span><\/a><\/p>\n","protected":false},"author":8,"featured_media":0,"comment_status":"closed","ping_status":"closed","sticky":false,"template":"","format":"standard","meta":{"pgc_sgb_lightbox_settings":"","footnotes":""},"categories":[5],"tags":[],"class_list":["post-5929","post","type-post","status-publish","format-standard","hentry","category-leichtathletik"],"_links":{"self":[{"href":"https:\/\/lfv-oberholz.de\/cms\/wp-json\/wp\/v2\/posts\/5929","targetHints":{"allow":["GET"]}}],"collection":[{"href":"https:\/\/lfv-oberholz.de\/cms\/wp-json\/wp\/v2\/posts"}],"about":[{"href":"https:\/\/lfv-oberholz.de\/cms\/wp-json\/wp\/v2\/types\/post"}],"author":[{"embeddable":true,"href":"https:\/\/lfv-oberholz.de\/cms\/wp-json\/wp\/v2\/users\/8"}],"replies":[{"embeddable":true,"href":"https:\/\/lfv-oberholz.de\/cms\/wp-json\/wp\/v2\/comments?post=5929"}],"version-history":[{"count":0,"href":"https:\/\/lfv-oberholz.de\/cms\/wp-json\/wp\/v2\/posts\/5929\/revisions"}],"wp:attachment":[{"href":"https:\/\/lfv-oberholz.de\/cms\/wp-json\/wp\/v2\/media?parent=5929"}],"wp:term":[{"taxonomy":"category","embeddable":true,"href":"https:\/\/lfv-oberholz.de\/cms\/wp-json\/wp\/v2\/categories?post=5929"},{"taxonomy":"post_tag","embeddable":true,"href":"https:\/\/lfv-oberholz.de\/cms\/wp-json\/wp\/v2\/tags?post=5929"}],"curies":[{"name":"wp","href":"https:\/\/api.w.org\/{rel}","templated":true}]}}